{"id":10670,"date":"2026-06-24T11:25:52","date_gmt":"2026-06-24T11:25:52","guid":{"rendered":"https:\/\/azuaalinstante.com\/?p=10670"},"modified":"2026-06-24T11:25:53","modified_gmt":"2026-06-24T11:25:53","slug":"rafael-devers-pide-disculpas-al-manager-vitello-tras-estallido-en-el-doguot","status":"publish","type":"post","link":"https:\/\/azuaalinstante.com\/index.php\/2026\/06\/24\/rafael-devers-pide-disculpas-al-manager-vitello-tras-estallido-en-el-doguot\/","title":{"rendered":"Rafael Devers pide disculpas al manager Vitello tras estallido en el doguot"},"content":{"rendered":"\n<h2 class=\"wp-block-heading\">Vitello envi\u00f3 a Jonah Cox al campo para que fuera corredor emergente. Devers claramente desestim\u00f3 a Cox y luego cabece\u00f3 enfadado hacia el banquillo.<\/h2>\n\n\n\n<ul class=\"wp-block-list\">\n<li><\/li>\n<\/ul>\n\n\n\n<figure class=\"wp-block-image\"><img decoding=\"async\" src=\"https:\/\/listindiario.com\/files\/vertical_main_image\/uploads\/2026\/06\/24\/6a3bb8f1af361.webp\" alt=\"Rafael Devers, de los Gigantes, es felicitado en el dugout tras pegar un jonr\u00f3n contra los Marlins, el 19 de junio del 2026, en Miami.\"\/><figcaption class=\"wp-element-caption\">Rafael Devers, de los Gigantes, es felicitado en el dugout tras pegar un jonr\u00f3n contra los Marlins, el 19 de junio del 2026, en Miami.ap<\/figcaption><\/figure>\n\n\n\n<p class=\"wp-block-paragraph\">Rafael Devers volvi\u00f3 a la alineaci\u00f3n titular de los Gigantes de San Francisco el martes por la noche tras disculparse con el m\u00e1nager Tony Vitello por un \"malentendido\" que hizo que el primera base irrumpiera en el banquillo el domingo.<\/p>\n","protected":false},"excerpt":{"rendered":"<p>Vitello envi\u00f3 a Jonah Cox al campo para que fuera corredor emergente. Devers claramente desestim\u00f3 a Cox y luego cabece\u00f3 enfadado hacia el banquillo. Rafael Devers volvi\u00f3 a la alineaci\u00f3n titular de los Gigantes de San Francisco el martes por la noche tras disculparse con el m\u00e1nager Tony Vitello por un \"malentendido\" que hizo que [&hellip;]<\/p>\n","protected":false},"author":2,"featured_media":0,"comment_status":"open","ping_status":"open","sticky":false,"template":"","format":"standard","meta":{"_monsterinsights_skip_tracking":false,"footnotes":""},"categories":[1],"tags":[],"class_list":["post-10670","post","type-post","status-publish","format-standard","hentry","category-uncategorized"],"aioseo_notices":[],"aioseo_head":"\n\t\t<!-- All in One SEO 4.9.10 - aioseo.com -->\n\t<meta name=\"description\" content=\"Vitello envi\u00f3 a Jonah Cox al campo para que fuera corredor emergente. Devers claramente desestim\u00f3 a Cox y luego cabece\u00f3 enfadado hacia el banquillo. Rafael Devers volvi\u00f3 a la alineaci\u00f3n titular de los Gigantes de San Francisco el martes por la noche tras disculparse con el m\u00e1nager Tony Vitello por un &quot;malentendido&quot; que hizo que\" \/>\n\t<meta name=\"robots\" content=\"max-image-preview:large\" \/>\n\t<meta name=\"author\" content=\"Redacci\u00f3n\"\/>\n\t<link rel=\"canonical\" href=\"https:\/\/azuaalinstante.com\/index.php\/2026\/06\/24\/rafael-devers-pide-disculpas-al-manager-vitello-tras-estallido-en-el-doguot\/\" \/>\n\t<meta name=\"generator\" content=\"All in One SEO (AIOSEO) 4.9.10\" \/>\n\t\t<meta property=\"og:locale\" content=\"es_ES\" \/>\n\t\t<meta property=\"og:site_name\" content=\"AZUA AL INSTANTE - SIEMPRE DETR\u00c1S DE LA NOTICIA!\" \/>\n\t\t<meta property=\"og:type\" content=\"article\" \/>\n\t\t<meta property=\"og:title\" content=\"Rafael Devers pide disculpas al manager Vitello tras estallido en el doguot - AZUA AL INSTANTE\" \/>\n\t\t<meta property=\"og:description\" content=\"Vitello envi\u00f3 a Jonah Cox al campo para que fuera corredor emergente. Devers claramente desestim\u00f3 a Cox y luego cabece\u00f3 enfadado hacia el banquillo. Rafael Devers volvi\u00f3 a la alineaci\u00f3n titular de los Gigantes de San Francisco el martes por la noche tras disculparse con el m\u00e1nager Tony Vitello por un &quot;malentendido&quot; que hizo que\" \/>\n\t\t<meta property=\"og:url\" content=\"https:\/\/azuaalinstante.com\/index.php\/2026\/06\/24\/rafael-devers-pide-disculpas-al-manager-vitello-tras-estallido-en-el-doguot\/\" \/>\n\t\t<meta property=\"article:published_time\" content=\"2026-06-24T11:25:52+00:00\" \/>\n\t\t<meta property=\"article:modified_time\" content=\"2026-06-24T11:25:53+00:00\" \/>\n\t\t<meta name=\"twitter:card\" content=\"summary_large_image\" \/>\n\t\t<meta name=\"twitter:title\" content=\"Rafael Devers pide disculpas al manager Vitello tras estallido en el doguot - AZUA AL INSTANTE\" \/>\n\t\t<meta name=\"twitter:description\" content=\"Vitello envi\u00f3 a Jonah Cox al campo para que fuera corredor emergente. Devers claramente desestim\u00f3 a Cox y luego cabece\u00f3 enfadado hacia el banquillo. Rafael Devers volvi\u00f3 a la alineaci\u00f3n titular de los Gigantes de San Francisco el martes por la noche tras disculparse con el m\u00e1nager Tony Vitello por un &quot;malentendido&quot; que hizo que\" \/>\n\t\t<script type=\"application\/ld+json\" class=\"aioseo-schema\">\n\t\t\t{\"@context\":\"https:\\\/\\\/schema.org\",\"@graph\":[{\"@type\":\"BlogPosting\",\"@id\":\"https:\\\/\\\/azuaalinstante.com\\\/index.php\\\/2026\\\/06\\\/24\\\/rafael-devers-pide-disculpas-al-manager-vitello-tras-estallido-en-el-doguot\\\/#blogposting\",\"name\":\"Rafael Devers pide disculpas al manager Vitello tras estallido en el doguot - AZUA AL INSTANTE\",\"headline\":\"Rafael Devers pide disculpas al manager Vitello tras estallido en el doguot\",\"author\":{\"@id\":\"https:\\\/\\\/azuaalinstante.com\\\/index.php\\\/author\\\/redaccion\\\/#author\"},\"publisher\":{\"@id\":\"https:\\\/\\\/azuaalinstante.com\\\/#organization\"},\"image\":{\"@type\":\"ImageObject\",\"url\":\"https:\\\/\\\/listindiario.com\\\/files\\\/vertical_main_image\\\/uploads\\\/2026\\\/06\\\/24\\\/6a3bb8f1af361.webp\",\"@id\":\"https:\\\/\\\/azuaalinstante.com\\\/index.php\\\/2026\\\/06\\\/24\\\/rafael-devers-pide-disculpas-al-manager-vitello-tras-estallido-en-el-doguot\\\/#articleImage\"},\"datePublished\":\"2026-06-24T11:25:52+00:00\",\"dateModified\":\"2026-06-24T11:25:53+00:00\",\"inLanguage\":\"es-DO\",\"mainEntityOfPage\":{\"@id\":\"https:\\\/\\\/azuaalinstante.com\\\/index.php\\\/2026\\\/06\\\/24\\\/rafael-devers-pide-disculpas-al-manager-vitello-tras-estallido-en-el-doguot\\\/#webpage\"},\"isPartOf\":{\"@id\":\"https:\\\/\\\/azuaalinstante.com\\\/index.php\\\/2026\\\/06\\\/24\\\/rafael-devers-pide-disculpas-al-manager-vitello-tras-estallido-en-el-doguot\\\/#webpage\"},\"articleSection\":\"Deporte\"},{\"@type\":\"BreadcrumbList\",\"@id\":\"https:\\\/\\\/azuaalinstante.com\\\/index.php\\\/2026\\\/06\\\/24\\\/rafael-devers-pide-disculpas-al-manager-vitello-tras-estallido-en-el-doguot\\\/#breadcrumblist\",\"itemListElement\":[{\"@type\":\"ListItem\",\"@id\":\"https:\\\/\\\/azuaalinstante.com#listItem\",\"position\":1,\"name\":\"Home\",\"item\":\"https:\\\/\\\/azuaalinstante.com\",\"nextItem\":{\"@type\":\"ListItem\",\"@id\":\"https:\\\/\\\/azuaalinstante.com\\\/index.php\\\/category\\\/deportes\\\/#listItem\",\"name\":\"Deportes\"}},{\"@type\":\"ListItem\",\"@id\":\"https:\\\/\\\/azuaalinstante.com\\\/index.php\\\/category\\\/deportes\\\/#listItem\",\"position\":2,\"name\":\"Deportes\",\"item\":\"https:\\\/\\\/azuaalinstante.com\\\/index.php\\\/category\\\/deportes\\\/\",\"nextItem\":{\"@type\":\"ListItem\",\"@id\":\"https:\\\/\\\/azuaalinstante.com\\\/index.php\\\/category\\\/deportes\\\/uncategorized\\\/#listItem\",\"name\":\"Deporte\"},\"previousItem\":{\"@type\":\"ListItem\",\"@id\":\"https:\\\/\\\/azuaalinstante.com#listItem\",\"name\":\"Home\"}},{\"@type\":\"ListItem\",\"@id\":\"https:\\\/\\\/azuaalinstante.com\\\/index.php\\\/category\\\/deportes\\\/uncategorized\\\/#listItem\",\"position\":3,\"name\":\"Deporte\",\"item\":\"https:\\\/\\\/azuaalinstante.com\\\/index.php\\\/category\\\/deportes\\\/uncategorized\\\/\",\"nextItem\":{\"@type\":\"ListItem\",\"@id\":\"https:\\\/\\\/azuaalinstante.com\\\/index.php\\\/2026\\\/06\\\/24\\\/rafael-devers-pide-disculpas-al-manager-vitello-tras-estallido-en-el-doguot\\\/#listItem\",\"name\":\"Rafael Devers pide disculpas al manager Vitello tras estallido en el doguot\"},\"previousItem\":{\"@type\":\"ListItem\",\"@id\":\"https:\\\/\\\/azuaalinstante.com\\\/index.php\\\/category\\\/deportes\\\/#listItem\",\"name\":\"Deportes\"}},{\"@type\":\"ListItem\",\"@id\":\"https:\\\/\\\/azuaalinstante.com\\\/index.php\\\/2026\\\/06\\\/24\\\/rafael-devers-pide-disculpas-al-manager-vitello-tras-estallido-en-el-doguot\\\/#listItem\",\"position\":4,\"name\":\"Rafael Devers pide disculpas al manager Vitello tras estallido en el doguot\",\"previousItem\":{\"@type\":\"ListItem\",\"@id\":\"https:\\\/\\\/azuaalinstante.com\\\/index.php\\\/category\\\/deportes\\\/uncategorized\\\/#listItem\",\"name\":\"Deporte\"}}]},{\"@type\":\"Organization\",\"@id\":\"https:\\\/\\\/azuaalinstante.com\\\/#organization\",\"name\":\"AZUA AL INSTANTE\",\"description\":\"SIEMPRE DETR\\u00c1S DE LA NOTICIA!\",\"url\":\"https:\\\/\\\/azuaalinstante.com\\\/\"},{\"@type\":\"Person\",\"@id\":\"https:\\\/\\\/azuaalinstante.com\\\/index.php\\\/author\\\/redaccion\\\/#author\",\"url\":\"https:\\\/\\\/azuaalinstante.com\\\/index.php\\\/author\\\/redaccion\\\/\",\"name\":\"Redacci\\u00f3n\",\"image\":{\"@type\":\"ImageObject\",\"@id\":\"https:\\\/\\\/azuaalinstante.com\\\/index.php\\\/2026\\\/06\\\/24\\\/rafael-devers-pide-disculpas-al-manager-vitello-tras-estallido-en-el-doguot\\\/#authorImage\",\"url\":\"https:\\\/\\\/secure.gravatar.com\\\/avatar\\\/d68b136e956cb2c839632b9025c3df5f0812f547e1ff3ca13ce11a5b13bf209c?s=96&d=mm&r=g\",\"width\":96,\"height\":96,\"caption\":\"Redacci\\u00f3n\"}},{\"@type\":\"WebPage\",\"@id\":\"https:\\\/\\\/azuaalinstante.com\\\/index.php\\\/2026\\\/06\\\/24\\\/rafael-devers-pide-disculpas-al-manager-vitello-tras-estallido-en-el-doguot\\\/#webpage\",\"url\":\"https:\\\/\\\/azuaalinstante.com\\\/index.php\\\/2026\\\/06\\\/24\\\/rafael-devers-pide-disculpas-al-manager-vitello-tras-estallido-en-el-doguot\\\/\",\"name\":\"Rafael Devers pide disculpas al manager Vitello tras estallido en el doguot - AZUA AL INSTANTE\",\"description\":\"Vitello envi\\u00f3 a Jonah Cox al campo para que fuera corredor emergente. Devers claramente desestim\\u00f3 a Cox y luego cabece\\u00f3 enfadado hacia el banquillo. Rafael Devers volvi\\u00f3 a la alineaci\\u00f3n titular de los Gigantes de San Francisco el martes por la noche tras disculparse con el m\\u00e1nager Tony Vitello por un \\\"malentendido\\\" que hizo que\",\"inLanguage\":\"es-DO\",\"isPartOf\":{\"@id\":\"https:\\\/\\\/azuaalinstante.com\\\/#website\"},\"breadcrumb\":{\"@id\":\"https:\\\/\\\/azuaalinstante.com\\\/index.php\\\/2026\\\/06\\\/24\\\/rafael-devers-pide-disculpas-al-manager-vitello-tras-estallido-en-el-doguot\\\/#breadcrumblist\"},\"author\":{\"@id\":\"https:\\\/\\\/azuaalinstante.com\\\/index.php\\\/author\\\/redaccion\\\/#author\"},\"creator\":{\"@id\":\"https:\\\/\\\/azuaalinstante.com\\\/index.php\\\/author\\\/redaccion\\\/#author\"},\"datePublished\":\"2026-06-24T11:25:52+00:00\",\"dateModified\":\"2026-06-24T11:25:53+00:00\"},{\"@type\":\"WebSite\",\"@id\":\"https:\\\/\\\/azuaalinstante.com\\\/#website\",\"url\":\"https:\\\/\\\/azuaalinstante.com\\\/\",\"name\":\"AZUA AL INSTANTE\",\"description\":\"SIEMPRE DETR\\u00c1S DE LA NOTICIA!\",\"inLanguage\":\"es-DO\",\"publisher\":{\"@id\":\"https:\\\/\\\/azuaalinstante.com\\\/#organization\"}}]}\n\t\t<\/script>\n\t\t<!-- All in One SEO -->\n\n","aioseo_head_json":{"title":"Rafael Devers pide disculpas al manager Vitello tras estallido en el doguot - AZUA AL INSTANTE","description":"Vitello envi\u00f3 a Jonah Cox al campo para que fuera corredor emergente. Devers claramente desestim\u00f3 a Cox y luego cabece\u00f3 enfadado hacia el banquillo. Rafael Devers volvi\u00f3 a la alineaci\u00f3n titular de los Gigantes de San Francisco el martes por la noche tras disculparse con el m\u00e1nager Tony Vitello por un \"malentendido\" que hizo que","canonical_url":"https:\/\/azuaalinstante.com\/index.php\/2026\/06\/24\/rafael-devers-pide-disculpas-al-manager-vitello-tras-estallido-en-el-doguot\/","robots":"max-image-preview:large","keywords":"","webmasterTools":{"miscellaneous":""},"schema":{"@context":"https:\/\/schema.org","@graph":[{"@type":"BlogPosting","@id":"https:\/\/azuaalinstante.com\/index.php\/2026\/06\/24\/rafael-devers-pide-disculpas-al-manager-vitello-tras-estallido-en-el-doguot\/#blogposting","name":"Rafael Devers pide disculpas al manager Vitello tras estallido en el doguot - AZUA AL INSTANTE","headline":"Rafael Devers pide disculpas al manager Vitello tras estallido en el doguot","author":{"@id":"https:\/\/azuaalinstante.com\/index.php\/author\/redaccion\/#author"},"publisher":{"@id":"https:\/\/azuaalinstante.com\/#organization"},"image":{"@type":"ImageObject","url":"https:\/\/listindiario.com\/files\/vertical_main_image\/uploads\/2026\/06\/24\/6a3bb8f1af361.webp","@id":"https:\/\/azuaalinstante.com\/index.php\/2026\/06\/24\/rafael-devers-pide-disculpas-al-manager-vitello-tras-estallido-en-el-doguot\/#articleImage"},"datePublished":"2026-06-24T11:25:52+00:00","dateModified":"2026-06-24T11:25:53+00:00","inLanguage":"es-DO","mainEntityOfPage":{"@id":"https:\/\/azuaalinstante.com\/index.php\/2026\/06\/24\/rafael-devers-pide-disculpas-al-manager-vitello-tras-estallido-en-el-doguot\/#webpage"},"isPartOf":{"@id":"https:\/\/azuaalinstante.com\/index.php\/2026\/06\/24\/rafael-devers-pide-disculpas-al-manager-vitello-tras-estallido-en-el-doguot\/#webpage"},"articleSection":"Deporte"},{"@type":"BreadcrumbList","@id":"https:\/\/azuaalinstante.com\/index.php\/2026\/06\/24\/rafael-devers-pide-disculpas-al-manager-vitello-tras-estallido-en-el-doguot\/#breadcrumblist","itemListElement":[{"@type":"ListItem","@id":"https:\/\/azuaalinstante.com#listItem","position":1,"name":"Home","item":"https:\/\/azuaalinstante.com","nextItem":{"@type":"ListItem","@id":"https:\/\/azuaalinstante.com\/index.php\/category\/deportes\/#listItem","name":"Deportes"}},{"@type":"ListItem","@id":"https:\/\/azuaalinstante.com\/index.php\/category\/deportes\/#listItem","position":2,"name":"Deportes","item":"https:\/\/azuaalinstante.com\/index.php\/category\/deportes\/","nextItem":{"@type":"ListItem","@id":"https:\/\/azuaalinstante.com\/index.php\/category\/deportes\/uncategorized\/#listItem","name":"Deporte"},"previousItem":{"@type":"ListItem","@id":"https:\/\/azuaalinstante.com#listItem","name":"Home"}},{"@type":"ListItem","@id":"https:\/\/azuaalinstante.com\/index.php\/category\/deportes\/uncategorized\/#listItem","position":3,"name":"Deporte","item":"https:\/\/azuaalinstante.com\/index.php\/category\/deportes\/uncategorized\/","nextItem":{"@type":"ListItem","@id":"https:\/\/azuaalinstante.com\/index.php\/2026\/06\/24\/rafael-devers-pide-disculpas-al-manager-vitello-tras-estallido-en-el-doguot\/#listItem","name":"Rafael Devers pide disculpas al manager Vitello tras estallido en el doguot"},"previousItem":{"@type":"ListItem","@id":"https:\/\/azuaalinstante.com\/index.php\/category\/deportes\/#listItem","name":"Deportes"}},{"@type":"ListItem","@id":"https:\/\/azuaalinstante.com\/index.php\/2026\/06\/24\/rafael-devers-pide-disculpas-al-manager-vitello-tras-estallido-en-el-doguot\/#listItem","position":4,"name":"Rafael Devers pide disculpas al manager Vitello tras estallido en el doguot","previousItem":{"@type":"ListItem","@id":"https:\/\/azuaalinstante.com\/index.php\/category\/deportes\/uncategorized\/#listItem","name":"Deporte"}}]},{"@type":"Organization","@id":"https:\/\/azuaalinstante.com\/#organization","name":"AZUA AL INSTANTE","description":"SIEMPRE DETR\u00c1S DE LA NOTICIA!","url":"https:\/\/azuaalinstante.com\/"},{"@type":"Person","@id":"https:\/\/azuaalinstante.com\/index.php\/author\/redaccion\/#author","url":"https:\/\/azuaalinstante.com\/index.php\/author\/redaccion\/","name":"Redacci\u00f3n","image":{"@type":"ImageObject","@id":"https:\/\/azuaalinstante.com\/index.php\/2026\/06\/24\/rafael-devers-pide-disculpas-al-manager-vitello-tras-estallido-en-el-doguot\/#authorImage","url":"https:\/\/secure.gravatar.com\/avatar\/d68b136e956cb2c839632b9025c3df5f0812f547e1ff3ca13ce11a5b13bf209c?s=96&d=mm&r=g","width":96,"height":96,"caption":"Redacci\u00f3n"}},{"@type":"WebPage","@id":"https:\/\/azuaalinstante.com\/index.php\/2026\/06\/24\/rafael-devers-pide-disculpas-al-manager-vitello-tras-estallido-en-el-doguot\/#webpage","url":"https:\/\/azuaalinstante.com\/index.php\/2026\/06\/24\/rafael-devers-pide-disculpas-al-manager-vitello-tras-estallido-en-el-doguot\/","name":"Rafael Devers pide disculpas al manager Vitello tras estallido en el doguot - AZUA AL INSTANTE","description":"Vitello envi\u00f3 a Jonah Cox al campo para que fuera corredor emergente. Devers claramente desestim\u00f3 a Cox y luego cabece\u00f3 enfadado hacia el banquillo. Rafael Devers volvi\u00f3 a la alineaci\u00f3n titular de los Gigantes de San Francisco el martes por la noche tras disculparse con el m\u00e1nager Tony Vitello por un \"malentendido\" que hizo que","inLanguage":"es-DO","isPartOf":{"@id":"https:\/\/azuaalinstante.com\/#website"},"breadcrumb":{"@id":"https:\/\/azuaalinstante.com\/index.php\/2026\/06\/24\/rafael-devers-pide-disculpas-al-manager-vitello-tras-estallido-en-el-doguot\/#breadcrumblist"},"author":{"@id":"https:\/\/azuaalinstante.com\/index.php\/author\/redaccion\/#author"},"creator":{"@id":"https:\/\/azuaalinstante.com\/index.php\/author\/redaccion\/#author"},"datePublished":"2026-06-24T11:25:52+00:00","dateModified":"2026-06-24T11:25:53+00:00"},{"@type":"WebSite","@id":"https:\/\/azuaalinstante.com\/#website","url":"https:\/\/azuaalinstante.com\/","name":"AZUA AL INSTANTE","description":"SIEMPRE DETR\u00c1S DE LA NOTICIA!","inLanguage":"es-DO","publisher":{"@id":"https:\/\/azuaalinstante.com\/#organization"}}]},"og:locale":"es_ES","og:site_name":"AZUA AL INSTANTE - SIEMPRE DETR\u00c1S DE LA NOTICIA!","og:type":"article","og:title":"Rafael Devers pide disculpas al manager Vitello tras estallido en el doguot - AZUA AL INSTANTE","og:description":"Vitello envi\u00f3 a Jonah Cox al campo para que fuera corredor emergente. Devers claramente desestim\u00f3 a Cox y luego cabece\u00f3 enfadado hacia el banquillo. Rafael Devers volvi\u00f3 a la alineaci\u00f3n titular de los Gigantes de San Francisco el martes por la noche tras disculparse con el m\u00e1nager Tony Vitello por un &quot;malentendido&quot; que hizo que","og:url":"https:\/\/azuaalinstante.com\/index.php\/2026\/06\/24\/rafael-devers-pide-disculpas-al-manager-vitello-tras-estallido-en-el-doguot\/","article:published_time":"2026-06-24T11:25:52+00:00","article:modified_time":"2026-06-24T11:25:53+00:00","twitter:card":"summary_large_image","twitter:title":"Rafael Devers pide disculpas al manager Vitello tras estallido en el doguot - AZUA AL INSTANTE","twitter:description":"Vitello envi\u00f3 a Jonah Cox al campo para que fuera corredor emergente. Devers claramente desestim\u00f3 a Cox y luego cabece\u00f3 enfadado hacia el banquillo. Rafael Devers volvi\u00f3 a la alineaci\u00f3n titular de los Gigantes de San Francisco el martes por la noche tras disculparse con el m\u00e1nager Tony Vitello por un &quot;malentendido&quot; que hizo que"},"aioseo_meta_data":{"post_id":"10670","title":null,"description":null,"keywords":null,"keyphrases":{"focus":{"keyphrase":"","score":0,"analysis":{"keyphraseInTitle":{"score":0,"maxScore":9,"error":1}}},"additional":[]},"primary_term":null,"canonical_url":null,"og_title":null,"og_description":null,"og_object_type":"default","og_image_type":"default","og_image_url":null,"og_image_width":null,"og_image_height":null,"og_image_custom_url":null,"og_image_custom_fields":null,"og_video":"","og_custom_url":null,"og_article_section":null,"og_article_tags":null,"twitter_use_og":false,"twitter_card":"default","twitter_image_type":"default","twitter_image_url":null,"twitter_image_custom_url":null,"twitter_image_custom_fields":null,"twitter_title":null,"twitter_description":null,"schema":{"blockGraphs":[],"customGraphs":[],"default":{"data":{"Article":[],"Course":[],"Dataset":[],"FAQPage":[],"Movie":[],"Person":[],"Product":[],"ProductReview":[],"Car":[],"Recipe":[],"Service":[],"SoftwareApplication":[],"WebPage":[]},"graphName":"BlogPosting","isEnabled":true},"graphs":[]},"schema_type":"default","schema_type_options":null,"pillar_content":false,"robots_default":true,"robots_noindex":false,"robots_noarchive":false,"robots_nosnippet":false,"robots_nofollow":false,"robots_noimageindex":false,"robots_noodp":false,"robots_notranslate":false,"robots_max_snippet":"-1","robots_max_videopreview":"-1","robots_max_imagepreview":"large","priority":null,"frequency":"default","local_seo":null,"breadcrumb_settings":null,"limit_modified_date":false,"ai":{"faqs":[],"keyPoints":[],"titles":[],"descriptions":[],"socialPosts":{"email":[],"linkedin":[],"twitter":[],"facebook":[],"instagram":[]}},"created":"2026-06-24 11:25:53","updated":"2026-06-24 11:26:43","seo_analyzer_scan_date":null},"aioseo_breadcrumb":"<div class=\"aioseo-breadcrumbs\"><span class=\"aioseo-breadcrumb\">\n\t\t\t<a href=\"https:\/\/azuaalinstante.com\" title=\"Home\">Home<\/a>\n\t\t<\/span><span class=\"aioseo-breadcrumb-separator\">&raquo;<\/span><span class=\"aioseo-breadcrumb\">\n\t\t\t<a href=\"https:\/\/azuaalinstante.com\/index.php\/category\/deportes\/\" title=\"Deportes\">Deportes<\/a>\n\t\t<\/span><span class=\"aioseo-breadcrumb-separator\">&raquo;<\/span><span class=\"aioseo-breadcrumb\">\n\t\t\t<a href=\"https:\/\/azuaalinstante.com\/index.php\/category\/deportes\/uncategorized\/\" title=\"Deporte\">Deporte<\/a>\n\t\t<\/span><span class=\"aioseo-breadcrumb-separator\">&raquo;<\/span><span class=\"aioseo-breadcrumb\">\n\t\t\tRafael Devers pide disculpas al manager Vitello tras estallido en el doguot\n\t\t<\/span><\/div>","aioseo_breadcrumb_json":[{"label":"Home","link":"https:\/\/azuaalinstante.com"},{"label":"Deportes","link":"https:\/\/azuaalinstante.com\/index.php\/category\/deportes\/"},{"label":"Deporte","link":"https:\/\/azuaalinstante.com\/index.php\/category\/deportes\/uncategorized\/"},{"label":"Rafael Devers pide disculpas al manager Vitello tras estallido en el doguot","link":"https:\/\/azuaalinstante.com\/index.php\/2026\/06\/24\/rafael-devers-pide-disculpas-al-manager-vitello-tras-estallido-en-el-doguot\/"}],"_links":{"self":[{"href":"https:\/\/azuaalinstante.com\/index.php\/wp-json\/wp\/v2\/posts\/10670","targetHints":{"allow":["GET"]}}],"collection":[{"href":"https:\/\/azuaalinstante.com\/index.php\/wp-json\/wp\/v2\/posts"}],"about":[{"href":"https:\/\/azuaalinstante.com\/index.php\/wp-json\/wp\/v2\/types\/post"}],"author":[{"embeddable":true,"href":"https:\/\/azuaalinstante.com\/index.php\/wp-json\/wp\/v2\/users\/2"}],"replies":[{"embeddable":true,"href":"https:\/\/azuaalinstante.com\/index.php\/wp-json\/wp\/v2\/comments?post=10670"}],"version-history":[{"count":1,"href":"https:\/\/azuaalinstante.com\/index.php\/wp-json\/wp\/v2\/posts\/10670\/revisions"}],"predecessor-version":[{"id":10671,"href":"https:\/\/azuaalinstante.com\/index.php\/wp-json\/wp\/v2\/posts\/10670\/revisions\/10671"}],"wp:attachment":[{"href":"https:\/\/azuaalinstante.com\/index.php\/wp-json\/wp\/v2\/media?parent=10670"}],"wp:term":[{"taxonomy":"category","embeddable":true,"href":"https:\/\/azuaalinstante.com\/index.php\/wp-json\/wp\/v2\/categories?post=10670"},{"taxonomy":"post_tag","embeddable":true,"href":"https:\/\/azuaalinstante.com\/index.php\/wp-json\/wp\/v2\/tags?post=10670"}],"curies":[{"name":"wp","href":"https:\/\/api.w.org\/{rel}","templated":true}]}}