{"id":14489,"date":"2026-08-31T18:43:32","date_gmt":"2026-08-31T18:43:32","guid":{"rendered":"https:\/\/azuaalinstante.com\/?p=14489"},"modified":"2026-08-31T18:43:35","modified_gmt":"2026-08-31T18:43:35","slug":"lionel-messi-dice-adios-a-la-seleccion-argentina-ya-no-tengo-mas-para-dar","status":"publish","type":"post","link":"https:\/\/azuaalinstante.com\/index.php\/2026\/08\/31\/lionel-messi-dice-adios-a-la-seleccion-argentina-ya-no-tengo-mas-para-dar\/","title":{"rendered":"Lionel Messi dice adi\u00f3s a la selecci\u00f3n argentina: \"Ya no tengo m\u00e1s para dar\""},"content":{"rendered":"\n<h2 class=\"wp-block-heading\">El delantero del Inter Miami de la MLS explic\u00f3 que \"fue una decisi\u00f3n que doli\u00f3 y duele en el alma\" pero subray\u00f3 que entiende que \"es el momento\".<\/h2>\n\n\n\n<ul class=\"wp-block-list\">\n<li><\/li>\n<\/ul>\n\n\n\n<figure class=\"wp-block-image is-resized\"><img decoding=\"async\" src=\"https:\/\/listindiario.com\/files\/vertical_main_image\/uploads\/2026\/08\/31\/6a95a451c0e21.png\" alt=\"&quot;Estas palabras las escrib\u00ed el 21 de julio, dos d\u00edas despu\u00e9s de la final. Hoy despu\u00e9s de lo de mi pap\u00e1, estoy m\u00e1s convencido que antes&quot;, fueron las palabras de Lionel Messi.\" style=\"aspect-ratio:2.043010752688172;width:950px;height:auto\"\/><figcaption class=\"wp-element-caption\">\"Estas palabras las escrib\u00ed el 21 de julio, dos d\u00edas despu\u00e9s de la final. Hoy despu\u00e9s de lo de mi pap\u00e1, estoy m\u00e1s convencido que antes\", fueron las palabras de Lionel Messi.Instagram<\/figcaption><\/figure>\n\n\n\n<p class=\"wp-block-paragraph\">El futbolista argentino<strong>&nbsp;Lionel Messi<\/strong>, de 39 a\u00f1os, anunci\u00f3 este lunes&nbsp;<strong>su retiro de la selecci\u00f3n&nbsp;<\/strong>albiceleste y explic\u00f3: \"Me vaci\u00e9, ya no tengo m\u00e1s para dar y aparte vienen chicos muy grandes atr\u00e1s que merecen estar\".<\/p>\n\n\n\n<figure class=\"wp-block-image size-full\"><img loading=\"lazy\" decoding=\"async\" width=\"628\" height=\"300\" src=\"https:\/\/azuaalinstante.com\/wp-content\/uploads\/2026\/08\/6a5aea670ad60.r_d.287-166.jpeg\" alt=\"\" class=\"wp-image-14490\" srcset=\"https:\/\/azuaalinstante.com\/wp-content\/uploads\/2026\/08\/6a5aea670ad60.r_d.287-166.jpeg 628w, https:\/\/azuaalinstante.com\/wp-content\/uploads\/2026\/08\/6a5aea670ad60.r_d.287-166-300x143.jpeg 300w\" sizes=\"auto, (max-width: 628px) 100vw, 628px\" \/><\/figure>\n","protected":false},"excerpt":{"rendered":"<p>El delantero del Inter Miami de la MLS explic\u00f3 que \"fue una decisi\u00f3n que doli\u00f3 y duele en el alma\" pero subray\u00f3 que entiende que \"es el momento\". El futbolista argentino&nbsp;Lionel Messi, de 39 a\u00f1os, anunci\u00f3 este lunes&nbsp;su retiro de la selecci\u00f3n&nbsp;albiceleste y explic\u00f3: \"Me vaci\u00e9, ya no tengo m\u00e1s para dar y aparte vienen [&hellip;]<\/p>\n","protected":false},"author":2,"featured_media":14490,"comment_status":"open","ping_status":"open","sticky":false,"template":"","format":"standard","meta":{"_monsterinsights_skip_tracking":false,"footnotes":""},"categories":[1],"tags":[],"class_list":["post-14489","post","type-post","status-publish","format-standard","has-post-thumbnail","hentry","category-uncategorized"],"aioseo_notices":[],"aioseo_head":"\n\t\t<!-- All in One SEO 4.9.10 - aioseo.com -->\n\t<meta name=\"description\" content=\"El delantero del Inter Miami de la MLS explic\u00f3 que &quot;fue una decisi\u00f3n que doli\u00f3 y duele en el alma&quot; pero subray\u00f3 que entiende que &quot;es el momento&quot;. El futbolista argentino Lionel Messi, de 39 a\u00f1os, anunci\u00f3 este lunes su retiro de la selecci\u00f3n albiceleste y explic\u00f3: &quot;Me vaci\u00e9, ya no tengo m\u00e1s para dar y aparte vienen\" \/>\n\t<meta name=\"robots\" content=\"max-image-preview:large\" \/>\n\t<meta name=\"author\" content=\"Redacci\u00f3n\"\/>\n\t<link rel=\"canonical\" href=\"https:\/\/azuaalinstante.com\/index.php\/2026\/08\/31\/lionel-messi-dice-adios-a-la-seleccion-argentina-ya-no-tengo-mas-para-dar\/\" \/>\n\t<meta name=\"generator\" content=\"All in One SEO (AIOSEO) 4.9.10\" \/>\n\t\t<meta property=\"og:locale\" content=\"es_ES\" \/>\n\t\t<meta property=\"og:site_name\" content=\"AZUA AL INSTANTE - SIEMPRE DETR\u00c1S DE LA NOTICIA!\" \/>\n\t\t<meta property=\"og:type\" content=\"article\" \/>\n\t\t<meta property=\"og:title\" content=\"Lionel Messi dice adi\u00f3s a la selecci\u00f3n argentina: &quot;Ya no tengo m\u00e1s para dar&quot; - AZUA AL INSTANTE\" \/>\n\t\t<meta property=\"og:description\" content=\"El delantero del Inter Miami de la MLS explic\u00f3 que &quot;fue una decisi\u00f3n que doli\u00f3 y duele en el alma&quot; pero subray\u00f3 que entiende que &quot;es el momento&quot;. El futbolista argentino Lionel Messi, de 39 a\u00f1os, anunci\u00f3 este lunes su retiro de la selecci\u00f3n albiceleste y explic\u00f3: &quot;Me vaci\u00e9, ya no tengo m\u00e1s para dar y aparte vienen\" \/>\n\t\t<meta property=\"og:url\" content=\"https:\/\/azuaalinstante.com\/index.php\/2026\/08\/31\/lionel-messi-dice-adios-a-la-seleccion-argentina-ya-no-tengo-mas-para-dar\/\" \/>\n\t\t<meta property=\"article:published_time\" content=\"2026-08-31T18:43:32+00:00\" \/>\n\t\t<meta property=\"article:modified_time\" content=\"2026-08-31T18:43:35+00:00\" \/>\n\t\t<meta name=\"twitter:card\" content=\"summary_large_image\" \/>\n\t\t<meta name=\"twitter:title\" content=\"Lionel Messi dice adi\u00f3s a la selecci\u00f3n argentina: &quot;Ya no tengo m\u00e1s para dar&quot; - AZUA AL INSTANTE\" \/>\n\t\t<meta name=\"twitter:description\" content=\"El delantero del Inter Miami de la MLS explic\u00f3 que &quot;fue una decisi\u00f3n que doli\u00f3 y duele en el alma&quot; pero subray\u00f3 que entiende que &quot;es el momento&quot;. El futbolista argentino Lionel Messi, de 39 a\u00f1os, anunci\u00f3 este lunes su retiro de la selecci\u00f3n albiceleste y explic\u00f3: &quot;Me vaci\u00e9, ya no tengo m\u00e1s para dar y aparte vienen\" \/>\n\t\t<script type=\"application\/ld+json\" class=\"aioseo-schema\">\n\t\t\t{\"@context\":\"https:\\\/\\\/schema.org\",\"@graph\":[{\"@type\":\"BlogPosting\",\"@id\":\"https:\\\/\\\/azuaalinstante.com\\\/index.php\\\/2026\\\/08\\\/31\\\/lionel-messi-dice-adios-a-la-seleccion-argentina-ya-no-tengo-mas-para-dar\\\/#blogposting\",\"name\":\"Lionel Messi dice adi\\u00f3s a la selecci\\u00f3n argentina: \\\"Ya no tengo m\\u00e1s para dar\\\" - AZUA AL INSTANTE\",\"headline\":\"Lionel Messi dice adi\\u00f3s a la selecci\\u00f3n argentina: \\\"Ya no tengo m\\u00e1s para dar\\\"\",\"author\":{\"@id\":\"https:\\\/\\\/azuaalinstante.com\\\/index.php\\\/author\\\/redaccion\\\/#author\"},\"publisher\":{\"@id\":\"https:\\\/\\\/azuaalinstante.com\\\/#organization\"},\"image\":{\"@type\":\"ImageObject\",\"url\":\"https:\\\/\\\/azuaalinstante.com\\\/wp-content\\\/uploads\\\/2026\\\/08\\\/6a5aea670ad60.r_d.287-166.jpeg\",\"width\":628,\"height\":300},\"datePublished\":\"2026-08-31T18:43:32+00:00\",\"dateModified\":\"2026-08-31T18:43:35+00:00\",\"inLanguage\":\"es-DO\",\"mainEntityOfPage\":{\"@id\":\"https:\\\/\\\/azuaalinstante.com\\\/index.php\\\/2026\\\/08\\\/31\\\/lionel-messi-dice-adios-a-la-seleccion-argentina-ya-no-tengo-mas-para-dar\\\/#webpage\"},\"isPartOf\":{\"@id\":\"https:\\\/\\\/azuaalinstante.com\\\/index.php\\\/2026\\\/08\\\/31\\\/lionel-messi-dice-adios-a-la-seleccion-argentina-ya-no-tengo-mas-para-dar\\\/#webpage\"},\"articleSection\":\"Deporte\"},{\"@type\":\"BreadcrumbList\",\"@id\":\"https:\\\/\\\/azuaalinstante.com\\\/index.php\\\/2026\\\/08\\\/31\\\/lionel-messi-dice-adios-a-la-seleccion-argentina-ya-no-tengo-mas-para-dar\\\/#breadcrumblist\",\"itemListElement\":[{\"@type\":\"ListItem\",\"@id\":\"https:\\\/\\\/azuaalinstante.com#listItem\",\"position\":1,\"name\":\"Home\",\"item\":\"https:\\\/\\\/azuaalinstante.com\",\"nextItem\":{\"@type\":\"ListItem\",\"@id\":\"https:\\\/\\\/azuaalinstante.com\\\/index.php\\\/category\\\/deportes\\\/#listItem\",\"name\":\"Deportes\"}},{\"@type\":\"ListItem\",\"@id\":\"https:\\\/\\\/azuaalinstante.com\\\/index.php\\\/category\\\/deportes\\\/#listItem\",\"position\":2,\"name\":\"Deportes\",\"item\":\"https:\\\/\\\/azuaalinstante.com\\\/index.php\\\/category\\\/deportes\\\/\",\"nextItem\":{\"@type\":\"ListItem\",\"@id\":\"https:\\\/\\\/azuaalinstante.com\\\/index.php\\\/category\\\/deportes\\\/uncategorized\\\/#listItem\",\"name\":\"Deporte\"},\"previousItem\":{\"@type\":\"ListItem\",\"@id\":\"https:\\\/\\\/azuaalinstante.com#listItem\",\"name\":\"Home\"}},{\"@type\":\"ListItem\",\"@id\":\"https:\\\/\\\/azuaalinstante.com\\\/index.php\\\/category\\\/deportes\\\/uncategorized\\\/#listItem\",\"position\":3,\"name\":\"Deporte\",\"item\":\"https:\\\/\\\/azuaalinstante.com\\\/index.php\\\/category\\\/deportes\\\/uncategorized\\\/\",\"nextItem\":{\"@type\":\"ListItem\",\"@id\":\"https:\\\/\\\/azuaalinstante.com\\\/index.php\\\/2026\\\/08\\\/31\\\/lionel-messi-dice-adios-a-la-seleccion-argentina-ya-no-tengo-mas-para-dar\\\/#listItem\",\"name\":\"Lionel Messi dice adi\\u00f3s a la selecci\\u00f3n argentina: \\\"Ya no tengo m\\u00e1s para dar\\\"\"},\"previousItem\":{\"@type\":\"ListItem\",\"@id\":\"https:\\\/\\\/azuaalinstante.com\\\/index.php\\\/category\\\/deportes\\\/#listItem\",\"name\":\"Deportes\"}},{\"@type\":\"ListItem\",\"@id\":\"https:\\\/\\\/azuaalinstante.com\\\/index.php\\\/2026\\\/08\\\/31\\\/lionel-messi-dice-adios-a-la-seleccion-argentina-ya-no-tengo-mas-para-dar\\\/#listItem\",\"position\":4,\"name\":\"Lionel Messi dice adi\\u00f3s a la selecci\\u00f3n argentina: \\\"Ya no tengo m\\u00e1s para dar\\\"\",\"previousItem\":{\"@type\":\"ListItem\",\"@id\":\"https:\\\/\\\/azuaalinstante.com\\\/index.php\\\/category\\\/deportes\\\/uncategorized\\\/#listItem\",\"name\":\"Deporte\"}}]},{\"@type\":\"Organization\",\"@id\":\"https:\\\/\\\/azuaalinstante.com\\\/#organization\",\"name\":\"AZUA AL INSTANTE\",\"description\":\"SIEMPRE DETR\\u00c1S DE LA NOTICIA!\",\"url\":\"https:\\\/\\\/azuaalinstante.com\\\/\"},{\"@type\":\"Person\",\"@id\":\"https:\\\/\\\/azuaalinstante.com\\\/index.php\\\/author\\\/redaccion\\\/#author\",\"url\":\"https:\\\/\\\/azuaalinstante.com\\\/index.php\\\/author\\\/redaccion\\\/\",\"name\":\"Redacci\\u00f3n\",\"image\":{\"@type\":\"ImageObject\",\"@id\":\"https:\\\/\\\/azuaalinstante.com\\\/index.php\\\/2026\\\/08\\\/31\\\/lionel-messi-dice-adios-a-la-seleccion-argentina-ya-no-tengo-mas-para-dar\\\/#authorImage\",\"url\":\"https:\\\/\\\/secure.gravatar.com\\\/avatar\\\/d68b136e956cb2c839632b9025c3df5f0812f547e1ff3ca13ce11a5b13bf209c?s=96&d=mm&r=g\",\"width\":96,\"height\":96,\"caption\":\"Redacci\\u00f3n\"}},{\"@type\":\"WebPage\",\"@id\":\"https:\\\/\\\/azuaalinstante.com\\\/index.php\\\/2026\\\/08\\\/31\\\/lionel-messi-dice-adios-a-la-seleccion-argentina-ya-no-tengo-mas-para-dar\\\/#webpage\",\"url\":\"https:\\\/\\\/azuaalinstante.com\\\/index.php\\\/2026\\\/08\\\/31\\\/lionel-messi-dice-adios-a-la-seleccion-argentina-ya-no-tengo-mas-para-dar\\\/\",\"name\":\"Lionel Messi dice adi\\u00f3s a la selecci\\u00f3n argentina: \\\"Ya no tengo m\\u00e1s para dar\\\" - AZUA AL INSTANTE\",\"description\":\"El delantero del Inter Miami de la MLS explic\\u00f3 que \\\"fue una decisi\\u00f3n que doli\\u00f3 y duele en el alma\\\" pero subray\\u00f3 que entiende que \\\"es el momento\\\". El futbolista argentino Lionel Messi, de 39 a\\u00f1os, anunci\\u00f3 este lunes su retiro de la selecci\\u00f3n albiceleste y explic\\u00f3: \\\"Me vaci\\u00e9, ya no tengo m\\u00e1s para dar y aparte vienen\",\"inLanguage\":\"es-DO\",\"isPartOf\":{\"@id\":\"https:\\\/\\\/azuaalinstante.com\\\/#website\"},\"breadcrumb\":{\"@id\":\"https:\\\/\\\/azuaalinstante.com\\\/index.php\\\/2026\\\/08\\\/31\\\/lionel-messi-dice-adios-a-la-seleccion-argentina-ya-no-tengo-mas-para-dar\\\/#breadcrumblist\"},\"author\":{\"@id\":\"https:\\\/\\\/azuaalinstante.com\\\/index.php\\\/author\\\/redaccion\\\/#author\"},\"creator\":{\"@id\":\"https:\\\/\\\/azuaalinstante.com\\\/index.php\\\/author\\\/redaccion\\\/#author\"},\"image\":{\"@type\":\"ImageObject\",\"url\":\"https:\\\/\\\/azuaalinstante.com\\\/wp-content\\\/uploads\\\/2026\\\/08\\\/6a5aea670ad60.r_d.287-166.jpeg\",\"@id\":\"https:\\\/\\\/azuaalinstante.com\\\/index.php\\\/2026\\\/08\\\/31\\\/lionel-messi-dice-adios-a-la-seleccion-argentina-ya-no-tengo-mas-para-dar\\\/#mainImage\",\"width\":628,\"height\":300},\"primaryImageOfPage\":{\"@id\":\"https:\\\/\\\/azuaalinstante.com\\\/index.php\\\/2026\\\/08\\\/31\\\/lionel-messi-dice-adios-a-la-seleccion-argentina-ya-no-tengo-mas-para-dar\\\/#mainImage\"},\"datePublished\":\"2026-08-31T18:43:32+00:00\",\"dateModified\":\"2026-08-31T18:43:35+00:00\"},{\"@type\":\"WebSite\",\"@id\":\"https:\\\/\\\/azuaalinstante.com\\\/#website\",\"url\":\"https:\\\/\\\/azuaalinstante.com\\\/\",\"name\":\"AZUA AL INSTANTE\",\"description\":\"SIEMPRE DETR\\u00c1S DE LA NOTICIA!\",\"inLanguage\":\"es-DO\",\"publisher\":{\"@id\":\"https:\\\/\\\/azuaalinstante.com\\\/#organization\"}}]}\n\t\t<\/script>\n\t\t<!-- All in One SEO -->\n\n","aioseo_head_json":{"title":"Lionel Messi dice adi\u00f3s a la selecci\u00f3n argentina: \"Ya no tengo m\u00e1s para dar\" - AZUA AL INSTANTE","description":"El delantero del Inter Miami de la MLS explic\u00f3 que \"fue una decisi\u00f3n que doli\u00f3 y duele en el alma\" pero subray\u00f3 que entiende que \"es el momento\". El futbolista argentino Lionel Messi, de 39 a\u00f1os, anunci\u00f3 este lunes su retiro de la selecci\u00f3n albiceleste y explic\u00f3: \"Me vaci\u00e9, ya no tengo m\u00e1s para dar y aparte vienen","canonical_url":"https:\/\/azuaalinstante.com\/index.php\/2026\/08\/31\/lionel-messi-dice-adios-a-la-seleccion-argentina-ya-no-tengo-mas-para-dar\/","robots":"max-image-preview:large","keywords":"","webmasterTools":{"miscellaneous":""},"schema":{"@context":"https:\/\/schema.org","@graph":[{"@type":"BlogPosting","@id":"https:\/\/azuaalinstante.com\/index.php\/2026\/08\/31\/lionel-messi-dice-adios-a-la-seleccion-argentina-ya-no-tengo-mas-para-dar\/#blogposting","name":"Lionel Messi dice adi\u00f3s a la selecci\u00f3n argentina: \"Ya no tengo m\u00e1s para dar\" - AZUA AL INSTANTE","headline":"Lionel Messi dice adi\u00f3s a la selecci\u00f3n argentina: \"Ya no tengo m\u00e1s para dar\"","author":{"@id":"https:\/\/azuaalinstante.com\/index.php\/author\/redaccion\/#author"},"publisher":{"@id":"https:\/\/azuaalinstante.com\/#organization"},"image":{"@type":"ImageObject","url":"https:\/\/azuaalinstante.com\/wp-content\/uploads\/2026\/08\/6a5aea670ad60.r_d.287-166.jpeg","width":628,"height":300},"datePublished":"2026-08-31T18:43:32+00:00","dateModified":"2026-08-31T18:43:35+00:00","inLanguage":"es-DO","mainEntityOfPage":{"@id":"https:\/\/azuaalinstante.com\/index.php\/2026\/08\/31\/lionel-messi-dice-adios-a-la-seleccion-argentina-ya-no-tengo-mas-para-dar\/#webpage"},"isPartOf":{"@id":"https:\/\/azuaalinstante.com\/index.php\/2026\/08\/31\/lionel-messi-dice-adios-a-la-seleccion-argentina-ya-no-tengo-mas-para-dar\/#webpage"},"articleSection":"Deporte"},{"@type":"BreadcrumbList","@id":"https:\/\/azuaalinstante.com\/index.php\/2026\/08\/31\/lionel-messi-dice-adios-a-la-seleccion-argentina-ya-no-tengo-mas-para-dar\/#breadcrumblist","itemListElement":[{"@type":"ListItem","@id":"https:\/\/azuaalinstante.com#listItem","position":1,"name":"Home","item":"https:\/\/azuaalinstante.com","nextItem":{"@type":"ListItem","@id":"https:\/\/azuaalinstante.com\/index.php\/category\/deportes\/#listItem","name":"Deportes"}},{"@type":"ListItem","@id":"https:\/\/azuaalinstante.com\/index.php\/category\/deportes\/#listItem","position":2,"name":"Deportes","item":"https:\/\/azuaalinstante.com\/index.php\/category\/deportes\/","nextItem":{"@type":"ListItem","@id":"https:\/\/azuaalinstante.com\/index.php\/category\/deportes\/uncategorized\/#listItem","name":"Deporte"},"previousItem":{"@type":"ListItem","@id":"https:\/\/azuaalinstante.com#listItem","name":"Home"}},{"@type":"ListItem","@id":"https:\/\/azuaalinstante.com\/index.php\/category\/deportes\/uncategorized\/#listItem","position":3,"name":"Deporte","item":"https:\/\/azuaalinstante.com\/index.php\/category\/deportes\/uncategorized\/","nextItem":{"@type":"ListItem","@id":"https:\/\/azuaalinstante.com\/index.php\/2026\/08\/31\/lionel-messi-dice-adios-a-la-seleccion-argentina-ya-no-tengo-mas-para-dar\/#listItem","name":"Lionel Messi dice adi\u00f3s a la selecci\u00f3n argentina: \"Ya no tengo m\u00e1s para dar\""},"previousItem":{"@type":"ListItem","@id":"https:\/\/azuaalinstante.com\/index.php\/category\/deportes\/#listItem","name":"Deportes"}},{"@type":"ListItem","@id":"https:\/\/azuaalinstante.com\/index.php\/2026\/08\/31\/lionel-messi-dice-adios-a-la-seleccion-argentina-ya-no-tengo-mas-para-dar\/#listItem","position":4,"name":"Lionel Messi dice adi\u00f3s a la selecci\u00f3n argentina: \"Ya no tengo m\u00e1s para dar\"","previousItem":{"@type":"ListItem","@id":"https:\/\/azuaalinstante.com\/index.php\/category\/deportes\/uncategorized\/#listItem","name":"Deporte"}}]},{"@type":"Organization","@id":"https:\/\/azuaalinstante.com\/#organization","name":"AZUA AL INSTANTE","description":"SIEMPRE DETR\u00c1S DE LA NOTICIA!","url":"https:\/\/azuaalinstante.com\/"},{"@type":"Person","@id":"https:\/\/azuaalinstante.com\/index.php\/author\/redaccion\/#author","url":"https:\/\/azuaalinstante.com\/index.php\/author\/redaccion\/","name":"Redacci\u00f3n","image":{"@type":"ImageObject","@id":"https:\/\/azuaalinstante.com\/index.php\/2026\/08\/31\/lionel-messi-dice-adios-a-la-seleccion-argentina-ya-no-tengo-mas-para-dar\/#authorImage","url":"https:\/\/secure.gravatar.com\/avatar\/d68b136e956cb2c839632b9025c3df5f0812f547e1ff3ca13ce11a5b13bf209c?s=96&d=mm&r=g","width":96,"height":96,"caption":"Redacci\u00f3n"}},{"@type":"WebPage","@id":"https:\/\/azuaalinstante.com\/index.php\/2026\/08\/31\/lionel-messi-dice-adios-a-la-seleccion-argentina-ya-no-tengo-mas-para-dar\/#webpage","url":"https:\/\/azuaalinstante.com\/index.php\/2026\/08\/31\/lionel-messi-dice-adios-a-la-seleccion-argentina-ya-no-tengo-mas-para-dar\/","name":"Lionel Messi dice adi\u00f3s a la selecci\u00f3n argentina: \"Ya no tengo m\u00e1s para dar\" - AZUA AL INSTANTE","description":"El delantero del Inter Miami de la MLS explic\u00f3 que \"fue una decisi\u00f3n que doli\u00f3 y duele en el alma\" pero subray\u00f3 que entiende que \"es el momento\". El futbolista argentino Lionel Messi, de 39 a\u00f1os, anunci\u00f3 este lunes su retiro de la selecci\u00f3n albiceleste y explic\u00f3: \"Me vaci\u00e9, ya no tengo m\u00e1s para dar y aparte vienen","inLanguage":"es-DO","isPartOf":{"@id":"https:\/\/azuaalinstante.com\/#website"},"breadcrumb":{"@id":"https:\/\/azuaalinstante.com\/index.php\/2026\/08\/31\/lionel-messi-dice-adios-a-la-seleccion-argentina-ya-no-tengo-mas-para-dar\/#breadcrumblist"},"author":{"@id":"https:\/\/azuaalinstante.com\/index.php\/author\/redaccion\/#author"},"creator":{"@id":"https:\/\/azuaalinstante.com\/index.php\/author\/redaccion\/#author"},"image":{"@type":"ImageObject","url":"https:\/\/azuaalinstante.com\/wp-content\/uploads\/2026\/08\/6a5aea670ad60.r_d.287-166.jpeg","@id":"https:\/\/azuaalinstante.com\/index.php\/2026\/08\/31\/lionel-messi-dice-adios-a-la-seleccion-argentina-ya-no-tengo-mas-para-dar\/#mainImage","width":628,"height":300},"primaryImageOfPage":{"@id":"https:\/\/azuaalinstante.com\/index.php\/2026\/08\/31\/lionel-messi-dice-adios-a-la-seleccion-argentina-ya-no-tengo-mas-para-dar\/#mainImage"},"datePublished":"2026-08-31T18:43:32+00:00","dateModified":"2026-08-31T18:43:35+00:00"},{"@type":"WebSite","@id":"https:\/\/azuaalinstante.com\/#website","url":"https:\/\/azuaalinstante.com\/","name":"AZUA AL INSTANTE","description":"SIEMPRE DETR\u00c1S DE LA NOTICIA!","inLanguage":"es-DO","publisher":{"@id":"https:\/\/azuaalinstante.com\/#organization"}}]},"og:locale":"es_ES","og:site_name":"AZUA AL INSTANTE - SIEMPRE DETR\u00c1S DE LA NOTICIA!","og:type":"article","og:title":"Lionel Messi dice adi\u00f3s a la selecci\u00f3n argentina: &quot;Ya no tengo m\u00e1s para dar&quot; - AZUA AL INSTANTE","og:description":"El delantero del Inter Miami de la MLS explic\u00f3 que &quot;fue una decisi\u00f3n que doli\u00f3 y duele en el alma&quot; pero subray\u00f3 que entiende que &quot;es el momento&quot;. El futbolista argentino Lionel Messi, de 39 a\u00f1os, anunci\u00f3 este lunes su retiro de la selecci\u00f3n albiceleste y explic\u00f3: &quot;Me vaci\u00e9, ya no tengo m\u00e1s para dar y aparte vienen","og:url":"https:\/\/azuaalinstante.com\/index.php\/2026\/08\/31\/lionel-messi-dice-adios-a-la-seleccion-argentina-ya-no-tengo-mas-para-dar\/","article:published_time":"2026-08-31T18:43:32+00:00","article:modified_time":"2026-08-31T18:43:35+00:00","twitter:card":"summary_large_image","twitter:title":"Lionel Messi dice adi\u00f3s a la selecci\u00f3n argentina: &quot;Ya no tengo m\u00e1s para dar&quot; - AZUA AL INSTANTE","twitter:description":"El delantero del Inter Miami de la MLS explic\u00f3 que &quot;fue una decisi\u00f3n que doli\u00f3 y duele en el alma&quot; pero subray\u00f3 que entiende que &quot;es el momento&quot;. El futbolista argentino Lionel Messi, de 39 a\u00f1os, anunci\u00f3 este lunes su retiro de la selecci\u00f3n albiceleste y explic\u00f3: &quot;Me vaci\u00e9, ya no tengo m\u00e1s para dar y aparte vienen"},"aioseo_meta_data":{"post_id":"14489","title":null,"description":null,"keywords":null,"keyphrases":{"focus":{"keyphrase":"","score":0,"analysis":{"keyphraseInTitle":{"score":0,"maxScore":9,"error":1}}},"additional":[]},"primary_term":null,"canonical_url":null,"og_title":null,"og_description":null,"og_object_type":"default","og_image_type":"default","og_image_url":null,"og_image_width":null,"og_image_height":null,"og_image_custom_url":null,"og_image_custom_fields":null,"og_video":"","og_custom_url":null,"og_article_section":null,"og_article_tags":null,"twitter_use_og":false,"twitter_card":"default","twitter_image_type":"default","twitter_image_url":null,"twitter_image_custom_url":null,"twitter_image_custom_fields":null,"twitter_title":null,"twitter_description":null,"schema":{"blockGraphs":[],"customGraphs":[],"default":{"data":{"Article":[],"Course":[],"Dataset":[],"FAQPage":[],"Movie":[],"Person":[],"Product":[],"ProductReview":[],"Car":[],"Recipe":[],"Service":[],"SoftwareApplication":[],"WebPage":[]},"graphName":"BlogPosting","isEnabled":true},"graphs":[]},"schema_type":"default","schema_type_options":null,"pillar_content":false,"robots_default":true,"robots_noindex":false,"robots_noarchive":false,"robots_nosnippet":false,"robots_nofollow":false,"robots_noimageindex":false,"robots_noodp":false,"robots_notranslate":false,"robots_max_snippet":"-1","robots_max_videopreview":"-1","robots_max_imagepreview":"large","priority":null,"frequency":"default","local_seo":null,"breadcrumb_settings":null,"limit_modified_date":false,"ai":{"faqs":[],"keyPoints":[],"schemas":[],"titles":[],"descriptions":[],"socialPosts":{"email":{"subject":"","preview":"","content":""},"linkedin":[],"twitter":[],"facebook":[],"instagram":[]}},"created":"2026-08-31 18:43:35","updated":"2026-09-01 03:26:34","seo_analyzer_scan_date":null},"aioseo_breadcrumb":"<div class=\"aioseo-breadcrumbs\"><span class=\"aioseo-breadcrumb\">\n\t\t\t<a href=\"https:\/\/azuaalinstante.com\" title=\"Home\">Home<\/a>\n\t\t<\/span><span class=\"aioseo-breadcrumb-separator\">&raquo;<\/span><span class=\"aioseo-breadcrumb\">\n\t\t\t<a href=\"https:\/\/azuaalinstante.com\/index.php\/category\/deportes\/\" title=\"Deportes\">Deportes<\/a>\n\t\t<\/span><span class=\"aioseo-breadcrumb-separator\">&raquo;<\/span><span class=\"aioseo-breadcrumb\">\n\t\t\t<a href=\"https:\/\/azuaalinstante.com\/index.php\/category\/deportes\/uncategorized\/\" title=\"Deporte\">Deporte<\/a>\n\t\t<\/span><span class=\"aioseo-breadcrumb-separator\">&raquo;<\/span><span class=\"aioseo-breadcrumb\">\n\t\t\tLionel Messi dice adi\u00f3s a la selecci\u00f3n argentina: \"Ya no tengo m\u00e1s para dar\"\n\t\t<\/span><\/div>","aioseo_breadcrumb_json":[{"label":"Home","link":"https:\/\/azuaalinstante.com"},{"label":"Deportes","link":"https:\/\/azuaalinstante.com\/index.php\/category\/deportes\/"},{"label":"Deporte","link":"https:\/\/azuaalinstante.com\/index.php\/category\/deportes\/uncategorized\/"},{"label":"Lionel Messi dice adi\u00f3s a la selecci\u00f3n argentina: \"Ya no tengo m\u00e1s para dar\"","link":"https:\/\/azuaalinstante.com\/index.php\/2026\/08\/31\/lionel-messi-dice-adios-a-la-seleccion-argentina-ya-no-tengo-mas-para-dar\/"}],"_links":{"self":[{"href":"https:\/\/azuaalinstante.com\/index.php\/wp-json\/wp\/v2\/posts\/14489","targetHints":{"allow":["GET"]}}],"collection":[{"href":"https:\/\/azuaalinstante.com\/index.php\/wp-json\/wp\/v2\/posts"}],"about":[{"href":"https:\/\/azuaalinstante.com\/index.php\/wp-json\/wp\/v2\/types\/post"}],"author":[{"embeddable":true,"href":"https:\/\/azuaalinstante.com\/index.php\/wp-json\/wp\/v2\/users\/2"}],"replies":[{"embeddable":true,"href":"https:\/\/azuaalinstante.com\/index.php\/wp-json\/wp\/v2\/comments?post=14489"}],"version-history":[{"count":1,"href":"https:\/\/azuaalinstante.com\/index.php\/wp-json\/wp\/v2\/posts\/14489\/revisions"}],"predecessor-version":[{"id":14491,"href":"https:\/\/azuaalinstante.com\/index.php\/wp-json\/wp\/v2\/posts\/14489\/revisions\/14491"}],"wp:featuredmedia":[{"embeddable":true,"href":"https:\/\/azuaalinstante.com\/index.php\/wp-json\/wp\/v2\/media\/14490"}],"wp:attachment":[{"href":"https:\/\/azuaalinstante.com\/index.php\/wp-json\/wp\/v2\/media?parent=14489"}],"wp:term":[{"taxonomy":"category","embeddable":true,"href":"https:\/\/azuaalinstante.com\/index.php\/wp-json\/wp\/v2\/categories?post=14489"},{"taxonomy":"post_tag","embeddable":true,"href":"https:\/\/azuaalinstante.com\/index.php\/wp-json\/wp\/v2\/tags?post=14489"}],"curies":[{"name":"wp","href":"https:\/\/api.w.org\/{rel}","templated":true}]}}