{"id":14558,"date":"2026-09-01T19:52:14","date_gmt":"2026-09-01T19:52:14","guid":{"rendered":"https:\/\/azuaalinstante.com\/?p=14558"},"modified":"2026-09-01T19:52:17","modified_gmt":"2026-09-01T19:52:17","slug":"presidente-abinader-entrega-50-camiones-compactadores-para-fortalecer-la-recogida-de-basura-y-proteger-la-salud-de-la-poblacion","status":"publish","type":"post","link":"https:\/\/azuaalinstante.com\/index.php\/2026\/09\/01\/presidente-abinader-entrega-50-camiones-compactadores-para-fortalecer-la-recogida-de-basura-y-proteger-la-salud-de-la-poblacion\/","title":{"rendered":"Presidente Abinader entrega 50 camiones compactadores para fortalecer la recogida de basura y proteger la salud de la poblaci\u00f3n"},"content":{"rendered":"\n<p class=\"wp-block-paragraph\"><em>El ministro Bautista exhort\u00f3 a los alcaldes y directores distritales beneficiados con estos equipos a \u201ccuidar de ellos como si fueran propios evitando que al paso de dos o tres a\u00f1os aparezcan en un cementerio de chatarras\u201d<\/em><\/p>\n\n\n\n<p class=\"wp-block-paragraph\"><em>Santo Domingo.-<\/em> El presidente Luis Abinader, a trav\u00e9s del Ministerio Administrativo de la Presidencia (MAPRE), entreg\u00f3 50 camiones compactadores a municipios y distritos municipales, como parte de un programa de apoyo dirigido a fortalecer la capacidad de los gobiernos locales para garantizar una recogida de basura m\u00e1s eficiente.<\/p>\n\n\n\n<p class=\"wp-block-paragraph\">El ministro Administrativo de la Presidencia, Andr\u00e9s Bautista Garc\u00eda, inform\u00f3 que la iniciativa responde especialmente a las comunidades donde la acumulaci\u00f3n de basura representa un riesgo para la salud p\u00fablica, el medio ambiente y la calidad de vida de la poblaci\u00f3n.<\/p>\n\n\n<figure class=\"wp-block-gallery has-nested-images columns-default is-cropped wp-block-gallery-1 is-layout-flex wp-block-gallery-is-layout-flex\"><figure class=\"wp-block-image size-large\"><img loading=\"lazy\" decoding=\"async\" data-id=\"14561\" width=\"640\" height=\"427\" src=\"https:\/\/azuaalinstante.com\/wp-content\/uploads\/2026\/09\/IMG-20260901-WA0108-1024x683.jpg\" class=\"wp-image-14561\" alt=\"\" srcset=\"https:\/\/azuaalinstante.com\/wp-content\/uploads\/2026\/09\/IMG-20260901-WA0108-1024x683.jpg 1024w, https:\/\/azuaalinstante.com\/wp-content\/uploads\/2026\/09\/IMG-20260901-WA0108-300x200.jpg 300w, https:\/\/azuaalinstante.com\/wp-content\/uploads\/2026\/09\/IMG-20260901-WA0108-768x512.jpg 768w, https:\/\/azuaalinstante.com\/wp-content\/uploads\/2026\/09\/IMG-20260901-WA0108.jpg 1204w\" sizes=\"auto, (max-width: 640px) 100vw, 640px\" \/><\/figure><figure class=\"wp-block-image size-large\"><img loading=\"lazy\" decoding=\"async\" data-id=\"14560\" width=\"640\" height=\"427\" src=\"https:\/\/azuaalinstante.com\/wp-content\/uploads\/2026\/09\/IMG-20260901-WA0120-1024x683.jpg\" class=\"wp-image-14560\" alt=\"\" srcset=\"https:\/\/azuaalinstante.com\/wp-content\/uploads\/2026\/09\/IMG-20260901-WA0120-1024x683.jpg 1024w, https:\/\/azuaalinstante.com\/wp-content\/uploads\/2026\/09\/IMG-20260901-WA0120-300x200.jpg 300w, https:\/\/azuaalinstante.com\/wp-content\/uploads\/2026\/09\/IMG-20260901-WA0120-768x512.jpg 768w, https:\/\/azuaalinstante.com\/wp-content\/uploads\/2026\/09\/IMG-20260901-WA0120.jpg 1254w\" sizes=\"auto, (max-width: 640px) 100vw, 640px\" \/><\/figure><figure class=\"wp-block-image size-large\"><img loading=\"lazy\" decoding=\"async\" data-id=\"14559\" width=\"640\" height=\"426\" src=\"https:\/\/azuaalinstante.com\/wp-content\/uploads\/2026\/09\/IMG-20260901-WA0121-1024x682.jpg\" class=\"wp-image-14559\" alt=\"\" srcset=\"https:\/\/azuaalinstante.com\/wp-content\/uploads\/2026\/09\/IMG-20260901-WA0121-1024x682.jpg 1024w, https:\/\/azuaalinstante.com\/wp-content\/uploads\/2026\/09\/IMG-20260901-WA0121-300x200.jpg 300w, https:\/\/azuaalinstante.com\/wp-content\/uploads\/2026\/09\/IMG-20260901-WA0121-768x512.jpg 768w, https:\/\/azuaalinstante.com\/wp-content\/uploads\/2026\/09\/IMG-20260901-WA0121.jpg 1256w\" sizes=\"auto, (max-width: 640px) 100vw, 640px\" \/><\/figure><\/figure>\n\n\n<p class=\"wp-block-paragraph\">En un acto celebrado en la explanada frontal del Palacio Nacional, Bautista Garc\u00eda, manifest\u00f3 que esta iniciativa, dispuesta por el presidente Luis Abinader, busca dar respuesta a una de las principales necesidades de los gobiernos locales y contribuir a mejorar las condiciones de salubridad de las comunidades, mediante una gesti\u00f3n m\u00e1s eficiente de la recogida de basura.<\/p>\n\n\n\n<p class=\"wp-block-paragraph\">La actividad fue encabezada por el ministro Bautista Garc\u00eda, acompa\u00f1ado de los presidentes de la Liga Municipal Dominicana, V\u00edctor D\u2019Aza; de la Federaci\u00f3n Dominicana de Municipios y alcalde de Saman\u00e1, Nelson N\u00fa\u00f1ez; y de la Federaci\u00f3n Dominicana de Distritos Municipales (Fedodim), Lioncito Jos\u00e9; el ministro de Trabajo, Eddy Olivares; Priamo Ram\u00edrez, director ejecutivo DO Sostenible; Modesto Guzm\u00e1n, director general de la Direcci\u00f3n de Desarrollo a la Comunidad adem\u00e1s, de diputados, senadores y los alcaldes beneficiados con los camiones compactadores.<\/p>\n\n\n\n<p class=\"wp-block-paragraph\">Entre 2024 y 2026, el Gobierno recibi\u00f3 unas 240 solicitudes de donaci\u00f3n de camiones compactadores para ser utilizados en los municipios y distritos municipales del pa\u00eds.<\/p>\n\n\n\n<p class=\"wp-block-paragraph\">Debido al riesgo para la salud p\u00fablica que representa la acumulaci\u00f3n de basura y considerando la precariedad de recursos para la adquisici\u00f3n de estos equipos, el MAPRE convoc\u00f3 a un procedimiento de contrataci\u00f3n p\u00fablica el 23 de marzo de 2026 para la adquisici\u00f3n de 100 camiones destinados a ser donados, en una primera fase, a los territorios de mayor necesidad.<\/p>\n\n\n\n<p class=\"wp-block-paragraph\">Esta primera entrega permitir\u00e1 mejorar la capacidad operativa de los gobiernos locales beneficiados.<\/p>\n\n\n\n<p class=\"wp-block-paragraph\">Los equipos ser\u00e1n destinados prioritariamente a municipios y distritos municipales de Azua, Bahoruco, Barahona, El\u00edas Pi\u00f1a, Independencia, Pedernales, Peravia, San Crist\u00f3bal, San Jos\u00e9 de Ocoa y San Juan, adem\u00e1s de Los Alcarrizos y Pedro Brand, en el Gran Santo Domingo, as\u00ed como a territorios de Monte Plata, El Seibo y Hato Mayor.<\/p>\n\n\n\n<p class=\"wp-block-paragraph\">El ministro exhort\u00f3 a los alcaldes y directores distritales beneficiados con estos equipos a \u201ccuidar de ellos como si fueran propios evitando que al paso de dos o tres a\u00f1os aparezcan en un cementerio de chatarras\u201d.<\/p>\n","protected":false},"excerpt":{"rendered":"<p>El ministro Bautista exhort\u00f3 a los alcaldes y directores distritales beneficiados con estos equipos a \u201ccuidar de ellos como si fueran propios evitando que al paso de dos o tres a\u00f1os aparezcan en un cementerio de chatarras\u201d Santo Domingo.- El presidente Luis Abinader, a trav\u00e9s del Ministerio Administrativo de la Presidencia (MAPRE), entreg\u00f3 50 camiones [&hellip;]<\/p>\n","protected":false},"author":2,"featured_media":14560,"comment_status":"open","ping_status":"open","sticky":false,"template":"","format":"standard","meta":{"_monsterinsights_skip_tracking":false,"footnotes":""},"categories":[5],"tags":[],"class_list":["post-14558","post","type-post","status-publish","format-standard","has-post-thumbnail","hentry","category-republica"],"aioseo_notices":[],"aioseo_head":"\n\t\t<!-- All in One SEO 4.9.10 - aioseo.com -->\n\t<meta name=\"description\" content=\"El ministro Bautista exhort\u00f3 a los alcaldes y directores distritales beneficiados con estos equipos a \u201ccuidar de ellos como si fueran propios evitando que al paso de dos o tres a\u00f1os aparezcan en un cementerio de chatarras\u201d Santo Domingo.- El presidente Luis Abinader, a trav\u00e9s del Ministerio Administrativo de la Presidencia (MAPRE), entreg\u00f3 50 camiones\" \/>\n\t<meta name=\"robots\" content=\"max-image-preview:large\" \/>\n\t<meta name=\"author\" content=\"Redacci\u00f3n\"\/>\n\t<link rel=\"canonical\" href=\"https:\/\/azuaalinstante.com\/index.php\/2026\/09\/01\/presidente-abinader-entrega-50-camiones-compactadores-para-fortalecer-la-recogida-de-basura-y-proteger-la-salud-de-la-poblacion\/\" \/>\n\t<meta name=\"generator\" content=\"All in One SEO (AIOSEO) 4.9.10\" \/>\n\t\t<meta property=\"og:locale\" content=\"es_ES\" \/>\n\t\t<meta property=\"og:site_name\" content=\"AZUA AL INSTANTE - SIEMPRE DETR\u00c1S DE LA NOTICIA!\" \/>\n\t\t<meta property=\"og:type\" content=\"article\" \/>\n\t\t<meta property=\"og:title\" content=\"Presidente Abinader entrega 50 camiones compactadores para fortalecer la recogida de basura y proteger la salud de la poblaci\u00f3n - AZUA AL INSTANTE\" \/>\n\t\t<meta property=\"og:description\" content=\"El ministro Bautista exhort\u00f3 a los alcaldes y directores distritales beneficiados con estos equipos a \u201ccuidar de ellos como si fueran propios evitando que al paso de dos o tres a\u00f1os aparezcan en un cementerio de chatarras\u201d Santo Domingo.- El presidente Luis Abinader, a trav\u00e9s del Ministerio Administrativo de la Presidencia (MAPRE), entreg\u00f3 50 camiones\" \/>\n\t\t<meta property=\"og:url\" content=\"https:\/\/azuaalinstante.com\/index.php\/2026\/09\/01\/presidente-abinader-entrega-50-camiones-compactadores-para-fortalecer-la-recogida-de-basura-y-proteger-la-salud-de-la-poblacion\/\" \/>\n\t\t<meta property=\"article:published_time\" content=\"2026-09-01T19:52:14+00:00\" \/>\n\t\t<meta property=\"article:modified_time\" content=\"2026-09-01T19:52:17+00:00\" \/>\n\t\t<meta name=\"twitter:card\" content=\"summary_large_image\" \/>\n\t\t<meta name=\"twitter:title\" content=\"Presidente Abinader entrega 50 camiones compactadores para fortalecer la recogida de basura y proteger la salud de la poblaci\u00f3n - AZUA AL INSTANTE\" \/>\n\t\t<meta name=\"twitter:description\" content=\"El ministro Bautista exhort\u00f3 a los alcaldes y directores distritales beneficiados con estos equipos a \u201ccuidar de ellos como si fueran propios evitando que al paso de dos o tres a\u00f1os aparezcan en un cementerio de chatarras\u201d Santo Domingo.- El presidente Luis Abinader, a trav\u00e9s del Ministerio Administrativo de la Presidencia (MAPRE), entreg\u00f3 50 camiones\" \/>\n\t\t<script type=\"application\/ld+json\" class=\"aioseo-schema\">\n\t\t\t{\"@context\":\"https:\\\/\\\/schema.org\",\"@graph\":[{\"@type\":\"BlogPosting\",\"@id\":\"https:\\\/\\\/azuaalinstante.com\\\/index.php\\\/2026\\\/09\\\/01\\\/presidente-abinader-entrega-50-camiones-compactadores-para-fortalecer-la-recogida-de-basura-y-proteger-la-salud-de-la-poblacion\\\/#blogposting\",\"name\":\"Presidente Abinader entrega 50 camiones compactadores para fortalecer la recogida de basura y proteger la salud de la poblaci\\u00f3n - AZUA AL INSTANTE\",\"headline\":\"Presidente Abinader entrega 50 camiones compactadores para fortalecer la recogida de basura y proteger la salud de la poblaci\\u00f3n\",\"author\":{\"@id\":\"https:\\\/\\\/azuaalinstante.com\\\/index.php\\\/author\\\/redaccion\\\/#author\"},\"publisher\":{\"@id\":\"https:\\\/\\\/azuaalinstante.com\\\/#organization\"},\"image\":{\"@type\":\"ImageObject\",\"url\":\"https:\\\/\\\/azuaalinstante.com\\\/wp-content\\\/uploads\\\/2026\\\/09\\\/IMG-20260901-WA0120.jpg\",\"width\":1254,\"height\":836},\"datePublished\":\"2026-09-01T19:52:14+00:00\",\"dateModified\":\"2026-09-01T19:52:17+00:00\",\"inLanguage\":\"es-DO\",\"mainEntityOfPage\":{\"@id\":\"https:\\\/\\\/azuaalinstante.com\\\/index.php\\\/2026\\\/09\\\/01\\\/presidente-abinader-entrega-50-camiones-compactadores-para-fortalecer-la-recogida-de-basura-y-proteger-la-salud-de-la-poblacion\\\/#webpage\"},\"isPartOf\":{\"@id\":\"https:\\\/\\\/azuaalinstante.com\\\/index.php\\\/2026\\\/09\\\/01\\\/presidente-abinader-entrega-50-camiones-compactadores-para-fortalecer-la-recogida-de-basura-y-proteger-la-salud-de-la-poblacion\\\/#webpage\"},\"articleSection\":\"Rep\\u00fablica\"},{\"@type\":\"BreadcrumbList\",\"@id\":\"https:\\\/\\\/azuaalinstante.com\\\/index.php\\\/2026\\\/09\\\/01\\\/presidente-abinader-entrega-50-camiones-compactadores-para-fortalecer-la-recogida-de-basura-y-proteger-la-salud-de-la-poblacion\\\/#breadcrumblist\",\"itemListElement\":[{\"@type\":\"ListItem\",\"@id\":\"https:\\\/\\\/azuaalinstante.com#listItem\",\"position\":1,\"name\":\"Home\",\"item\":\"https:\\\/\\\/azuaalinstante.com\",\"nextItem\":{\"@type\":\"ListItem\",\"@id\":\"https:\\\/\\\/azuaalinstante.com\\\/index.php\\\/category\\\/republica\\\/#listItem\",\"name\":\"Rep\\u00fablica\"}},{\"@type\":\"ListItem\",\"@id\":\"https:\\\/\\\/azuaalinstante.com\\\/index.php\\\/category\\\/republica\\\/#listItem\",\"position\":2,\"name\":\"Rep\\u00fablica\",\"item\":\"https:\\\/\\\/azuaalinstante.com\\\/index.php\\\/category\\\/republica\\\/\",\"nextItem\":{\"@type\":\"ListItem\",\"@id\":\"https:\\\/\\\/azuaalinstante.com\\\/index.php\\\/2026\\\/09\\\/01\\\/presidente-abinader-entrega-50-camiones-compactadores-para-fortalecer-la-recogida-de-basura-y-proteger-la-salud-de-la-poblacion\\\/#listItem\",\"name\":\"Presidente Abinader entrega 50 camiones compactadores para fortalecer la recogida de basura y proteger la salud de la poblaci\\u00f3n\"},\"previousItem\":{\"@type\":\"ListItem\",\"@id\":\"https:\\\/\\\/azuaalinstante.com#listItem\",\"name\":\"Home\"}},{\"@type\":\"ListItem\",\"@id\":\"https:\\\/\\\/azuaalinstante.com\\\/index.php\\\/2026\\\/09\\\/01\\\/presidente-abinader-entrega-50-camiones-compactadores-para-fortalecer-la-recogida-de-basura-y-proteger-la-salud-de-la-poblacion\\\/#listItem\",\"position\":3,\"name\":\"Presidente Abinader entrega 50 camiones compactadores para fortalecer la recogida de basura y proteger la salud de la poblaci\\u00f3n\",\"previousItem\":{\"@type\":\"ListItem\",\"@id\":\"https:\\\/\\\/azuaalinstante.com\\\/index.php\\\/category\\\/republica\\\/#listItem\",\"name\":\"Rep\\u00fablica\"}}]},{\"@type\":\"Organization\",\"@id\":\"https:\\\/\\\/azuaalinstante.com\\\/#organization\",\"name\":\"AZUA AL INSTANTE\",\"description\":\"SIEMPRE DETR\\u00c1S DE LA NOTICIA!\",\"url\":\"https:\\\/\\\/azuaalinstante.com\\\/\"},{\"@type\":\"Person\",\"@id\":\"https:\\\/\\\/azuaalinstante.com\\\/index.php\\\/author\\\/redaccion\\\/#author\",\"url\":\"https:\\\/\\\/azuaalinstante.com\\\/index.php\\\/author\\\/redaccion\\\/\",\"name\":\"Redacci\\u00f3n\",\"image\":{\"@type\":\"ImageObject\",\"@id\":\"https:\\\/\\\/azuaalinstante.com\\\/index.php\\\/2026\\\/09\\\/01\\\/presidente-abinader-entrega-50-camiones-compactadores-para-fortalecer-la-recogida-de-basura-y-proteger-la-salud-de-la-poblacion\\\/#authorImage\",\"url\":\"https:\\\/\\\/secure.gravatar.com\\\/avatar\\\/d68b136e956cb2c839632b9025c3df5f0812f547e1ff3ca13ce11a5b13bf209c?s=96&d=mm&r=g\",\"width\":96,\"height\":96,\"caption\":\"Redacci\\u00f3n\"}},{\"@type\":\"WebPage\",\"@id\":\"https:\\\/\\\/azuaalinstante.com\\\/index.php\\\/2026\\\/09\\\/01\\\/presidente-abinader-entrega-50-camiones-compactadores-para-fortalecer-la-recogida-de-basura-y-proteger-la-salud-de-la-poblacion\\\/#webpage\",\"url\":\"https:\\\/\\\/azuaalinstante.com\\\/index.php\\\/2026\\\/09\\\/01\\\/presidente-abinader-entrega-50-camiones-compactadores-para-fortalecer-la-recogida-de-basura-y-proteger-la-salud-de-la-poblacion\\\/\",\"name\":\"Presidente Abinader entrega 50 camiones compactadores para fortalecer la recogida de basura y proteger la salud de la poblaci\\u00f3n - AZUA AL INSTANTE\",\"description\":\"El ministro Bautista exhort\\u00f3 a los alcaldes y directores distritales beneficiados con estos equipos a \\u201ccuidar de ellos como si fueran propios evitando que al paso de dos o tres a\\u00f1os aparezcan en un cementerio de chatarras\\u201d Santo Domingo.- El presidente Luis Abinader, a trav\\u00e9s del Ministerio Administrativo de la Presidencia (MAPRE), entreg\\u00f3 50 camiones\",\"inLanguage\":\"es-DO\",\"isPartOf\":{\"@id\":\"https:\\\/\\\/azuaalinstante.com\\\/#website\"},\"breadcrumb\":{\"@id\":\"https:\\\/\\\/azuaalinstante.com\\\/index.php\\\/2026\\\/09\\\/01\\\/presidente-abinader-entrega-50-camiones-compactadores-para-fortalecer-la-recogida-de-basura-y-proteger-la-salud-de-la-poblacion\\\/#breadcrumblist\"},\"author\":{\"@id\":\"https:\\\/\\\/azuaalinstante.com\\\/index.php\\\/author\\\/redaccion\\\/#author\"},\"creator\":{\"@id\":\"https:\\\/\\\/azuaalinstante.com\\\/index.php\\\/author\\\/redaccion\\\/#author\"},\"image\":{\"@type\":\"ImageObject\",\"url\":\"https:\\\/\\\/azuaalinstante.com\\\/wp-content\\\/uploads\\\/2026\\\/09\\\/IMG-20260901-WA0120.jpg\",\"@id\":\"https:\\\/\\\/azuaalinstante.com\\\/index.php\\\/2026\\\/09\\\/01\\\/presidente-abinader-entrega-50-camiones-compactadores-para-fortalecer-la-recogida-de-basura-y-proteger-la-salud-de-la-poblacion\\\/#mainImage\",\"width\":1254,\"height\":836},\"primaryImageOfPage\":{\"@id\":\"https:\\\/\\\/azuaalinstante.com\\\/index.php\\\/2026\\\/09\\\/01\\\/presidente-abinader-entrega-50-camiones-compactadores-para-fortalecer-la-recogida-de-basura-y-proteger-la-salud-de-la-poblacion\\\/#mainImage\"},\"datePublished\":\"2026-09-01T19:52:14+00:00\",\"dateModified\":\"2026-09-01T19:52:17+00:00\"},{\"@type\":\"WebSite\",\"@id\":\"https:\\\/\\\/azuaalinstante.com\\\/#website\",\"url\":\"https:\\\/\\\/azuaalinstante.com\\\/\",\"name\":\"AZUA AL INSTANTE\",\"description\":\"SIEMPRE DETR\\u00c1S DE LA NOTICIA!\",\"inLanguage\":\"es-DO\",\"publisher\":{\"@id\":\"https:\\\/\\\/azuaalinstante.com\\\/#organization\"}}]}\n\t\t<\/script>\n\t\t<!-- All in One SEO -->\n\n","aioseo_head_json":{"title":"Presidente Abinader entrega 50 camiones compactadores para fortalecer la recogida de basura y proteger la salud de la poblaci\u00f3n - AZUA AL INSTANTE","description":"El ministro Bautista exhort\u00f3 a los alcaldes y directores distritales beneficiados con estos equipos a \u201ccuidar de ellos como si fueran propios evitando que al paso de dos o tres a\u00f1os aparezcan en un cementerio de chatarras\u201d Santo Domingo.- El presidente Luis Abinader, a trav\u00e9s del Ministerio Administrativo de la Presidencia (MAPRE), entreg\u00f3 50 camiones","canonical_url":"https:\/\/azuaalinstante.com\/index.php\/2026\/09\/01\/presidente-abinader-entrega-50-camiones-compactadores-para-fortalecer-la-recogida-de-basura-y-proteger-la-salud-de-la-poblacion\/","robots":"max-image-preview:large","keywords":"","webmasterTools":{"miscellaneous":""},"schema":{"@context":"https:\/\/schema.org","@graph":[{"@type":"BlogPosting","@id":"https:\/\/azuaalinstante.com\/index.php\/2026\/09\/01\/presidente-abinader-entrega-50-camiones-compactadores-para-fortalecer-la-recogida-de-basura-y-proteger-la-salud-de-la-poblacion\/#blogposting","name":"Presidente Abinader entrega 50 camiones compactadores para fortalecer la recogida de basura y proteger la salud de la poblaci\u00f3n - AZUA AL INSTANTE","headline":"Presidente Abinader entrega 50 camiones compactadores para fortalecer la recogida de basura y proteger la salud de la poblaci\u00f3n","author":{"@id":"https:\/\/azuaalinstante.com\/index.php\/author\/redaccion\/#author"},"publisher":{"@id":"https:\/\/azuaalinstante.com\/#organization"},"image":{"@type":"ImageObject","url":"https:\/\/azuaalinstante.com\/wp-content\/uploads\/2026\/09\/IMG-20260901-WA0120.jpg","width":1254,"height":836},"datePublished":"2026-09-01T19:52:14+00:00","dateModified":"2026-09-01T19:52:17+00:00","inLanguage":"es-DO","mainEntityOfPage":{"@id":"https:\/\/azuaalinstante.com\/index.php\/2026\/09\/01\/presidente-abinader-entrega-50-camiones-compactadores-para-fortalecer-la-recogida-de-basura-y-proteger-la-salud-de-la-poblacion\/#webpage"},"isPartOf":{"@id":"https:\/\/azuaalinstante.com\/index.php\/2026\/09\/01\/presidente-abinader-entrega-50-camiones-compactadores-para-fortalecer-la-recogida-de-basura-y-proteger-la-salud-de-la-poblacion\/#webpage"},"articleSection":"Rep\u00fablica"},{"@type":"BreadcrumbList","@id":"https:\/\/azuaalinstante.com\/index.php\/2026\/09\/01\/presidente-abinader-entrega-50-camiones-compactadores-para-fortalecer-la-recogida-de-basura-y-proteger-la-salud-de-la-poblacion\/#breadcrumblist","itemListElement":[{"@type":"ListItem","@id":"https:\/\/azuaalinstante.com#listItem","position":1,"name":"Home","item":"https:\/\/azuaalinstante.com","nextItem":{"@type":"ListItem","@id":"https:\/\/azuaalinstante.com\/index.php\/category\/republica\/#listItem","name":"Rep\u00fablica"}},{"@type":"ListItem","@id":"https:\/\/azuaalinstante.com\/index.php\/category\/republica\/#listItem","position":2,"name":"Rep\u00fablica","item":"https:\/\/azuaalinstante.com\/index.php\/category\/republica\/","nextItem":{"@type":"ListItem","@id":"https:\/\/azuaalinstante.com\/index.php\/2026\/09\/01\/presidente-abinader-entrega-50-camiones-compactadores-para-fortalecer-la-recogida-de-basura-y-proteger-la-salud-de-la-poblacion\/#listItem","name":"Presidente Abinader entrega 50 camiones compactadores para fortalecer la recogida de basura y proteger la salud de la poblaci\u00f3n"},"previousItem":{"@type":"ListItem","@id":"https:\/\/azuaalinstante.com#listItem","name":"Home"}},{"@type":"ListItem","@id":"https:\/\/azuaalinstante.com\/index.php\/2026\/09\/01\/presidente-abinader-entrega-50-camiones-compactadores-para-fortalecer-la-recogida-de-basura-y-proteger-la-salud-de-la-poblacion\/#listItem","position":3,"name":"Presidente Abinader entrega 50 camiones compactadores para fortalecer la recogida de basura y proteger la salud de la poblaci\u00f3n","previousItem":{"@type":"ListItem","@id":"https:\/\/azuaalinstante.com\/index.php\/category\/republica\/#listItem","name":"Rep\u00fablica"}}]},{"@type":"Organization","@id":"https:\/\/azuaalinstante.com\/#organization","name":"AZUA AL INSTANTE","description":"SIEMPRE DETR\u00c1S DE LA NOTICIA!","url":"https:\/\/azuaalinstante.com\/"},{"@type":"Person","@id":"https:\/\/azuaalinstante.com\/index.php\/author\/redaccion\/#author","url":"https:\/\/azuaalinstante.com\/index.php\/author\/redaccion\/","name":"Redacci\u00f3n","image":{"@type":"ImageObject","@id":"https:\/\/azuaalinstante.com\/index.php\/2026\/09\/01\/presidente-abinader-entrega-50-camiones-compactadores-para-fortalecer-la-recogida-de-basura-y-proteger-la-salud-de-la-poblacion\/#authorImage","url":"https:\/\/secure.gravatar.com\/avatar\/d68b136e956cb2c839632b9025c3df5f0812f547e1ff3ca13ce11a5b13bf209c?s=96&d=mm&r=g","width":96,"height":96,"caption":"Redacci\u00f3n"}},{"@type":"WebPage","@id":"https:\/\/azuaalinstante.com\/index.php\/2026\/09\/01\/presidente-abinader-entrega-50-camiones-compactadores-para-fortalecer-la-recogida-de-basura-y-proteger-la-salud-de-la-poblacion\/#webpage","url":"https:\/\/azuaalinstante.com\/index.php\/2026\/09\/01\/presidente-abinader-entrega-50-camiones-compactadores-para-fortalecer-la-recogida-de-basura-y-proteger-la-salud-de-la-poblacion\/","name":"Presidente Abinader entrega 50 camiones compactadores para fortalecer la recogida de basura y proteger la salud de la poblaci\u00f3n - AZUA AL INSTANTE","description":"El ministro Bautista exhort\u00f3 a los alcaldes y directores distritales beneficiados con estos equipos a \u201ccuidar de ellos como si fueran propios evitando que al paso de dos o tres a\u00f1os aparezcan en un cementerio de chatarras\u201d Santo Domingo.- El presidente Luis Abinader, a trav\u00e9s del Ministerio Administrativo de la Presidencia (MAPRE), entreg\u00f3 50 camiones","inLanguage":"es-DO","isPartOf":{"@id":"https:\/\/azuaalinstante.com\/#website"},"breadcrumb":{"@id":"https:\/\/azuaalinstante.com\/index.php\/2026\/09\/01\/presidente-abinader-entrega-50-camiones-compactadores-para-fortalecer-la-recogida-de-basura-y-proteger-la-salud-de-la-poblacion\/#breadcrumblist"},"author":{"@id":"https:\/\/azuaalinstante.com\/index.php\/author\/redaccion\/#author"},"creator":{"@id":"https:\/\/azuaalinstante.com\/index.php\/author\/redaccion\/#author"},"image":{"@type":"ImageObject","url":"https:\/\/azuaalinstante.com\/wp-content\/uploads\/2026\/09\/IMG-20260901-WA0120.jpg","@id":"https:\/\/azuaalinstante.com\/index.php\/2026\/09\/01\/presidente-abinader-entrega-50-camiones-compactadores-para-fortalecer-la-recogida-de-basura-y-proteger-la-salud-de-la-poblacion\/#mainImage","width":1254,"height":836},"primaryImageOfPage":{"@id":"https:\/\/azuaalinstante.com\/index.php\/2026\/09\/01\/presidente-abinader-entrega-50-camiones-compactadores-para-fortalecer-la-recogida-de-basura-y-proteger-la-salud-de-la-poblacion\/#mainImage"},"datePublished":"2026-09-01T19:52:14+00:00","dateModified":"2026-09-01T19:52:17+00:00"},{"@type":"WebSite","@id":"https:\/\/azuaalinstante.com\/#website","url":"https:\/\/azuaalinstante.com\/","name":"AZUA AL INSTANTE","description":"SIEMPRE DETR\u00c1S DE LA NOTICIA!","inLanguage":"es-DO","publisher":{"@id":"https:\/\/azuaalinstante.com\/#organization"}}]},"og:locale":"es_ES","og:site_name":"AZUA AL INSTANTE - SIEMPRE DETR\u00c1S DE LA NOTICIA!","og:type":"article","og:title":"Presidente Abinader entrega 50 camiones compactadores para fortalecer la recogida de basura y proteger la salud de la poblaci\u00f3n - AZUA AL INSTANTE","og:description":"El ministro Bautista exhort\u00f3 a los alcaldes y directores distritales beneficiados con estos equipos a \u201ccuidar de ellos como si fueran propios evitando que al paso de dos o tres a\u00f1os aparezcan en un cementerio de chatarras\u201d Santo Domingo.- El presidente Luis Abinader, a trav\u00e9s del Ministerio Administrativo de la Presidencia (MAPRE), entreg\u00f3 50 camiones","og:url":"https:\/\/azuaalinstante.com\/index.php\/2026\/09\/01\/presidente-abinader-entrega-50-camiones-compactadores-para-fortalecer-la-recogida-de-basura-y-proteger-la-salud-de-la-poblacion\/","article:published_time":"2026-09-01T19:52:14+00:00","article:modified_time":"2026-09-01T19:52:17+00:00","twitter:card":"summary_large_image","twitter:title":"Presidente Abinader entrega 50 camiones compactadores para fortalecer la recogida de basura y proteger la salud de la poblaci\u00f3n - AZUA AL INSTANTE","twitter:description":"El ministro Bautista exhort\u00f3 a los alcaldes y directores distritales beneficiados con estos equipos a \u201ccuidar de ellos como si fueran propios evitando que al paso de dos o tres a\u00f1os aparezcan en un cementerio de chatarras\u201d Santo Domingo.- El presidente Luis Abinader, a trav\u00e9s del Ministerio Administrativo de la Presidencia (MAPRE), entreg\u00f3 50 camiones"},"aioseo_meta_data":{"post_id":"14558","title":null,"description":null,"keywords":null,"keyphrases":{"focus":{"keyphrase":"","score":0,"analysis":{"keyphraseInTitle":{"score":0,"maxScore":9,"error":1}}},"additional":[]},"primary_term":null,"canonical_url":null,"og_title":null,"og_description":null,"og_object_type":"default","og_image_type":"default","og_image_url":null,"og_image_width":null,"og_image_height":null,"og_image_custom_url":null,"og_image_custom_fields":null,"og_video":"","og_custom_url":null,"og_article_section":null,"og_article_tags":null,"twitter_use_og":false,"twitter_card":"default","twitter_image_type":"default","twitter_image_url":null,"twitter_image_custom_url":null,"twitter_image_custom_fields":null,"twitter_title":null,"twitter_description":null,"schema":{"blockGraphs":[],"customGraphs":[],"default":{"data":{"Article":[],"Course":[],"Dataset":[],"FAQPage":[],"Movie":[],"Person":[],"Product":[],"ProductReview":[],"Car":[],"Recipe":[],"Service":[],"SoftwareApplication":[],"WebPage":[]},"graphName":"BlogPosting","isEnabled":true},"graphs":[]},"schema_type":"default","schema_type_options":null,"pillar_content":false,"robots_default":true,"robots_noindex":false,"robots_noarchive":false,"robots_nosnippet":false,"robots_nofollow":false,"robots_noimageindex":false,"robots_noodp":false,"robots_notranslate":false,"robots_max_snippet":"-1","robots_max_videopreview":"-1","robots_max_imagepreview":"large","priority":null,"frequency":"default","local_seo":null,"breadcrumb_settings":null,"limit_modified_date":false,"ai":{"faqs":[],"keyPoints":[],"schemas":[],"titles":[],"descriptions":[],"socialPosts":{"email":{"subject":"","preview":"","content":""},"linkedin":[],"twitter":[],"facebook":[],"instagram":[]}},"created":"2026-09-01 19:51:27","updated":"2026-09-01 19:53:25","seo_analyzer_scan_date":null},"aioseo_breadcrumb":"<div class=\"aioseo-breadcrumbs\"><span class=\"aioseo-breadcrumb\">\n\t\t\t<a href=\"https:\/\/azuaalinstante.com\" title=\"Home\">Home<\/a>\n\t\t<\/span><span class=\"aioseo-breadcrumb-separator\">&raquo;<\/span><span class=\"aioseo-breadcrumb\">\n\t\t\t<a href=\"https:\/\/azuaalinstante.com\/index.php\/category\/republica\/\" title=\"Rep\u00fablica\">Rep\u00fablica<\/a>\n\t\t<\/span><span class=\"aioseo-breadcrumb-separator\">&raquo;<\/span><span class=\"aioseo-breadcrumb\">\n\t\t\tPresidente Abinader entrega 50 camiones compactadores para fortalecer la recogida de basura y proteger la salud de la poblaci\u00f3n\n\t\t<\/span><\/div>","aioseo_breadcrumb_json":[{"label":"Home","link":"https:\/\/azuaalinstante.com"},{"label":"Rep\u00fablica","link":"https:\/\/azuaalinstante.com\/index.php\/category\/republica\/"},{"label":"Presidente Abinader entrega 50 camiones compactadores para fortalecer la recogida de basura y proteger la salud de la poblaci\u00f3n","link":"https:\/\/azuaalinstante.com\/index.php\/2026\/09\/01\/presidente-abinader-entrega-50-camiones-compactadores-para-fortalecer-la-recogida-de-basura-y-proteger-la-salud-de-la-poblacion\/"}],"_links":{"self":[{"href":"https:\/\/azuaalinstante.com\/index.php\/wp-json\/wp\/v2\/posts\/14558","targetHints":{"allow":["GET"]}}],"collection":[{"href":"https:\/\/azuaalinstante.com\/index.php\/wp-json\/wp\/v2\/posts"}],"about":[{"href":"https:\/\/azuaalinstante.com\/index.php\/wp-json\/wp\/v2\/types\/post"}],"author":[{"embeddable":true,"href":"https:\/\/azuaalinstante.com\/index.php\/wp-json\/wp\/v2\/users\/2"}],"replies":[{"embeddable":true,"href":"https:\/\/azuaalinstante.com\/index.php\/wp-json\/wp\/v2\/comments?post=14558"}],"version-history":[{"count":2,"href":"https:\/\/azuaalinstante.com\/index.php\/wp-json\/wp\/v2\/posts\/14558\/revisions"}],"predecessor-version":[{"id":14563,"href":"https:\/\/azuaalinstante.com\/index.php\/wp-json\/wp\/v2\/posts\/14558\/revisions\/14563"}],"wp:featuredmedia":[{"embeddable":true,"href":"https:\/\/azuaalinstante.com\/index.php\/wp-json\/wp\/v2\/media\/14560"}],"wp:attachment":[{"href":"https:\/\/azuaalinstante.com\/index.php\/wp-json\/wp\/v2\/media?parent=14558"}],"wp:term":[{"taxonomy":"category","embeddable":true,"href":"https:\/\/azuaalinstante.com\/index.php\/wp-json\/wp\/v2\/categories?post=14558"},{"taxonomy":"post_tag","embeddable":true,"href":"https:\/\/azuaalinstante.com\/index.php\/wp-json\/wp\/v2\/tags?post=14558"}],"curies":[{"name":"wp","href":"https:\/\/api.w.org\/{rel}","templated":true}]}}