{"id":14564,"date":"2026-09-01T20:00:22","date_gmt":"2026-09-01T20:00:22","guid":{"rendered":"https:\/\/azuaalinstante.com\/?p=14564"},"modified":"2026-09-01T20:00:27","modified_gmt":"2026-09-01T20:00:27","slug":"presidente-abinader-llama-a-147-servidores-publicos-graduados-a-poner-sus-conocimientos-al-servicio-de-la-ciudadania-y-ejercer-sus-funciones-con-etica-transparencia-y-honestidad","status":"publish","type":"post","link":"https:\/\/azuaalinstante.com\/index.php\/2026\/09\/01\/presidente-abinader-llama-a-147-servidores-publicos-graduados-a-poner-sus-conocimientos-al-servicio-de-la-ciudadania-y-ejercer-sus-funciones-con-etica-transparencia-y-honestidad\/","title":{"rendered":"Presidente Abinader llama a 147 servidores p\u00fablicos graduados a poner sus conocimientos al servicio de la ciudadan\u00eda y ejercer sus funciones con \u00e9tica, transparencia y honestidad"},"content":{"rendered":"\n<p class=\"wp-block-paragraph\"><em>La Maestr\u00eda en Gesti\u00f3n P\u00fablica y Gobernanza, iniciativa del presidente Luis Abinader, ha formado 346 profesionales, incluidos los 147 graduados en esta ceremonia y los 199 investidos previamente<\/em><\/p>\n\n\n\n<p class=\"wp-block-paragraph\"><em>En el mismo acto, la UASD invisti\u00f3 a 37 profesionales de la Maestr\u00eda en Procesos Pedag\u00f3gicos y Gesti\u00f3n de la Educaci\u00f3n Infantil<\/em><\/p>\n\n\n\n<p class=\"wp-block-paragraph\"><em>Santo Domingo.\u2013<\/em> El presidente Luis Abinader encabez\u00f3 este martes la graduaci\u00f3n de 147 servidores p\u00fablicos, 80 mujeres y 67 hombres, correspondientes a la segunda cohorte de la Maestr\u00eda en Gesti\u00f3n P\u00fablica y Gobernanza, iniciativa impulsada por el mandatario a trav\u00e9s del Instituto Nacional de Administraci\u00f3n P\u00fablica (INAP) e impartida por la Universidad Aut\u00f3noma de Santo Domingo (UASD), para fortalecer la formaci\u00f3n y profesionalizaci\u00f3n del servicio p\u00fablico.<\/p>\n\n\n<figure class=\"wp-block-gallery has-nested-images columns-default is-cropped wp-block-gallery-1 is-layout-flex wp-block-gallery-is-layout-flex\"><figure class=\"wp-block-image size-large\"><img loading=\"lazy\" decoding=\"async\" data-id=\"14566\" width=\"640\" height=\"427\" src=\"https:\/\/azuaalinstante.com\/wp-content\/uploads\/2026\/09\/IMG-20260901-WA0102-1024x683.jpg\" class=\"wp-image-14566\" alt=\"\" srcset=\"https:\/\/azuaalinstante.com\/wp-content\/uploads\/2026\/09\/IMG-20260901-WA0102-1024x683.jpg 1024w, https:\/\/azuaalinstante.com\/wp-content\/uploads\/2026\/09\/IMG-20260901-WA0102-300x200.jpg 300w, https:\/\/azuaalinstante.com\/wp-content\/uploads\/2026\/09\/IMG-20260901-WA0102-768x512.jpg 768w, https:\/\/azuaalinstante.com\/wp-content\/uploads\/2026\/09\/IMG-20260901-WA0102.jpg 1280w\" sizes=\"auto, (max-width: 640px) 100vw, 640px\" \/><\/figure><figure class=\"wp-block-image size-large\"><img loading=\"lazy\" decoding=\"async\" data-id=\"14565\" width=\"640\" height=\"427\" src=\"https:\/\/azuaalinstante.com\/wp-content\/uploads\/2026\/09\/IMG-20260901-WA0097-1024x683.jpg\" class=\"wp-image-14565\" alt=\"\" srcset=\"https:\/\/azuaalinstante.com\/wp-content\/uploads\/2026\/09\/IMG-20260901-WA0097-1024x683.jpg 1024w, https:\/\/azuaalinstante.com\/wp-content\/uploads\/2026\/09\/IMG-20260901-WA0097-300x200.jpg 300w, https:\/\/azuaalinstante.com\/wp-content\/uploads\/2026\/09\/IMG-20260901-WA0097-768x512.jpg 768w, https:\/\/azuaalinstante.com\/wp-content\/uploads\/2026\/09\/IMG-20260901-WA0097.jpg 1280w\" sizes=\"auto, (max-width: 640px) 100vw, 640px\" \/><\/figure><\/figure>\n\n\n<p class=\"wp-block-paragraph\">La Maestr\u00eda en Gesti\u00f3n P\u00fablica y Gobernanza es una iniciativa impulsada por el presidente Luis Abinader para fortalecer la profesionalizaci\u00f3n y las capacidades de los servidores p\u00fablicos. Con los 147 graduados de esta ceremonia y los 199 investidos previamente de la misma cohorte, el programa alcanza un total de 346 profesionales formados.<\/p>\n\n\n\n<p class=\"wp-block-paragraph\">En el mismo acto, la UASD invisti\u00f3 a 37 profesionales de la Maestr\u00eda en Procesos Pedag\u00f3gicos y Gesti\u00f3n de la Educaci\u00f3n Infantil, quienes ampliaron sus conocimientos y competencias para contribuir al fortalecimiento de la educaci\u00f3n en la primera infancia en la Rep\u00fablica Dominicana.<\/p>\n\n\n\n<p class=\"wp-block-paragraph\">Durante la ceremonia, celebrada en el Aula Magna de la UASD, el mandatario exhort\u00f3 a los graduandos a poner los conocimientos adquiridos al servicio de la ciudadan\u00eda y ejercer sus funciones con \u00e9tica, transparencia y honestidad, valores que consider\u00f3 fundamentales para asumir con responsabilidad el servicio p\u00fablico. \u201cLa primera virtud que debe tener un funcionario p\u00fablico es la transparencia, la honestidad y despu\u00e9s vienen las otras\u201d, manifest\u00f3.<\/p>\n\n\n\n<p class=\"wp-block-paragraph\">El mandatario afirm\u00f3 que la transformaci\u00f3n del pa\u00eds no depende \u00fanicamente de las grandes decisiones de un presidente o de un Gobierno, sino tambi\u00e9n de las miles de decisiones que toman cada d\u00eda servidores p\u00fablicos responsables, preparados y honestos y resalt\u00f3 que la promoci\u00f3n est\u00e1 integrada por servidores p\u00fablicos de distintas regiones del pa\u00eds y se\u00f1al\u00f3 que las oportunidades de preparaci\u00f3n y crecimiento profesional no deben concentrarse en Santo Domingo. En ese sentido, indic\u00f3 que el programa ha llegado a provincias como Santiago, La Altagracia, Duarte, San Juan de la Maguana, Salcedo, San Pedro de Macor\u00eds y La Romana, entre otras, bajo la premisa de que donde existe una instituci\u00f3n p\u00fablica tambi\u00e9n deben existir servidores capacitados para responder a las necesidades de la poblaci\u00f3n.<\/p>\n\n\n\n<p class=\"wp-block-paragraph\">Abinader inform\u00f3 que a finales de a\u00f1o otros 500 servidores p\u00fablicos iniciar\u00e1n esta maestr\u00eda, con formaci\u00f3n en \u00e1reas como transformaci\u00f3n digital, gesti\u00f3n y evaluaci\u00f3n de proyectos, recursos humanos y finanzas p\u00fablicas. Asimismo, felicit\u00f3 a los graduandos por el esfuerzo realizado para completar el programa y afirm\u00f3 que su prop\u00f3sito trasciende la obtenci\u00f3n de un t\u00edtulo acad\u00e9mico. \u201cSe han preparado mejor para poder servir mejor\u201d, expres\u00f3.<\/p>\n\n\n\n<p class=\"wp-block-paragraph\">El presidente exhort\u00f3 a los nuevos profesionales a convertirse en agentes de cambio en sus instituciones, provincias y comunidades, mediante la aplicaci\u00f3n de los conocimientos adquiridos para simplificar procesos, aprovechar la tecnolog\u00eda, administrar los recursos con rigor y mejorar los servicios p\u00fablicos.<\/p>\n\n\n\n<p class=\"wp-block-paragraph\">\u201cTrabajamos para la gente. Ese es el sentido profundo del servicio p\u00fablico\u201d, afirm\u00f3, al recordar que detr\u00e1s de cada expediente existe una persona y que detr\u00e1s de cada decisi\u00f3n p\u00fablica hay recursos que pertenecen a todos los dominicanos.<\/p>\n\n\n\n<p class=\"wp-block-paragraph\"><em>UASD destaca compromiso con el servicio p\u00fablico<\/em><\/p>\n\n\n\n<p class=\"wp-block-paragraph\">El rector de la Universidad Aut\u00f3noma de Santo Domingo (UASD), doctor Jorge Asjana, felicit\u00f3 a los graduandos por alcanzar un nuevo grado acad\u00e9mico y, especialmente, por haber elegido la Gesti\u00f3n P\u00fablica y Gobernanza como \u00e1rea de formaci\u00f3n, al destacar que esta decisi\u00f3n refleja su vocaci\u00f3n de servicio y compromiso con la sociedad, al entender la funci\u00f3n p\u00fablica como una responsabilidad que demanda preparaci\u00f3n, honestidad, capacidad y \u00e9tica.<\/p>\n\n\n\n<p class=\"wp-block-paragraph\">Asjana llam\u00f3 a los maestrantes a poner sus conocimientos al servicio de la transformaci\u00f3n del Estado y del pa\u00eds, y les pidi\u00f3 asumir sus responsabilidades con compromiso, recordar sus ra\u00edces y llevar con orgullo el prestigio de ser egresados de la UASD.<\/p>\n\n\n\n<p class=\"wp-block-paragraph\"><em>Educaci\u00f3n para fortalecer el Estado<\/em><\/p>\n\n\n\n<p class=\"wp-block-paragraph\">De su lado, el director del Instituto Nacional de Administraci\u00f3n P\u00fablica (INAP), Gregorio Montero Montero, destac\u00f3 que la educaci\u00f3n constituye una herramienta fundamental para fortalecer el Estado y la institucionalidad p\u00fablica, al contribuir a la generaci\u00f3n de conocimientos y a la transformaci\u00f3n de conductas.<\/p>\n\n\n\n<p class=\"wp-block-paragraph\">Record\u00f3 que hace seis meses se realiz\u00f3 una primera ceremonia en la que fueron investidos 199 maestrantes de esta cohorte, mientras que en esta ocasi\u00f3n se incorporan otros 147 graduados de la Maestr\u00eda en Gesti\u00f3n P\u00fablica y Gobernanza, desarrollada mediante acuerdos entre el INAP, el Ministerio de Administraci\u00f3n P\u00fablica (MAP) y la UASD. Les dijo a los nuevos profesionales aque deben de aplicar los conocimientos y experiencias adquiridos en sus instituciones, en el Gobierno y en el pa\u00eds, con el objetivo de contribuir a mejorar la calidad de los servicios p\u00fablicos y la calidad de vida de los ciudadanos.<\/p>\n\n\n\n<p class=\"wp-block-paragraph\"><em>Agradece al presidente por la profesionalizaci\u00f3n del servicio p\u00fablico<\/em><\/p>\n\n\n\n<p class=\"wp-block-paragraph\">En representaci\u00f3n de la primera cohorte de la Maestr\u00eda en Gesti\u00f3n P\u00fablica y Gobernanza, menci\u00f3n Innovaci\u00f3n y Transformaci\u00f3n Digital, el graduando Cecilio Alberto Mej\u00eda agradeci\u00f3 a las autoridades por impulsar la profesionalizaci\u00f3n del servicio p\u00fablico y al presidente Luis Abinader por su visi\u00f3n y respaldo al programa.<\/p>\n\n\n\n<p class=\"wp-block-paragraph\">Destac\u00f3 que durante los dos a\u00f1os de formaci\u00f3n adquirieron conocimientos y herramientas para fortalecer la gesti\u00f3n p\u00fablica y contribuir a la transformaci\u00f3n de las instituciones.<\/p>\n\n\n\n<p class=\"wp-block-paragraph\"><em>Cuatro \u00e1reas de especializaci\u00f3n<\/em><\/p>\n\n\n\n<p class=\"wp-block-paragraph\">La Maestr\u00eda en Gesti\u00f3n P\u00fablica y Gobernanza fue estructurada en cuatro menciones: Gesti\u00f3n de Finanzas P\u00fablicas, Innovaci\u00f3n y Transformaci\u00f3n Digital, Gesti\u00f3n de Recursos Humanos y Gesti\u00f3n y Evaluaci\u00f3n de Proyectos, orientadas a fortalecer las competencias t\u00e9cnicas y estrat\u00e9gicas de los servidores p\u00fablicos para una administraci\u00f3n m\u00e1s eficiente y moderna.<\/p>\n\n\n\n<p class=\"wp-block-paragraph\">Estuvieron presentes el presidente del Senado Ricardo de los Santos; los ministros de Administraci\u00f3n P\u00fablica, Sigmund Freund, y de Educaci\u00f3n Superior, Ciencia y Tecnolog\u00eda, Rafael Santos Bad\u00eda; as\u00ed como los vicerrectores de la UASD Rosel Fern\u00e1ndez, Docente; Antonio Ciriaco Cruz, Administrativo; Juana M. Encarnaci\u00f3n, de Investigaci\u00f3n y Postgrado; y Gerardo Roa Ogando, de Extensi\u00f3n, entre otras personalidades.<\/p>\n\n\n\n<p class=\"wp-block-paragraph\"><em>Direcci\u00f3n de Prensa del Presidente<\/em><\/p>\n","protected":false},"excerpt":{"rendered":"<p>La Maestr\u00eda en Gesti\u00f3n P\u00fablica y Gobernanza, iniciativa del presidente Luis Abinader, ha formado 346 profesionales, incluidos los 147 graduados en esta ceremonia y los 199 investidos previamente En el mismo acto, la UASD invisti\u00f3 a 37 profesionales de la Maestr\u00eda en Procesos Pedag\u00f3gicos y Gesti\u00f3n de la Educaci\u00f3n Infantil Santo Domingo.\u2013 El presidente Luis [&hellip;]<\/p>\n","protected":false},"author":2,"featured_media":14565,"comment_status":"open","ping_status":"open","sticky":false,"template":"","format":"standard","meta":{"_monsterinsights_skip_tracking":false,"footnotes":""},"categories":[5],"tags":[],"class_list":["post-14564","post","type-post","status-publish","format-standard","has-post-thumbnail","hentry","category-republica"],"aioseo_notices":[],"aioseo_head":"\n\t\t<!-- All in One SEO 4.9.10 - aioseo.com -->\n\t<meta name=\"description\" content=\"La Maestr\u00eda en Gesti\u00f3n P\u00fablica y Gobernanza, iniciativa del presidente Luis Abinader, ha formado 346 profesionales, incluidos los 147 graduados en esta ceremonia y los 199 investidos previamente En el mismo acto, la UASD invisti\u00f3 a 37 profesionales de la Maestr\u00eda en Procesos Pedag\u00f3gicos y Gesti\u00f3n de la Educaci\u00f3n Infantil Santo Domingo.\u2013 El presidente Luis\" \/>\n\t<meta name=\"robots\" content=\"max-image-preview:large\" \/>\n\t<meta name=\"author\" content=\"Redacci\u00f3n\"\/>\n\t<link rel=\"canonical\" href=\"https:\/\/azuaalinstante.com\/index.php\/2026\/09\/01\/presidente-abinader-llama-a-147-servidores-publicos-graduados-a-poner-sus-conocimientos-al-servicio-de-la-ciudadania-y-ejercer-sus-funciones-con-etica-transparencia-y-honestidad\/\" \/>\n\t<meta name=\"generator\" content=\"All in One SEO (AIOSEO) 4.9.10\" \/>\n\t\t<meta property=\"og:locale\" content=\"es_ES\" \/>\n\t\t<meta property=\"og:site_name\" content=\"AZUA AL INSTANTE - SIEMPRE DETR\u00c1S DE LA NOTICIA!\" \/>\n\t\t<meta property=\"og:type\" content=\"article\" \/>\n\t\t<meta property=\"og:title\" content=\"Presidente Abinader llama a 147 servidores p\u00fablicos graduados a poner sus conocimientos al servicio de la ciudadan\u00eda y ejercer sus funciones con \u00e9tica, transparencia y honestidad - AZUA AL INSTANTE\" \/>\n\t\t<meta property=\"og:description\" content=\"La Maestr\u00eda en Gesti\u00f3n P\u00fablica y Gobernanza, iniciativa del presidente Luis Abinader, ha formado 346 profesionales, incluidos los 147 graduados en esta ceremonia y los 199 investidos previamente En el mismo acto, la UASD invisti\u00f3 a 37 profesionales de la Maestr\u00eda en Procesos Pedag\u00f3gicos y Gesti\u00f3n de la Educaci\u00f3n Infantil Santo Domingo.\u2013 El presidente Luis\" \/>\n\t\t<meta property=\"og:url\" content=\"https:\/\/azuaalinstante.com\/index.php\/2026\/09\/01\/presidente-abinader-llama-a-147-servidores-publicos-graduados-a-poner-sus-conocimientos-al-servicio-de-la-ciudadania-y-ejercer-sus-funciones-con-etica-transparencia-y-honestidad\/\" \/>\n\t\t<meta property=\"article:published_time\" content=\"2026-09-01T20:00:22+00:00\" \/>\n\t\t<meta property=\"article:modified_time\" content=\"2026-09-01T20:00:27+00:00\" \/>\n\t\t<meta name=\"twitter:card\" content=\"summary_large_image\" \/>\n\t\t<meta name=\"twitter:title\" content=\"Presidente Abinader llama a 147 servidores p\u00fablicos graduados a poner sus conocimientos al servicio de la ciudadan\u00eda y ejercer sus funciones con \u00e9tica, transparencia y honestidad - AZUA AL INSTANTE\" \/>\n\t\t<meta name=\"twitter:description\" content=\"La Maestr\u00eda en Gesti\u00f3n P\u00fablica y Gobernanza, iniciativa del presidente Luis Abinader, ha formado 346 profesionales, incluidos los 147 graduados en esta ceremonia y los 199 investidos previamente En el mismo acto, la UASD invisti\u00f3 a 37 profesionales de la Maestr\u00eda en Procesos Pedag\u00f3gicos y Gesti\u00f3n de la Educaci\u00f3n Infantil Santo Domingo.\u2013 El presidente Luis\" \/>\n\t\t<script type=\"application\/ld+json\" class=\"aioseo-schema\">\n\t\t\t{\"@context\":\"https:\\\/\\\/schema.org\",\"@graph\":[{\"@type\":\"BlogPosting\",\"@id\":\"https:\\\/\\\/azuaalinstante.com\\\/index.php\\\/2026\\\/09\\\/01\\\/presidente-abinader-llama-a-147-servidores-publicos-graduados-a-poner-sus-conocimientos-al-servicio-de-la-ciudadania-y-ejercer-sus-funciones-con-etica-transparencia-y-honestidad\\\/#blogposting\",\"name\":\"Presidente Abinader llama a 147 servidores p\\u00fablicos graduados a poner sus conocimientos al servicio de la ciudadan\\u00eda y ejercer sus funciones con \\u00e9tica, transparencia y honestidad - AZUA AL INSTANTE\",\"headline\":\"Presidente Abinader llama a 147 servidores p\\u00fablicos graduados a poner sus conocimientos al servicio de la ciudadan\\u00eda y ejercer sus funciones con \\u00e9tica, transparencia y honestidad\",\"author\":{\"@id\":\"https:\\\/\\\/azuaalinstante.com\\\/index.php\\\/author\\\/redaccion\\\/#author\"},\"publisher\":{\"@id\":\"https:\\\/\\\/azuaalinstante.com\\\/#organization\"},\"image\":{\"@type\":\"ImageObject\",\"url\":\"https:\\\/\\\/azuaalinstante.com\\\/wp-content\\\/uploads\\\/2026\\\/09\\\/IMG-20260901-WA0097.jpg\",\"width\":1280,\"height\":854},\"datePublished\":\"2026-09-01T20:00:22+00:00\",\"dateModified\":\"2026-09-01T20:00:27+00:00\",\"inLanguage\":\"es-DO\",\"mainEntityOfPage\":{\"@id\":\"https:\\\/\\\/azuaalinstante.com\\\/index.php\\\/2026\\\/09\\\/01\\\/presidente-abinader-llama-a-147-servidores-publicos-graduados-a-poner-sus-conocimientos-al-servicio-de-la-ciudadania-y-ejercer-sus-funciones-con-etica-transparencia-y-honestidad\\\/#webpage\"},\"isPartOf\":{\"@id\":\"https:\\\/\\\/azuaalinstante.com\\\/index.php\\\/2026\\\/09\\\/01\\\/presidente-abinader-llama-a-147-servidores-publicos-graduados-a-poner-sus-conocimientos-al-servicio-de-la-ciudadania-y-ejercer-sus-funciones-con-etica-transparencia-y-honestidad\\\/#webpage\"},\"articleSection\":\"Rep\\u00fablica\"},{\"@type\":\"BreadcrumbList\",\"@id\":\"https:\\\/\\\/azuaalinstante.com\\\/index.php\\\/2026\\\/09\\\/01\\\/presidente-abinader-llama-a-147-servidores-publicos-graduados-a-poner-sus-conocimientos-al-servicio-de-la-ciudadania-y-ejercer-sus-funciones-con-etica-transparencia-y-honestidad\\\/#breadcrumblist\",\"itemListElement\":[{\"@type\":\"ListItem\",\"@id\":\"https:\\\/\\\/azuaalinstante.com#listItem\",\"position\":1,\"name\":\"Home\",\"item\":\"https:\\\/\\\/azuaalinstante.com\",\"nextItem\":{\"@type\":\"ListItem\",\"@id\":\"https:\\\/\\\/azuaalinstante.com\\\/index.php\\\/category\\\/republica\\\/#listItem\",\"name\":\"Rep\\u00fablica\"}},{\"@type\":\"ListItem\",\"@id\":\"https:\\\/\\\/azuaalinstante.com\\\/index.php\\\/category\\\/republica\\\/#listItem\",\"position\":2,\"name\":\"Rep\\u00fablica\",\"item\":\"https:\\\/\\\/azuaalinstante.com\\\/index.php\\\/category\\\/republica\\\/\",\"nextItem\":{\"@type\":\"ListItem\",\"@id\":\"https:\\\/\\\/azuaalinstante.com\\\/index.php\\\/2026\\\/09\\\/01\\\/presidente-abinader-llama-a-147-servidores-publicos-graduados-a-poner-sus-conocimientos-al-servicio-de-la-ciudadania-y-ejercer-sus-funciones-con-etica-transparencia-y-honestidad\\\/#listItem\",\"name\":\"Presidente Abinader llama a 147 servidores p\\u00fablicos graduados a poner sus conocimientos al servicio de la ciudadan\\u00eda y ejercer sus funciones con \\u00e9tica, transparencia y honestidad\"},\"previousItem\":{\"@type\":\"ListItem\",\"@id\":\"https:\\\/\\\/azuaalinstante.com#listItem\",\"name\":\"Home\"}},{\"@type\":\"ListItem\",\"@id\":\"https:\\\/\\\/azuaalinstante.com\\\/index.php\\\/2026\\\/09\\\/01\\\/presidente-abinader-llama-a-147-servidores-publicos-graduados-a-poner-sus-conocimientos-al-servicio-de-la-ciudadania-y-ejercer-sus-funciones-con-etica-transparencia-y-honestidad\\\/#listItem\",\"position\":3,\"name\":\"Presidente Abinader llama a 147 servidores p\\u00fablicos graduados a poner sus conocimientos al servicio de la ciudadan\\u00eda y ejercer sus funciones con \\u00e9tica, transparencia y honestidad\",\"previousItem\":{\"@type\":\"ListItem\",\"@id\":\"https:\\\/\\\/azuaalinstante.com\\\/index.php\\\/category\\\/republica\\\/#listItem\",\"name\":\"Rep\\u00fablica\"}}]},{\"@type\":\"Organization\",\"@id\":\"https:\\\/\\\/azuaalinstante.com\\\/#organization\",\"name\":\"AZUA AL INSTANTE\",\"description\":\"SIEMPRE DETR\\u00c1S DE LA NOTICIA!\",\"url\":\"https:\\\/\\\/azuaalinstante.com\\\/\"},{\"@type\":\"Person\",\"@id\":\"https:\\\/\\\/azuaalinstante.com\\\/index.php\\\/author\\\/redaccion\\\/#author\",\"url\":\"https:\\\/\\\/azuaalinstante.com\\\/index.php\\\/author\\\/redaccion\\\/\",\"name\":\"Redacci\\u00f3n\",\"image\":{\"@type\":\"ImageObject\",\"@id\":\"https:\\\/\\\/azuaalinstante.com\\\/index.php\\\/2026\\\/09\\\/01\\\/presidente-abinader-llama-a-147-servidores-publicos-graduados-a-poner-sus-conocimientos-al-servicio-de-la-ciudadania-y-ejercer-sus-funciones-con-etica-transparencia-y-honestidad\\\/#authorImage\",\"url\":\"https:\\\/\\\/secure.gravatar.com\\\/avatar\\\/d68b136e956cb2c839632b9025c3df5f0812f547e1ff3ca13ce11a5b13bf209c?s=96&d=mm&r=g\",\"width\":96,\"height\":96,\"caption\":\"Redacci\\u00f3n\"}},{\"@type\":\"WebPage\",\"@id\":\"https:\\\/\\\/azuaalinstante.com\\\/index.php\\\/2026\\\/09\\\/01\\\/presidente-abinader-llama-a-147-servidores-publicos-graduados-a-poner-sus-conocimientos-al-servicio-de-la-ciudadania-y-ejercer-sus-funciones-con-etica-transparencia-y-honestidad\\\/#webpage\",\"url\":\"https:\\\/\\\/azuaalinstante.com\\\/index.php\\\/2026\\\/09\\\/01\\\/presidente-abinader-llama-a-147-servidores-publicos-graduados-a-poner-sus-conocimientos-al-servicio-de-la-ciudadania-y-ejercer-sus-funciones-con-etica-transparencia-y-honestidad\\\/\",\"name\":\"Presidente Abinader llama a 147 servidores p\\u00fablicos graduados a poner sus conocimientos al servicio de la ciudadan\\u00eda y ejercer sus funciones con \\u00e9tica, transparencia y honestidad - AZUA AL INSTANTE\",\"description\":\"La Maestr\\u00eda en Gesti\\u00f3n P\\u00fablica y Gobernanza, iniciativa del presidente Luis Abinader, ha formado 346 profesionales, incluidos los 147 graduados en esta ceremonia y los 199 investidos previamente En el mismo acto, la UASD invisti\\u00f3 a 37 profesionales de la Maestr\\u00eda en Procesos Pedag\\u00f3gicos y Gesti\\u00f3n de la Educaci\\u00f3n Infantil Santo Domingo.\\u2013 El presidente Luis\",\"inLanguage\":\"es-DO\",\"isPartOf\":{\"@id\":\"https:\\\/\\\/azuaalinstante.com\\\/#website\"},\"breadcrumb\":{\"@id\":\"https:\\\/\\\/azuaalinstante.com\\\/index.php\\\/2026\\\/09\\\/01\\\/presidente-abinader-llama-a-147-servidores-publicos-graduados-a-poner-sus-conocimientos-al-servicio-de-la-ciudadania-y-ejercer-sus-funciones-con-etica-transparencia-y-honestidad\\\/#breadcrumblist\"},\"author\":{\"@id\":\"https:\\\/\\\/azuaalinstante.com\\\/index.php\\\/author\\\/redaccion\\\/#author\"},\"creator\":{\"@id\":\"https:\\\/\\\/azuaalinstante.com\\\/index.php\\\/author\\\/redaccion\\\/#author\"},\"image\":{\"@type\":\"ImageObject\",\"url\":\"https:\\\/\\\/azuaalinstante.com\\\/wp-content\\\/uploads\\\/2026\\\/09\\\/IMG-20260901-WA0097.jpg\",\"@id\":\"https:\\\/\\\/azuaalinstante.com\\\/index.php\\\/2026\\\/09\\\/01\\\/presidente-abinader-llama-a-147-servidores-publicos-graduados-a-poner-sus-conocimientos-al-servicio-de-la-ciudadania-y-ejercer-sus-funciones-con-etica-transparencia-y-honestidad\\\/#mainImage\",\"width\":1280,\"height\":854},\"primaryImageOfPage\":{\"@id\":\"https:\\\/\\\/azuaalinstante.com\\\/index.php\\\/2026\\\/09\\\/01\\\/presidente-abinader-llama-a-147-servidores-publicos-graduados-a-poner-sus-conocimientos-al-servicio-de-la-ciudadania-y-ejercer-sus-funciones-con-etica-transparencia-y-honestidad\\\/#mainImage\"},\"datePublished\":\"2026-09-01T20:00:22+00:00\",\"dateModified\":\"2026-09-01T20:00:27+00:00\"},{\"@type\":\"WebSite\",\"@id\":\"https:\\\/\\\/azuaalinstante.com\\\/#website\",\"url\":\"https:\\\/\\\/azuaalinstante.com\\\/\",\"name\":\"AZUA AL INSTANTE\",\"description\":\"SIEMPRE DETR\\u00c1S DE LA NOTICIA!\",\"inLanguage\":\"es-DO\",\"publisher\":{\"@id\":\"https:\\\/\\\/azuaalinstante.com\\\/#organization\"}}]}\n\t\t<\/script>\n\t\t<!-- All in One SEO -->\n\n","aioseo_head_json":{"title":"Presidente Abinader llama a 147 servidores p\u00fablicos graduados a poner sus conocimientos al servicio de la ciudadan\u00eda y ejercer sus funciones con \u00e9tica, transparencia y honestidad - AZUA AL INSTANTE","description":"La Maestr\u00eda en Gesti\u00f3n P\u00fablica y Gobernanza, iniciativa del presidente Luis Abinader, ha formado 346 profesionales, incluidos los 147 graduados en esta ceremonia y los 199 investidos previamente En el mismo acto, la UASD invisti\u00f3 a 37 profesionales de la Maestr\u00eda en Procesos Pedag\u00f3gicos y Gesti\u00f3n de la Educaci\u00f3n Infantil Santo Domingo.\u2013 El presidente Luis","canonical_url":"https:\/\/azuaalinstante.com\/index.php\/2026\/09\/01\/presidente-abinader-llama-a-147-servidores-publicos-graduados-a-poner-sus-conocimientos-al-servicio-de-la-ciudadania-y-ejercer-sus-funciones-con-etica-transparencia-y-honestidad\/","robots":"max-image-preview:large","keywords":"","webmasterTools":{"miscellaneous":""},"schema":{"@context":"https:\/\/schema.org","@graph":[{"@type":"BlogPosting","@id":"https:\/\/azuaalinstante.com\/index.php\/2026\/09\/01\/presidente-abinader-llama-a-147-servidores-publicos-graduados-a-poner-sus-conocimientos-al-servicio-de-la-ciudadania-y-ejercer-sus-funciones-con-etica-transparencia-y-honestidad\/#blogposting","name":"Presidente Abinader llama a 147 servidores p\u00fablicos graduados a poner sus conocimientos al servicio de la ciudadan\u00eda y ejercer sus funciones con \u00e9tica, transparencia y honestidad - AZUA AL INSTANTE","headline":"Presidente Abinader llama a 147 servidores p\u00fablicos graduados a poner sus conocimientos al servicio de la ciudadan\u00eda y ejercer sus funciones con \u00e9tica, transparencia y honestidad","author":{"@id":"https:\/\/azuaalinstante.com\/index.php\/author\/redaccion\/#author"},"publisher":{"@id":"https:\/\/azuaalinstante.com\/#organization"},"image":{"@type":"ImageObject","url":"https:\/\/azuaalinstante.com\/wp-content\/uploads\/2026\/09\/IMG-20260901-WA0097.jpg","width":1280,"height":854},"datePublished":"2026-09-01T20:00:22+00:00","dateModified":"2026-09-01T20:00:27+00:00","inLanguage":"es-DO","mainEntityOfPage":{"@id":"https:\/\/azuaalinstante.com\/index.php\/2026\/09\/01\/presidente-abinader-llama-a-147-servidores-publicos-graduados-a-poner-sus-conocimientos-al-servicio-de-la-ciudadania-y-ejercer-sus-funciones-con-etica-transparencia-y-honestidad\/#webpage"},"isPartOf":{"@id":"https:\/\/azuaalinstante.com\/index.php\/2026\/09\/01\/presidente-abinader-llama-a-147-servidores-publicos-graduados-a-poner-sus-conocimientos-al-servicio-de-la-ciudadania-y-ejercer-sus-funciones-con-etica-transparencia-y-honestidad\/#webpage"},"articleSection":"Rep\u00fablica"},{"@type":"BreadcrumbList","@id":"https:\/\/azuaalinstante.com\/index.php\/2026\/09\/01\/presidente-abinader-llama-a-147-servidores-publicos-graduados-a-poner-sus-conocimientos-al-servicio-de-la-ciudadania-y-ejercer-sus-funciones-con-etica-transparencia-y-honestidad\/#breadcrumblist","itemListElement":[{"@type":"ListItem","@id":"https:\/\/azuaalinstante.com#listItem","position":1,"name":"Home","item":"https:\/\/azuaalinstante.com","nextItem":{"@type":"ListItem","@id":"https:\/\/azuaalinstante.com\/index.php\/category\/republica\/#listItem","name":"Rep\u00fablica"}},{"@type":"ListItem","@id":"https:\/\/azuaalinstante.com\/index.php\/category\/republica\/#listItem","position":2,"name":"Rep\u00fablica","item":"https:\/\/azuaalinstante.com\/index.php\/category\/republica\/","nextItem":{"@type":"ListItem","@id":"https:\/\/azuaalinstante.com\/index.php\/2026\/09\/01\/presidente-abinader-llama-a-147-servidores-publicos-graduados-a-poner-sus-conocimientos-al-servicio-de-la-ciudadania-y-ejercer-sus-funciones-con-etica-transparencia-y-honestidad\/#listItem","name":"Presidente Abinader llama a 147 servidores p\u00fablicos graduados a poner sus conocimientos al servicio de la ciudadan\u00eda y ejercer sus funciones con \u00e9tica, transparencia y honestidad"},"previousItem":{"@type":"ListItem","@id":"https:\/\/azuaalinstante.com#listItem","name":"Home"}},{"@type":"ListItem","@id":"https:\/\/azuaalinstante.com\/index.php\/2026\/09\/01\/presidente-abinader-llama-a-147-servidores-publicos-graduados-a-poner-sus-conocimientos-al-servicio-de-la-ciudadania-y-ejercer-sus-funciones-con-etica-transparencia-y-honestidad\/#listItem","position":3,"name":"Presidente Abinader llama a 147 servidores p\u00fablicos graduados a poner sus conocimientos al servicio de la ciudadan\u00eda y ejercer sus funciones con \u00e9tica, transparencia y honestidad","previousItem":{"@type":"ListItem","@id":"https:\/\/azuaalinstante.com\/index.php\/category\/republica\/#listItem","name":"Rep\u00fablica"}}]},{"@type":"Organization","@id":"https:\/\/azuaalinstante.com\/#organization","name":"AZUA AL INSTANTE","description":"SIEMPRE DETR\u00c1S DE LA NOTICIA!","url":"https:\/\/azuaalinstante.com\/"},{"@type":"Person","@id":"https:\/\/azuaalinstante.com\/index.php\/author\/redaccion\/#author","url":"https:\/\/azuaalinstante.com\/index.php\/author\/redaccion\/","name":"Redacci\u00f3n","image":{"@type":"ImageObject","@id":"https:\/\/azuaalinstante.com\/index.php\/2026\/09\/01\/presidente-abinader-llama-a-147-servidores-publicos-graduados-a-poner-sus-conocimientos-al-servicio-de-la-ciudadania-y-ejercer-sus-funciones-con-etica-transparencia-y-honestidad\/#authorImage","url":"https:\/\/secure.gravatar.com\/avatar\/d68b136e956cb2c839632b9025c3df5f0812f547e1ff3ca13ce11a5b13bf209c?s=96&d=mm&r=g","width":96,"height":96,"caption":"Redacci\u00f3n"}},{"@type":"WebPage","@id":"https:\/\/azuaalinstante.com\/index.php\/2026\/09\/01\/presidente-abinader-llama-a-147-servidores-publicos-graduados-a-poner-sus-conocimientos-al-servicio-de-la-ciudadania-y-ejercer-sus-funciones-con-etica-transparencia-y-honestidad\/#webpage","url":"https:\/\/azuaalinstante.com\/index.php\/2026\/09\/01\/presidente-abinader-llama-a-147-servidores-publicos-graduados-a-poner-sus-conocimientos-al-servicio-de-la-ciudadania-y-ejercer-sus-funciones-con-etica-transparencia-y-honestidad\/","name":"Presidente Abinader llama a 147 servidores p\u00fablicos graduados a poner sus conocimientos al servicio de la ciudadan\u00eda y ejercer sus funciones con \u00e9tica, transparencia y honestidad - AZUA AL INSTANTE","description":"La Maestr\u00eda en Gesti\u00f3n P\u00fablica y Gobernanza, iniciativa del presidente Luis Abinader, ha formado 346 profesionales, incluidos los 147 graduados en esta ceremonia y los 199 investidos previamente En el mismo acto, la UASD invisti\u00f3 a 37 profesionales de la Maestr\u00eda en Procesos Pedag\u00f3gicos y Gesti\u00f3n de la Educaci\u00f3n Infantil Santo Domingo.\u2013 El presidente Luis","inLanguage":"es-DO","isPartOf":{"@id":"https:\/\/azuaalinstante.com\/#website"},"breadcrumb":{"@id":"https:\/\/azuaalinstante.com\/index.php\/2026\/09\/01\/presidente-abinader-llama-a-147-servidores-publicos-graduados-a-poner-sus-conocimientos-al-servicio-de-la-ciudadania-y-ejercer-sus-funciones-con-etica-transparencia-y-honestidad\/#breadcrumblist"},"author":{"@id":"https:\/\/azuaalinstante.com\/index.php\/author\/redaccion\/#author"},"creator":{"@id":"https:\/\/azuaalinstante.com\/index.php\/author\/redaccion\/#author"},"image":{"@type":"ImageObject","url":"https:\/\/azuaalinstante.com\/wp-content\/uploads\/2026\/09\/IMG-20260901-WA0097.jpg","@id":"https:\/\/azuaalinstante.com\/index.php\/2026\/09\/01\/presidente-abinader-llama-a-147-servidores-publicos-graduados-a-poner-sus-conocimientos-al-servicio-de-la-ciudadania-y-ejercer-sus-funciones-con-etica-transparencia-y-honestidad\/#mainImage","width":1280,"height":854},"primaryImageOfPage":{"@id":"https:\/\/azuaalinstante.com\/index.php\/2026\/09\/01\/presidente-abinader-llama-a-147-servidores-publicos-graduados-a-poner-sus-conocimientos-al-servicio-de-la-ciudadania-y-ejercer-sus-funciones-con-etica-transparencia-y-honestidad\/#mainImage"},"datePublished":"2026-09-01T20:00:22+00:00","dateModified":"2026-09-01T20:00:27+00:00"},{"@type":"WebSite","@id":"https:\/\/azuaalinstante.com\/#website","url":"https:\/\/azuaalinstante.com\/","name":"AZUA AL INSTANTE","description":"SIEMPRE DETR\u00c1S DE LA NOTICIA!","inLanguage":"es-DO","publisher":{"@id":"https:\/\/azuaalinstante.com\/#organization"}}]},"og:locale":"es_ES","og:site_name":"AZUA AL INSTANTE - SIEMPRE DETR\u00c1S DE LA NOTICIA!","og:type":"article","og:title":"Presidente Abinader llama a 147 servidores p\u00fablicos graduados a poner sus conocimientos al servicio de la ciudadan\u00eda y ejercer sus funciones con \u00e9tica, transparencia y honestidad - AZUA AL INSTANTE","og:description":"La Maestr\u00eda en Gesti\u00f3n P\u00fablica y Gobernanza, iniciativa del presidente Luis Abinader, ha formado 346 profesionales, incluidos los 147 graduados en esta ceremonia y los 199 investidos previamente En el mismo acto, la UASD invisti\u00f3 a 37 profesionales de la Maestr\u00eda en Procesos Pedag\u00f3gicos y Gesti\u00f3n de la Educaci\u00f3n Infantil Santo Domingo.\u2013 El presidente Luis","og:url":"https:\/\/azuaalinstante.com\/index.php\/2026\/09\/01\/presidente-abinader-llama-a-147-servidores-publicos-graduados-a-poner-sus-conocimientos-al-servicio-de-la-ciudadania-y-ejercer-sus-funciones-con-etica-transparencia-y-honestidad\/","article:published_time":"2026-09-01T20:00:22+00:00","article:modified_time":"2026-09-01T20:00:27+00:00","twitter:card":"summary_large_image","twitter:title":"Presidente Abinader llama a 147 servidores p\u00fablicos graduados a poner sus conocimientos al servicio de la ciudadan\u00eda y ejercer sus funciones con \u00e9tica, transparencia y honestidad - AZUA AL INSTANTE","twitter:description":"La Maestr\u00eda en Gesti\u00f3n P\u00fablica y Gobernanza, iniciativa del presidente Luis Abinader, ha formado 346 profesionales, incluidos los 147 graduados en esta ceremonia y los 199 investidos previamente En el mismo acto, la UASD invisti\u00f3 a 37 profesionales de la Maestr\u00eda en Procesos Pedag\u00f3gicos y Gesti\u00f3n de la Educaci\u00f3n Infantil Santo Domingo.\u2013 El presidente Luis"},"aioseo_meta_data":{"post_id":"14564","title":null,"description":null,"keywords":null,"keyphrases":{"focus":{"keyphrase":"","score":0,"analysis":{"keyphraseInTitle":{"score":0,"maxScore":9,"error":1}}},"additional":[]},"primary_term":null,"canonical_url":null,"og_title":null,"og_description":null,"og_object_type":"default","og_image_type":"default","og_image_url":null,"og_image_width":null,"og_image_height":null,"og_image_custom_url":null,"og_image_custom_fields":null,"og_video":"","og_custom_url":null,"og_article_section":null,"og_article_tags":null,"twitter_use_og":false,"twitter_card":"default","twitter_image_type":"default","twitter_image_url":null,"twitter_image_custom_url":null,"twitter_image_custom_fields":null,"twitter_title":null,"twitter_description":null,"schema":{"blockGraphs":[],"customGraphs":[],"default":{"data":{"Article":[],"Course":[],"Dataset":[],"FAQPage":[],"Movie":[],"Person":[],"Product":[],"ProductReview":[],"Car":[],"Recipe":[],"Service":[],"SoftwareApplication":[],"WebPage":[]},"graphName":"BlogPosting","isEnabled":true},"graphs":[]},"schema_type":"default","schema_type_options":null,"pillar_content":false,"robots_default":true,"robots_noindex":false,"robots_noarchive":false,"robots_nosnippet":false,"robots_nofollow":false,"robots_noimageindex":false,"robots_noodp":false,"robots_notranslate":false,"robots_max_snippet":"-1","robots_max_videopreview":"-1","robots_max_imagepreview":"large","priority":null,"frequency":"default","local_seo":null,"breadcrumb_settings":null,"limit_modified_date":false,"ai":{"faqs":[],"keyPoints":[],"schemas":[],"titles":[],"descriptions":[],"socialPosts":{"email":{"subject":"","preview":"","content":""},"linkedin":[],"twitter":[],"facebook":[],"instagram":[]}},"created":"2026-09-01 19:58:34","updated":"2026-09-01 20:00:27","seo_analyzer_scan_date":null},"aioseo_breadcrumb":"<div class=\"aioseo-breadcrumbs\"><span class=\"aioseo-breadcrumb\">\n\t\t\t<a href=\"https:\/\/azuaalinstante.com\" title=\"Home\">Home<\/a>\n\t\t<\/span><span class=\"aioseo-breadcrumb-separator\">&raquo;<\/span><span class=\"aioseo-breadcrumb\">\n\t\t\t<a href=\"https:\/\/azuaalinstante.com\/index.php\/category\/republica\/\" title=\"Rep\u00fablica\">Rep\u00fablica<\/a>\n\t\t<\/span><span class=\"aioseo-breadcrumb-separator\">&raquo;<\/span><span class=\"aioseo-breadcrumb\">\n\t\t\tPresidente Abinader llama a 147 servidores p\u00fablicos graduados a poner sus conocimientos al servicio de la ciudadan\u00eda y ejercer sus funciones con \u00e9tica, transparencia y honestidad\n\t\t<\/span><\/div>","aioseo_breadcrumb_json":[{"label":"Home","link":"https:\/\/azuaalinstante.com"},{"label":"Rep\u00fablica","link":"https:\/\/azuaalinstante.com\/index.php\/category\/republica\/"},{"label":"Presidente Abinader llama a 147 servidores p\u00fablicos graduados a poner sus conocimientos al servicio de la ciudadan\u00eda y ejercer sus funciones con \u00e9tica, transparencia y honestidad","link":"https:\/\/azuaalinstante.com\/index.php\/2026\/09\/01\/presidente-abinader-llama-a-147-servidores-publicos-graduados-a-poner-sus-conocimientos-al-servicio-de-la-ciudadania-y-ejercer-sus-funciones-con-etica-transparencia-y-honestidad\/"}],"_links":{"self":[{"href":"https:\/\/azuaalinstante.com\/index.php\/wp-json\/wp\/v2\/posts\/14564","targetHints":{"allow":["GET"]}}],"collection":[{"href":"https:\/\/azuaalinstante.com\/index.php\/wp-json\/wp\/v2\/posts"}],"about":[{"href":"https:\/\/azuaalinstante.com\/index.php\/wp-json\/wp\/v2\/types\/post"}],"author":[{"embeddable":true,"href":"https:\/\/azuaalinstante.com\/index.php\/wp-json\/wp\/v2\/users\/2"}],"replies":[{"embeddable":true,"href":"https:\/\/azuaalinstante.com\/index.php\/wp-json\/wp\/v2\/comments?post=14564"}],"version-history":[{"count":2,"href":"https:\/\/azuaalinstante.com\/index.php\/wp-json\/wp\/v2\/posts\/14564\/revisions"}],"predecessor-version":[{"id":14568,"href":"https:\/\/azuaalinstante.com\/index.php\/wp-json\/wp\/v2\/posts\/14564\/revisions\/14568"}],"wp:featuredmedia":[{"embeddable":true,"href":"https:\/\/azuaalinstante.com\/index.php\/wp-json\/wp\/v2\/media\/14565"}],"wp:attachment":[{"href":"https:\/\/azuaalinstante.com\/index.php\/wp-json\/wp\/v2\/media?parent=14564"}],"wp:term":[{"taxonomy":"category","embeddable":true,"href":"https:\/\/azuaalinstante.com\/index.php\/wp-json\/wp\/v2\/categories?post=14564"},{"taxonomy":"post_tag","embeddable":true,"href":"https:\/\/azuaalinstante.com\/index.php\/wp-json\/wp\/v2\/tags?post=14564"}],"curies":[{"name":"wp","href":"https:\/\/api.w.org\/{rel}","templated":true}]}}