{"id":14569,"date":"2026-09-01T20:05:31","date_gmt":"2026-09-01T20:05:31","guid":{"rendered":"https:\/\/azuaalinstante.com\/?p=14569"},"modified":"2026-09-01T20:05:33","modified_gmt":"2026-09-01T20:05:33","slug":"abinader-designa-a-victor-cedeno-brea-como-nuevo-superintendente-de-bancos","status":"publish","type":"post","link":"https:\/\/azuaalinstante.com\/index.php\/2026\/09\/01\/abinader-designa-a-victor-cedeno-brea-como-nuevo-superintendente-de-bancos\/","title":{"rendered":"Abinader designa a V\u00edctor Cede\u00f1o Brea como nuevo superintendente de Bancos"},"content":{"rendered":"\n<p class=\"wp-block-paragraph\"><em>La disposici\u00f3n est\u00e1 contenida en el Decreto 606-26, emitido este lunes 31 de agosto<\/em><\/p>\n\n\n\n<p class=\"wp-block-paragraph\"><em>Santo Domingo.\u2013<\/em> El presidente Luis Abinader design\u00f3 a V\u00edctor Livio Emmanuel Cede\u00f1o Brea como nuevo superintendente de Bancos de la Rep\u00fablica Dominicana.<\/p>\n\n\n\n<p class=\"wp-block-paragraph\">El nombramiento est\u00e1 contenido en el Decreto n\u00famero 606-26, emitido este lunes 31 de agosto de 2026 por el Poder Ejecutivo.<\/p>\n\n\n\n<p class=\"wp-block-paragraph\">Cede\u00f1o Brea sustituye en el cargo a Alejandro Fern\u00e1ndez Whipple, quien hab\u00eda sido confirmado como superintendente de Bancos mediante el Decreto 442-24, del 15 de agosto de 2024.<\/p>\n\n\n\n<p class=\"wp-block-paragraph\">La disposici\u00f3n presidencial cita la Ley Monetaria y Financiera 183-02, la cual establece que el superintendente de Bancos es designado por el presidente de la Rep\u00fablica por un periodo de dos a\u00f1os y puede ser renovado, siempre que cumpla con los requisitos legales.<\/p>\n\n\n\n<p class=\"wp-block-paragraph\">El decreto ordena comunicar la designaci\u00f3n a la Junta Monetaria, la Superintendencia de Bancos, el Ministerio de Administraci\u00f3n P\u00fablica, la C\u00e1mara de Cuentas, la Contralor\u00eda General de la Rep\u00fablica y las dem\u00e1s instituciones correspondientes, para su conocimiento y ejecuci\u00f3n.<\/p>\n\n\n\n<p class=\"wp-block-paragraph\"><em>Direcci\u00f3n de Prensa del Presidente<\/em><\/p>\n","protected":false},"excerpt":{"rendered":"<p>La disposici\u00f3n est\u00e1 contenida en el Decreto 606-26, emitido este lunes 31 de agosto Santo Domingo.\u2013 El presidente Luis Abinader design\u00f3 a V\u00edctor Livio Emmanuel Cede\u00f1o Brea como nuevo superintendente de Bancos de la Rep\u00fablica Dominicana. El nombramiento est\u00e1 contenido en el Decreto n\u00famero 606-26, emitido este lunes 31 de agosto de 2026 por el [&hellip;]<\/p>\n","protected":false},"author":2,"featured_media":14570,"comment_status":"open","ping_status":"open","sticky":false,"template":"","format":"standard","meta":{"_monsterinsights_skip_tracking":false,"footnotes":""},"categories":[1],"tags":[],"class_list":["post-14569","post","type-post","status-publish","format-standard","has-post-thumbnail","hentry","category-uncategorized"],"aioseo_notices":[],"aioseo_head":"\n\t\t<!-- All in One SEO 4.9.10 - aioseo.com -->\n\t<meta name=\"description\" content=\"La disposici\u00f3n est\u00e1 contenida en el Decreto 606-26, emitido este lunes 31 de agosto Santo Domingo.\u2013 El presidente Luis Abinader design\u00f3 a V\u00edctor Livio Emmanuel Cede\u00f1o Brea como nuevo superintendente de Bancos de la Rep\u00fablica Dominicana. El nombramiento est\u00e1 contenido en el Decreto n\u00famero 606-26, emitido este lunes 31 de agosto de 2026 por el\" \/>\n\t<meta name=\"robots\" content=\"max-image-preview:large\" \/>\n\t<meta name=\"author\" content=\"Redacci\u00f3n\"\/>\n\t<link rel=\"canonical\" href=\"https:\/\/azuaalinstante.com\/index.php\/2026\/09\/01\/abinader-designa-a-victor-cedeno-brea-como-nuevo-superintendente-de-bancos\/\" \/>\n\t<meta name=\"generator\" content=\"All in One SEO (AIOSEO) 4.9.10\" \/>\n\t\t<meta property=\"og:locale\" content=\"es_ES\" \/>\n\t\t<meta property=\"og:site_name\" content=\"AZUA AL INSTANTE - SIEMPRE DETR\u00c1S DE LA NOTICIA!\" \/>\n\t\t<meta property=\"og:type\" content=\"article\" \/>\n\t\t<meta property=\"og:title\" content=\"Abinader designa a V\u00edctor Cede\u00f1o Brea como nuevo superintendente de Bancos - AZUA AL INSTANTE\" \/>\n\t\t<meta property=\"og:description\" content=\"La disposici\u00f3n est\u00e1 contenida en el Decreto 606-26, emitido este lunes 31 de agosto Santo Domingo.\u2013 El presidente Luis Abinader design\u00f3 a V\u00edctor Livio Emmanuel Cede\u00f1o Brea como nuevo superintendente de Bancos de la Rep\u00fablica Dominicana. El nombramiento est\u00e1 contenido en el Decreto n\u00famero 606-26, emitido este lunes 31 de agosto de 2026 por el\" \/>\n\t\t<meta property=\"og:url\" content=\"https:\/\/azuaalinstante.com\/index.php\/2026\/09\/01\/abinader-designa-a-victor-cedeno-brea-como-nuevo-superintendente-de-bancos\/\" \/>\n\t\t<meta property=\"article:published_time\" content=\"2026-09-01T20:05:31+00:00\" \/>\n\t\t<meta property=\"article:modified_time\" content=\"2026-09-01T20:05:33+00:00\" \/>\n\t\t<meta name=\"twitter:card\" content=\"summary_large_image\" \/>\n\t\t<meta name=\"twitter:title\" content=\"Abinader designa a V\u00edctor Cede\u00f1o Brea como nuevo superintendente de Bancos - AZUA AL INSTANTE\" \/>\n\t\t<meta name=\"twitter:description\" content=\"La disposici\u00f3n est\u00e1 contenida en el Decreto 606-26, emitido este lunes 31 de agosto Santo Domingo.\u2013 El presidente Luis Abinader design\u00f3 a V\u00edctor Livio Emmanuel Cede\u00f1o Brea como nuevo superintendente de Bancos de la Rep\u00fablica Dominicana. El nombramiento est\u00e1 contenido en el Decreto n\u00famero 606-26, emitido este lunes 31 de agosto de 2026 por el\" \/>\n\t\t<script type=\"application\/ld+json\" class=\"aioseo-schema\">\n\t\t\t{\"@context\":\"https:\\\/\\\/schema.org\",\"@graph\":[{\"@type\":\"BlogPosting\",\"@id\":\"https:\\\/\\\/azuaalinstante.com\\\/index.php\\\/2026\\\/09\\\/01\\\/abinader-designa-a-victor-cedeno-brea-como-nuevo-superintendente-de-bancos\\\/#blogposting\",\"name\":\"Abinader designa a V\\u00edctor Cede\\u00f1o Brea como nuevo superintendente de Bancos - AZUA AL INSTANTE\",\"headline\":\"Abinader designa a V\\u00edctor Cede\\u00f1o Brea como nuevo superintendente de Bancos\",\"author\":{\"@id\":\"https:\\\/\\\/azuaalinstante.com\\\/index.php\\\/author\\\/redaccion\\\/#author\"},\"publisher\":{\"@id\":\"https:\\\/\\\/azuaalinstante.com\\\/#organization\"},\"image\":{\"@type\":\"ImageObject\",\"url\":\"https:\\\/\\\/azuaalinstante.com\\\/wp-content\\\/uploads\\\/2026\\\/09\\\/IMG-20260831-WA0107.jpg\",\"width\":1600,\"height\":1066},\"datePublished\":\"2026-09-01T20:05:31+00:00\",\"dateModified\":\"2026-09-01T20:05:33+00:00\",\"inLanguage\":\"es-DO\",\"mainEntityOfPage\":{\"@id\":\"https:\\\/\\\/azuaalinstante.com\\\/index.php\\\/2026\\\/09\\\/01\\\/abinader-designa-a-victor-cedeno-brea-como-nuevo-superintendente-de-bancos\\\/#webpage\"},\"isPartOf\":{\"@id\":\"https:\\\/\\\/azuaalinstante.com\\\/index.php\\\/2026\\\/09\\\/01\\\/abinader-designa-a-victor-cedeno-brea-como-nuevo-superintendente-de-bancos\\\/#webpage\"},\"articleSection\":\"Deporte\"},{\"@type\":\"BreadcrumbList\",\"@id\":\"https:\\\/\\\/azuaalinstante.com\\\/index.php\\\/2026\\\/09\\\/01\\\/abinader-designa-a-victor-cedeno-brea-como-nuevo-superintendente-de-bancos\\\/#breadcrumblist\",\"itemListElement\":[{\"@type\":\"ListItem\",\"@id\":\"https:\\\/\\\/azuaalinstante.com#listItem\",\"position\":1,\"name\":\"Home\",\"item\":\"https:\\\/\\\/azuaalinstante.com\",\"nextItem\":{\"@type\":\"ListItem\",\"@id\":\"https:\\\/\\\/azuaalinstante.com\\\/index.php\\\/category\\\/deportes\\\/#listItem\",\"name\":\"Deportes\"}},{\"@type\":\"ListItem\",\"@id\":\"https:\\\/\\\/azuaalinstante.com\\\/index.php\\\/category\\\/deportes\\\/#listItem\",\"position\":2,\"name\":\"Deportes\",\"item\":\"https:\\\/\\\/azuaalinstante.com\\\/index.php\\\/category\\\/deportes\\\/\",\"nextItem\":{\"@type\":\"ListItem\",\"@id\":\"https:\\\/\\\/azuaalinstante.com\\\/index.php\\\/category\\\/deportes\\\/uncategorized\\\/#listItem\",\"name\":\"Deporte\"},\"previousItem\":{\"@type\":\"ListItem\",\"@id\":\"https:\\\/\\\/azuaalinstante.com#listItem\",\"name\":\"Home\"}},{\"@type\":\"ListItem\",\"@id\":\"https:\\\/\\\/azuaalinstante.com\\\/index.php\\\/category\\\/deportes\\\/uncategorized\\\/#listItem\",\"position\":3,\"name\":\"Deporte\",\"item\":\"https:\\\/\\\/azuaalinstante.com\\\/index.php\\\/category\\\/deportes\\\/uncategorized\\\/\",\"nextItem\":{\"@type\":\"ListItem\",\"@id\":\"https:\\\/\\\/azuaalinstante.com\\\/index.php\\\/2026\\\/09\\\/01\\\/abinader-designa-a-victor-cedeno-brea-como-nuevo-superintendente-de-bancos\\\/#listItem\",\"name\":\"Abinader designa a V\\u00edctor Cede\\u00f1o Brea como nuevo superintendente de Bancos\"},\"previousItem\":{\"@type\":\"ListItem\",\"@id\":\"https:\\\/\\\/azuaalinstante.com\\\/index.php\\\/category\\\/deportes\\\/#listItem\",\"name\":\"Deportes\"}},{\"@type\":\"ListItem\",\"@id\":\"https:\\\/\\\/azuaalinstante.com\\\/index.php\\\/2026\\\/09\\\/01\\\/abinader-designa-a-victor-cedeno-brea-como-nuevo-superintendente-de-bancos\\\/#listItem\",\"position\":4,\"name\":\"Abinader designa a V\\u00edctor Cede\\u00f1o Brea como nuevo superintendente de Bancos\",\"previousItem\":{\"@type\":\"ListItem\",\"@id\":\"https:\\\/\\\/azuaalinstante.com\\\/index.php\\\/category\\\/deportes\\\/uncategorized\\\/#listItem\",\"name\":\"Deporte\"}}]},{\"@type\":\"Organization\",\"@id\":\"https:\\\/\\\/azuaalinstante.com\\\/#organization\",\"name\":\"AZUA AL INSTANTE\",\"description\":\"SIEMPRE DETR\\u00c1S DE LA NOTICIA!\",\"url\":\"https:\\\/\\\/azuaalinstante.com\\\/\"},{\"@type\":\"Person\",\"@id\":\"https:\\\/\\\/azuaalinstante.com\\\/index.php\\\/author\\\/redaccion\\\/#author\",\"url\":\"https:\\\/\\\/azuaalinstante.com\\\/index.php\\\/author\\\/redaccion\\\/\",\"name\":\"Redacci\\u00f3n\",\"image\":{\"@type\":\"ImageObject\",\"@id\":\"https:\\\/\\\/azuaalinstante.com\\\/index.php\\\/2026\\\/09\\\/01\\\/abinader-designa-a-victor-cedeno-brea-como-nuevo-superintendente-de-bancos\\\/#authorImage\",\"url\":\"https:\\\/\\\/secure.gravatar.com\\\/avatar\\\/d68b136e956cb2c839632b9025c3df5f0812f547e1ff3ca13ce11a5b13bf209c?s=96&d=mm&r=g\",\"width\":96,\"height\":96,\"caption\":\"Redacci\\u00f3n\"}},{\"@type\":\"WebPage\",\"@id\":\"https:\\\/\\\/azuaalinstante.com\\\/index.php\\\/2026\\\/09\\\/01\\\/abinader-designa-a-victor-cedeno-brea-como-nuevo-superintendente-de-bancos\\\/#webpage\",\"url\":\"https:\\\/\\\/azuaalinstante.com\\\/index.php\\\/2026\\\/09\\\/01\\\/abinader-designa-a-victor-cedeno-brea-como-nuevo-superintendente-de-bancos\\\/\",\"name\":\"Abinader designa a V\\u00edctor Cede\\u00f1o Brea como nuevo superintendente de Bancos - AZUA AL INSTANTE\",\"description\":\"La disposici\\u00f3n est\\u00e1 contenida en el Decreto 606-26, emitido este lunes 31 de agosto Santo Domingo.\\u2013 El presidente Luis Abinader design\\u00f3 a V\\u00edctor Livio Emmanuel Cede\\u00f1o Brea como nuevo superintendente de Bancos de la Rep\\u00fablica Dominicana. El nombramiento est\\u00e1 contenido en el Decreto n\\u00famero 606-26, emitido este lunes 31 de agosto de 2026 por el\",\"inLanguage\":\"es-DO\",\"isPartOf\":{\"@id\":\"https:\\\/\\\/azuaalinstante.com\\\/#website\"},\"breadcrumb\":{\"@id\":\"https:\\\/\\\/azuaalinstante.com\\\/index.php\\\/2026\\\/09\\\/01\\\/abinader-designa-a-victor-cedeno-brea-como-nuevo-superintendente-de-bancos\\\/#breadcrumblist\"},\"author\":{\"@id\":\"https:\\\/\\\/azuaalinstante.com\\\/index.php\\\/author\\\/redaccion\\\/#author\"},\"creator\":{\"@id\":\"https:\\\/\\\/azuaalinstante.com\\\/index.php\\\/author\\\/redaccion\\\/#author\"},\"image\":{\"@type\":\"ImageObject\",\"url\":\"https:\\\/\\\/azuaalinstante.com\\\/wp-content\\\/uploads\\\/2026\\\/09\\\/IMG-20260831-WA0107.jpg\",\"@id\":\"https:\\\/\\\/azuaalinstante.com\\\/index.php\\\/2026\\\/09\\\/01\\\/abinader-designa-a-victor-cedeno-brea-como-nuevo-superintendente-de-bancos\\\/#mainImage\",\"width\":1600,\"height\":1066},\"primaryImageOfPage\":{\"@id\":\"https:\\\/\\\/azuaalinstante.com\\\/index.php\\\/2026\\\/09\\\/01\\\/abinader-designa-a-victor-cedeno-brea-como-nuevo-superintendente-de-bancos\\\/#mainImage\"},\"datePublished\":\"2026-09-01T20:05:31+00:00\",\"dateModified\":\"2026-09-01T20:05:33+00:00\"},{\"@type\":\"WebSite\",\"@id\":\"https:\\\/\\\/azuaalinstante.com\\\/#website\",\"url\":\"https:\\\/\\\/azuaalinstante.com\\\/\",\"name\":\"AZUA AL INSTANTE\",\"description\":\"SIEMPRE DETR\\u00c1S DE LA NOTICIA!\",\"inLanguage\":\"es-DO\",\"publisher\":{\"@id\":\"https:\\\/\\\/azuaalinstante.com\\\/#organization\"}}]}\n\t\t<\/script>\n\t\t<!-- All in One SEO -->\n\n","aioseo_head_json":{"title":"Abinader designa a V\u00edctor Cede\u00f1o Brea como nuevo superintendente de Bancos - AZUA AL INSTANTE","description":"La disposici\u00f3n est\u00e1 contenida en el Decreto 606-26, emitido este lunes 31 de agosto Santo Domingo.\u2013 El presidente Luis Abinader design\u00f3 a V\u00edctor Livio Emmanuel Cede\u00f1o Brea como nuevo superintendente de Bancos de la Rep\u00fablica Dominicana. El nombramiento est\u00e1 contenido en el Decreto n\u00famero 606-26, emitido este lunes 31 de agosto de 2026 por el","canonical_url":"https:\/\/azuaalinstante.com\/index.php\/2026\/09\/01\/abinader-designa-a-victor-cedeno-brea-como-nuevo-superintendente-de-bancos\/","robots":"max-image-preview:large","keywords":"","webmasterTools":{"miscellaneous":""},"schema":{"@context":"https:\/\/schema.org","@graph":[{"@type":"BlogPosting","@id":"https:\/\/azuaalinstante.com\/index.php\/2026\/09\/01\/abinader-designa-a-victor-cedeno-brea-como-nuevo-superintendente-de-bancos\/#blogposting","name":"Abinader designa a V\u00edctor Cede\u00f1o Brea como nuevo superintendente de Bancos - AZUA AL INSTANTE","headline":"Abinader designa a V\u00edctor Cede\u00f1o Brea como nuevo superintendente de Bancos","author":{"@id":"https:\/\/azuaalinstante.com\/index.php\/author\/redaccion\/#author"},"publisher":{"@id":"https:\/\/azuaalinstante.com\/#organization"},"image":{"@type":"ImageObject","url":"https:\/\/azuaalinstante.com\/wp-content\/uploads\/2026\/09\/IMG-20260831-WA0107.jpg","width":1600,"height":1066},"datePublished":"2026-09-01T20:05:31+00:00","dateModified":"2026-09-01T20:05:33+00:00","inLanguage":"es-DO","mainEntityOfPage":{"@id":"https:\/\/azuaalinstante.com\/index.php\/2026\/09\/01\/abinader-designa-a-victor-cedeno-brea-como-nuevo-superintendente-de-bancos\/#webpage"},"isPartOf":{"@id":"https:\/\/azuaalinstante.com\/index.php\/2026\/09\/01\/abinader-designa-a-victor-cedeno-brea-como-nuevo-superintendente-de-bancos\/#webpage"},"articleSection":"Deporte"},{"@type":"BreadcrumbList","@id":"https:\/\/azuaalinstante.com\/index.php\/2026\/09\/01\/abinader-designa-a-victor-cedeno-brea-como-nuevo-superintendente-de-bancos\/#breadcrumblist","itemListElement":[{"@type":"ListItem","@id":"https:\/\/azuaalinstante.com#listItem","position":1,"name":"Home","item":"https:\/\/azuaalinstante.com","nextItem":{"@type":"ListItem","@id":"https:\/\/azuaalinstante.com\/index.php\/category\/deportes\/#listItem","name":"Deportes"}},{"@type":"ListItem","@id":"https:\/\/azuaalinstante.com\/index.php\/category\/deportes\/#listItem","position":2,"name":"Deportes","item":"https:\/\/azuaalinstante.com\/index.php\/category\/deportes\/","nextItem":{"@type":"ListItem","@id":"https:\/\/azuaalinstante.com\/index.php\/category\/deportes\/uncategorized\/#listItem","name":"Deporte"},"previousItem":{"@type":"ListItem","@id":"https:\/\/azuaalinstante.com#listItem","name":"Home"}},{"@type":"ListItem","@id":"https:\/\/azuaalinstante.com\/index.php\/category\/deportes\/uncategorized\/#listItem","position":3,"name":"Deporte","item":"https:\/\/azuaalinstante.com\/index.php\/category\/deportes\/uncategorized\/","nextItem":{"@type":"ListItem","@id":"https:\/\/azuaalinstante.com\/index.php\/2026\/09\/01\/abinader-designa-a-victor-cedeno-brea-como-nuevo-superintendente-de-bancos\/#listItem","name":"Abinader designa a V\u00edctor Cede\u00f1o Brea como nuevo superintendente de Bancos"},"previousItem":{"@type":"ListItem","@id":"https:\/\/azuaalinstante.com\/index.php\/category\/deportes\/#listItem","name":"Deportes"}},{"@type":"ListItem","@id":"https:\/\/azuaalinstante.com\/index.php\/2026\/09\/01\/abinader-designa-a-victor-cedeno-brea-como-nuevo-superintendente-de-bancos\/#listItem","position":4,"name":"Abinader designa a V\u00edctor Cede\u00f1o Brea como nuevo superintendente de Bancos","previousItem":{"@type":"ListItem","@id":"https:\/\/azuaalinstante.com\/index.php\/category\/deportes\/uncategorized\/#listItem","name":"Deporte"}}]},{"@type":"Organization","@id":"https:\/\/azuaalinstante.com\/#organization","name":"AZUA AL INSTANTE","description":"SIEMPRE DETR\u00c1S DE LA NOTICIA!","url":"https:\/\/azuaalinstante.com\/"},{"@type":"Person","@id":"https:\/\/azuaalinstante.com\/index.php\/author\/redaccion\/#author","url":"https:\/\/azuaalinstante.com\/index.php\/author\/redaccion\/","name":"Redacci\u00f3n","image":{"@type":"ImageObject","@id":"https:\/\/azuaalinstante.com\/index.php\/2026\/09\/01\/abinader-designa-a-victor-cedeno-brea-como-nuevo-superintendente-de-bancos\/#authorImage","url":"https:\/\/secure.gravatar.com\/avatar\/d68b136e956cb2c839632b9025c3df5f0812f547e1ff3ca13ce11a5b13bf209c?s=96&d=mm&r=g","width":96,"height":96,"caption":"Redacci\u00f3n"}},{"@type":"WebPage","@id":"https:\/\/azuaalinstante.com\/index.php\/2026\/09\/01\/abinader-designa-a-victor-cedeno-brea-como-nuevo-superintendente-de-bancos\/#webpage","url":"https:\/\/azuaalinstante.com\/index.php\/2026\/09\/01\/abinader-designa-a-victor-cedeno-brea-como-nuevo-superintendente-de-bancos\/","name":"Abinader designa a V\u00edctor Cede\u00f1o Brea como nuevo superintendente de Bancos - AZUA AL INSTANTE","description":"La disposici\u00f3n est\u00e1 contenida en el Decreto 606-26, emitido este lunes 31 de agosto Santo Domingo.\u2013 El presidente Luis Abinader design\u00f3 a V\u00edctor Livio Emmanuel Cede\u00f1o Brea como nuevo superintendente de Bancos de la Rep\u00fablica Dominicana. El nombramiento est\u00e1 contenido en el Decreto n\u00famero 606-26, emitido este lunes 31 de agosto de 2026 por el","inLanguage":"es-DO","isPartOf":{"@id":"https:\/\/azuaalinstante.com\/#website"},"breadcrumb":{"@id":"https:\/\/azuaalinstante.com\/index.php\/2026\/09\/01\/abinader-designa-a-victor-cedeno-brea-como-nuevo-superintendente-de-bancos\/#breadcrumblist"},"author":{"@id":"https:\/\/azuaalinstante.com\/index.php\/author\/redaccion\/#author"},"creator":{"@id":"https:\/\/azuaalinstante.com\/index.php\/author\/redaccion\/#author"},"image":{"@type":"ImageObject","url":"https:\/\/azuaalinstante.com\/wp-content\/uploads\/2026\/09\/IMG-20260831-WA0107.jpg","@id":"https:\/\/azuaalinstante.com\/index.php\/2026\/09\/01\/abinader-designa-a-victor-cedeno-brea-como-nuevo-superintendente-de-bancos\/#mainImage","width":1600,"height":1066},"primaryImageOfPage":{"@id":"https:\/\/azuaalinstante.com\/index.php\/2026\/09\/01\/abinader-designa-a-victor-cedeno-brea-como-nuevo-superintendente-de-bancos\/#mainImage"},"datePublished":"2026-09-01T20:05:31+00:00","dateModified":"2026-09-01T20:05:33+00:00"},{"@type":"WebSite","@id":"https:\/\/azuaalinstante.com\/#website","url":"https:\/\/azuaalinstante.com\/","name":"AZUA AL INSTANTE","description":"SIEMPRE DETR\u00c1S DE LA NOTICIA!","inLanguage":"es-DO","publisher":{"@id":"https:\/\/azuaalinstante.com\/#organization"}}]},"og:locale":"es_ES","og:site_name":"AZUA AL INSTANTE - SIEMPRE DETR\u00c1S DE LA NOTICIA!","og:type":"article","og:title":"Abinader designa a V\u00edctor Cede\u00f1o Brea como nuevo superintendente de Bancos - AZUA AL INSTANTE","og:description":"La disposici\u00f3n est\u00e1 contenida en el Decreto 606-26, emitido este lunes 31 de agosto Santo Domingo.\u2013 El presidente Luis Abinader design\u00f3 a V\u00edctor Livio Emmanuel Cede\u00f1o Brea como nuevo superintendente de Bancos de la Rep\u00fablica Dominicana. El nombramiento est\u00e1 contenido en el Decreto n\u00famero 606-26, emitido este lunes 31 de agosto de 2026 por el","og:url":"https:\/\/azuaalinstante.com\/index.php\/2026\/09\/01\/abinader-designa-a-victor-cedeno-brea-como-nuevo-superintendente-de-bancos\/","article:published_time":"2026-09-01T20:05:31+00:00","article:modified_time":"2026-09-01T20:05:33+00:00","twitter:card":"summary_large_image","twitter:title":"Abinader designa a V\u00edctor Cede\u00f1o Brea como nuevo superintendente de Bancos - AZUA AL INSTANTE","twitter:description":"La disposici\u00f3n est\u00e1 contenida en el Decreto 606-26, emitido este lunes 31 de agosto Santo Domingo.\u2013 El presidente Luis Abinader design\u00f3 a V\u00edctor Livio Emmanuel Cede\u00f1o Brea como nuevo superintendente de Bancos de la Rep\u00fablica Dominicana. El nombramiento est\u00e1 contenido en el Decreto n\u00famero 606-26, emitido este lunes 31 de agosto de 2026 por el"},"aioseo_meta_data":{"post_id":"14569","title":null,"description":null,"keywords":null,"keyphrases":{"focus":{"keyphrase":"","score":0,"analysis":{"keyphraseInTitle":{"score":0,"maxScore":9,"error":1}}},"additional":[]},"primary_term":null,"canonical_url":null,"og_title":null,"og_description":null,"og_object_type":"default","og_image_type":"default","og_image_url":null,"og_image_width":null,"og_image_height":null,"og_image_custom_url":null,"og_image_custom_fields":null,"og_video":"","og_custom_url":null,"og_article_section":null,"og_article_tags":null,"twitter_use_og":false,"twitter_card":"default","twitter_image_type":"default","twitter_image_url":null,"twitter_image_custom_url":null,"twitter_image_custom_fields":null,"twitter_title":null,"twitter_description":null,"schema":{"blockGraphs":[],"customGraphs":[],"default":{"data":{"Article":[],"Course":[],"Dataset":[],"FAQPage":[],"Movie":[],"Person":[],"Product":[],"ProductReview":[],"Car":[],"Recipe":[],"Service":[],"SoftwareApplication":[],"WebPage":[]},"graphName":"BlogPosting","isEnabled":true},"graphs":[]},"schema_type":"default","schema_type_options":null,"pillar_content":false,"robots_default":true,"robots_noindex":false,"robots_noarchive":false,"robots_nosnippet":false,"robots_nofollow":false,"robots_noimageindex":false,"robots_noodp":false,"robots_notranslate":false,"robots_max_snippet":"-1","robots_max_videopreview":"-1","robots_max_imagepreview":"large","priority":null,"frequency":"default","local_seo":null,"breadcrumb_settings":null,"limit_modified_date":false,"ai":{"faqs":[],"keyPoints":[],"schemas":[],"titles":[],"descriptions":[],"socialPosts":{"email":{"subject":"","preview":"","content":""},"linkedin":[],"twitter":[],"facebook":[],"instagram":[]}},"created":"2026-09-01 20:05:33","updated":"2026-09-01 20:05:33","seo_analyzer_scan_date":null},"aioseo_breadcrumb":"<div class=\"aioseo-breadcrumbs\"><span class=\"aioseo-breadcrumb\">\n\t\t\t<a href=\"https:\/\/azuaalinstante.com\" title=\"Home\">Home<\/a>\n\t\t<\/span><span class=\"aioseo-breadcrumb-separator\">&raquo;<\/span><span class=\"aioseo-breadcrumb\">\n\t\t\t<a href=\"https:\/\/azuaalinstante.com\/index.php\/category\/deportes\/\" title=\"Deportes\">Deportes<\/a>\n\t\t<\/span><span class=\"aioseo-breadcrumb-separator\">&raquo;<\/span><span class=\"aioseo-breadcrumb\">\n\t\t\t<a href=\"https:\/\/azuaalinstante.com\/index.php\/category\/deportes\/uncategorized\/\" title=\"Deporte\">Deporte<\/a>\n\t\t<\/span><span class=\"aioseo-breadcrumb-separator\">&raquo;<\/span><span class=\"aioseo-breadcrumb\">\n\t\t\tAbinader designa a V\u00edctor Cede\u00f1o Brea como nuevo superintendente de Bancos\n\t\t<\/span><\/div>","aioseo_breadcrumb_json":[{"label":"Home","link":"https:\/\/azuaalinstante.com"},{"label":"Deportes","link":"https:\/\/azuaalinstante.com\/index.php\/category\/deportes\/"},{"label":"Deporte","link":"https:\/\/azuaalinstante.com\/index.php\/category\/deportes\/uncategorized\/"},{"label":"Abinader designa a V\u00edctor Cede\u00f1o Brea como nuevo superintendente de Bancos","link":"https:\/\/azuaalinstante.com\/index.php\/2026\/09\/01\/abinader-designa-a-victor-cedeno-brea-como-nuevo-superintendente-de-bancos\/"}],"_links":{"self":[{"href":"https:\/\/azuaalinstante.com\/index.php\/wp-json\/wp\/v2\/posts\/14569","targetHints":{"allow":["GET"]}}],"collection":[{"href":"https:\/\/azuaalinstante.com\/index.php\/wp-json\/wp\/v2\/posts"}],"about":[{"href":"https:\/\/azuaalinstante.com\/index.php\/wp-json\/wp\/v2\/types\/post"}],"author":[{"embeddable":true,"href":"https:\/\/azuaalinstante.com\/index.php\/wp-json\/wp\/v2\/users\/2"}],"replies":[{"embeddable":true,"href":"https:\/\/azuaalinstante.com\/index.php\/wp-json\/wp\/v2\/comments?post=14569"}],"version-history":[{"count":1,"href":"https:\/\/azuaalinstante.com\/index.php\/wp-json\/wp\/v2\/posts\/14569\/revisions"}],"predecessor-version":[{"id":14571,"href":"https:\/\/azuaalinstante.com\/index.php\/wp-json\/wp\/v2\/posts\/14569\/revisions\/14571"}],"wp:featuredmedia":[{"embeddable":true,"href":"https:\/\/azuaalinstante.com\/index.php\/wp-json\/wp\/v2\/media\/14570"}],"wp:attachment":[{"href":"https:\/\/azuaalinstante.com\/index.php\/wp-json\/wp\/v2\/media?parent=14569"}],"wp:term":[{"taxonomy":"category","embeddable":true,"href":"https:\/\/azuaalinstante.com\/index.php\/wp-json\/wp\/v2\/categories?post=14569"},{"taxonomy":"post_tag","embeddable":true,"href":"https:\/\/azuaalinstante.com\/index.php\/wp-json\/wp\/v2\/tags?post=14569"}],"curies":[{"name":"wp","href":"https:\/\/api.w.org\/{rel}","templated":true}]}}