{"id":14696,"date":"2026-09-04T19:03:00","date_gmt":"2026-09-04T19:03:00","guid":{"rendered":"https:\/\/azuaalinstante.com\/?p=14696"},"modified":"2026-09-04T19:03:02","modified_gmt":"2026-09-04T19:03:02","slug":"brache-advierte-sobre-retos-para-empresas-ante-la-responsabilidad-en-el-nuevo-codigo-penal","status":"publish","type":"post","link":"https:\/\/azuaalinstante.com\/index.php\/2026\/09\/04\/brache-advierte-sobre-retos-para-empresas-ante-la-responsabilidad-en-el-nuevo-codigo-penal\/","title":{"rendered":"Brache advierte sobre retos para empresas ante la responsabilidad en el nuevo C\u00f3digo Penal"},"content":{"rendered":"\n<h2 class=\"wp-block-heading\">El presidente de la Asociaci\u00f3n de Industrias de la Rep\u00fablica Dominicana (AIRD), Julio Virgilio Brache, inst\u00f3 al sector empresarial a prepararse para asumir la responsabilidad penal de las personas jur\u00eddicas, una figura que introduce el riesgo penal en la gesti\u00f3n de las organizaciones.<\/h2>\n\n\n\n<ul class=\"wp-block-list\">\n<li><\/li>\n<\/ul>\n\n\n\n<figure class=\"wp-block-image is-resized\"><img decoding=\"async\" src=\"https:\/\/listindiario.com\/files\/vertical_main_image\/uploads\/2026\/09\/03\/6a9a1400c4e28.jpeg\" alt=\"Dirigentes empresariales junto a la procuradora general de la Rep\u00fablica, Yeni Berenice Reynoso.\" style=\"aspect-ratio:2.043010752688172;width:950px;height:auto\"\/><figcaption class=\"wp-element-caption\">Dirigentes empresariales junto a la procuradora general de la Rep\u00fablica, Yeni Berenice Reynoso. EXTERNA<\/figcaption><\/figure>\n\n\n\n<p class=\"wp-block-paragraph\">SANTO DOMINGO, RD<\/p>\n\n\n\n<p class=\"wp-block-paragraph\">El presidente de la Asociaci\u00f3n de Industrias de la Rep\u00fablica Dominicana (AIRD), Julio Virgilio Brache, afirm\u00f3 que la entrada en vigor del nuevo C\u00f3digo Penal fortalecer\u00e1 la seguridad jur\u00eddica, la institucionalidad y la competencia leal en el pa\u00eds.<\/p>\n","protected":false},"excerpt":{"rendered":"<p>El presidente de la Asociaci\u00f3n de Industrias de la Rep\u00fablica Dominicana (AIRD), Julio Virgilio Brache, inst\u00f3 al sector empresarial a prepararse para asumir la responsabilidad penal de las personas jur\u00eddicas, una figura que introduce el riesgo penal en la gesti\u00f3n de las organizaciones. SANTO DOMINGO, RD El presidente de la Asociaci\u00f3n de Industrias de la [&hellip;]<\/p>\n","protected":false},"author":2,"featured_media":14697,"comment_status":"open","ping_status":"open","sticky":false,"template":"","format":"standard","meta":{"_monsterinsights_skip_tracking":false,"footnotes":""},"categories":[5],"tags":[],"class_list":["post-14696","post","type-post","status-publish","format-standard","has-post-thumbnail","hentry","category-republica"],"aioseo_notices":[],"aioseo_head":"\n\t\t<!-- All in One SEO 4.9.10 - aioseo.com -->\n\t<meta name=\"description\" content=\"El presidente de la Asociaci\u00f3n de Industrias de la Rep\u00fablica Dominicana (AIRD), Julio Virgilio Brache, inst\u00f3 al sector empresarial a prepararse para asumir la responsabilidad penal de las personas jur\u00eddicas, una figura que introduce el riesgo penal en la gesti\u00f3n de las organizaciones. SANTO DOMINGO, RD El presidente de la Asociaci\u00f3n de Industrias de la\" \/>\n\t<meta name=\"robots\" content=\"max-image-preview:large\" \/>\n\t<meta name=\"author\" content=\"Redacci\u00f3n\"\/>\n\t<link rel=\"canonical\" href=\"https:\/\/azuaalinstante.com\/index.php\/2026\/09\/04\/brache-advierte-sobre-retos-para-empresas-ante-la-responsabilidad-en-el-nuevo-codigo-penal\/\" \/>\n\t<meta name=\"generator\" content=\"All in One SEO (AIOSEO) 4.9.10\" \/>\n\t\t<meta property=\"og:locale\" content=\"es_ES\" \/>\n\t\t<meta property=\"og:site_name\" content=\"AZUA AL INSTANTE - SIEMPRE DETR\u00c1S DE LA NOTICIA!\" \/>\n\t\t<meta property=\"og:type\" content=\"article\" \/>\n\t\t<meta property=\"og:title\" content=\"Brache advierte sobre retos para empresas ante la responsabilidad en el nuevo C\u00f3digo Penal - AZUA AL INSTANTE\" \/>\n\t\t<meta property=\"og:description\" content=\"El presidente de la Asociaci\u00f3n de Industrias de la Rep\u00fablica Dominicana (AIRD), Julio Virgilio Brache, inst\u00f3 al sector empresarial a prepararse para asumir la responsabilidad penal de las personas jur\u00eddicas, una figura que introduce el riesgo penal en la gesti\u00f3n de las organizaciones. SANTO DOMINGO, RD El presidente de la Asociaci\u00f3n de Industrias de la\" \/>\n\t\t<meta property=\"og:url\" content=\"https:\/\/azuaalinstante.com\/index.php\/2026\/09\/04\/brache-advierte-sobre-retos-para-empresas-ante-la-responsabilidad-en-el-nuevo-codigo-penal\/\" \/>\n\t\t<meta property=\"article:published_time\" content=\"2026-09-04T19:03:00+00:00\" \/>\n\t\t<meta property=\"article:modified_time\" content=\"2026-09-04T19:03:02+00:00\" \/>\n\t\t<meta name=\"twitter:card\" content=\"summary_large_image\" \/>\n\t\t<meta name=\"twitter:title\" content=\"Brache advierte sobre retos para empresas ante la responsabilidad en el nuevo C\u00f3digo Penal - AZUA AL INSTANTE\" \/>\n\t\t<meta name=\"twitter:description\" content=\"El presidente de la Asociaci\u00f3n de Industrias de la Rep\u00fablica Dominicana (AIRD), Julio Virgilio Brache, inst\u00f3 al sector empresarial a prepararse para asumir la responsabilidad penal de las personas jur\u00eddicas, una figura que introduce el riesgo penal en la gesti\u00f3n de las organizaciones. SANTO DOMINGO, RD El presidente de la Asociaci\u00f3n de Industrias de la\" \/>\n\t\t<script type=\"application\/ld+json\" class=\"aioseo-schema\">\n\t\t\t{\"@context\":\"https:\\\/\\\/schema.org\",\"@graph\":[{\"@type\":\"BlogPosting\",\"@id\":\"https:\\\/\\\/azuaalinstante.com\\\/index.php\\\/2026\\\/09\\\/04\\\/brache-advierte-sobre-retos-para-empresas-ante-la-responsabilidad-en-el-nuevo-codigo-penal\\\/#blogposting\",\"name\":\"Brache advierte sobre retos para empresas ante la responsabilidad en el nuevo C\\u00f3digo Penal - AZUA AL INSTANTE\",\"headline\":\"Brache advierte sobre retos para empresas ante la responsabilidad en el nuevo C\\u00f3digo Penal\",\"author\":{\"@id\":\"https:\\\/\\\/azuaalinstante.com\\\/index.php\\\/author\\\/redaccion\\\/#author\"},\"publisher\":{\"@id\":\"https:\\\/\\\/azuaalinstante.com\\\/#organization\"},\"image\":{\"@type\":\"ImageObject\",\"url\":\"https:\\\/\\\/azuaalinstante.com\\\/wp-content\\\/uploads\\\/2026\\\/09\\\/6a9a1400c4e28.jpeg\",\"width\":800,\"height\":533},\"datePublished\":\"2026-09-04T19:03:00+00:00\",\"dateModified\":\"2026-09-04T19:03:02+00:00\",\"inLanguage\":\"es-DO\",\"mainEntityOfPage\":{\"@id\":\"https:\\\/\\\/azuaalinstante.com\\\/index.php\\\/2026\\\/09\\\/04\\\/brache-advierte-sobre-retos-para-empresas-ante-la-responsabilidad-en-el-nuevo-codigo-penal\\\/#webpage\"},\"isPartOf\":{\"@id\":\"https:\\\/\\\/azuaalinstante.com\\\/index.php\\\/2026\\\/09\\\/04\\\/brache-advierte-sobre-retos-para-empresas-ante-la-responsabilidad-en-el-nuevo-codigo-penal\\\/#webpage\"},\"articleSection\":\"Rep\\u00fablica\"},{\"@type\":\"BreadcrumbList\",\"@id\":\"https:\\\/\\\/azuaalinstante.com\\\/index.php\\\/2026\\\/09\\\/04\\\/brache-advierte-sobre-retos-para-empresas-ante-la-responsabilidad-en-el-nuevo-codigo-penal\\\/#breadcrumblist\",\"itemListElement\":[{\"@type\":\"ListItem\",\"@id\":\"https:\\\/\\\/azuaalinstante.com#listItem\",\"position\":1,\"name\":\"Home\",\"item\":\"https:\\\/\\\/azuaalinstante.com\",\"nextItem\":{\"@type\":\"ListItem\",\"@id\":\"https:\\\/\\\/azuaalinstante.com\\\/index.php\\\/category\\\/republica\\\/#listItem\",\"name\":\"Rep\\u00fablica\"}},{\"@type\":\"ListItem\",\"@id\":\"https:\\\/\\\/azuaalinstante.com\\\/index.php\\\/category\\\/republica\\\/#listItem\",\"position\":2,\"name\":\"Rep\\u00fablica\",\"item\":\"https:\\\/\\\/azuaalinstante.com\\\/index.php\\\/category\\\/republica\\\/\",\"nextItem\":{\"@type\":\"ListItem\",\"@id\":\"https:\\\/\\\/azuaalinstante.com\\\/index.php\\\/2026\\\/09\\\/04\\\/brache-advierte-sobre-retos-para-empresas-ante-la-responsabilidad-en-el-nuevo-codigo-penal\\\/#listItem\",\"name\":\"Brache advierte sobre retos para empresas ante la responsabilidad en el nuevo C\\u00f3digo Penal\"},\"previousItem\":{\"@type\":\"ListItem\",\"@id\":\"https:\\\/\\\/azuaalinstante.com#listItem\",\"name\":\"Home\"}},{\"@type\":\"ListItem\",\"@id\":\"https:\\\/\\\/azuaalinstante.com\\\/index.php\\\/2026\\\/09\\\/04\\\/brache-advierte-sobre-retos-para-empresas-ante-la-responsabilidad-en-el-nuevo-codigo-penal\\\/#listItem\",\"position\":3,\"name\":\"Brache advierte sobre retos para empresas ante la responsabilidad en el nuevo C\\u00f3digo Penal\",\"previousItem\":{\"@type\":\"ListItem\",\"@id\":\"https:\\\/\\\/azuaalinstante.com\\\/index.php\\\/category\\\/republica\\\/#listItem\",\"name\":\"Rep\\u00fablica\"}}]},{\"@type\":\"Organization\",\"@id\":\"https:\\\/\\\/azuaalinstante.com\\\/#organization\",\"name\":\"AZUA AL INSTANTE\",\"description\":\"SIEMPRE DETR\\u00c1S DE LA NOTICIA!\",\"url\":\"https:\\\/\\\/azuaalinstante.com\\\/\"},{\"@type\":\"Person\",\"@id\":\"https:\\\/\\\/azuaalinstante.com\\\/index.php\\\/author\\\/redaccion\\\/#author\",\"url\":\"https:\\\/\\\/azuaalinstante.com\\\/index.php\\\/author\\\/redaccion\\\/\",\"name\":\"Redacci\\u00f3n\",\"image\":{\"@type\":\"ImageObject\",\"@id\":\"https:\\\/\\\/azuaalinstante.com\\\/index.php\\\/2026\\\/09\\\/04\\\/brache-advierte-sobre-retos-para-empresas-ante-la-responsabilidad-en-el-nuevo-codigo-penal\\\/#authorImage\",\"url\":\"https:\\\/\\\/secure.gravatar.com\\\/avatar\\\/d68b136e956cb2c839632b9025c3df5f0812f547e1ff3ca13ce11a5b13bf209c?s=96&d=mm&r=g\",\"width\":96,\"height\":96,\"caption\":\"Redacci\\u00f3n\"}},{\"@type\":\"WebPage\",\"@id\":\"https:\\\/\\\/azuaalinstante.com\\\/index.php\\\/2026\\\/09\\\/04\\\/brache-advierte-sobre-retos-para-empresas-ante-la-responsabilidad-en-el-nuevo-codigo-penal\\\/#webpage\",\"url\":\"https:\\\/\\\/azuaalinstante.com\\\/index.php\\\/2026\\\/09\\\/04\\\/brache-advierte-sobre-retos-para-empresas-ante-la-responsabilidad-en-el-nuevo-codigo-penal\\\/\",\"name\":\"Brache advierte sobre retos para empresas ante la responsabilidad en el nuevo C\\u00f3digo Penal - AZUA AL INSTANTE\",\"description\":\"El presidente de la Asociaci\\u00f3n de Industrias de la Rep\\u00fablica Dominicana (AIRD), Julio Virgilio Brache, inst\\u00f3 al sector empresarial a prepararse para asumir la responsabilidad penal de las personas jur\\u00eddicas, una figura que introduce el riesgo penal en la gesti\\u00f3n de las organizaciones. SANTO DOMINGO, RD El presidente de la Asociaci\\u00f3n de Industrias de la\",\"inLanguage\":\"es-DO\",\"isPartOf\":{\"@id\":\"https:\\\/\\\/azuaalinstante.com\\\/#website\"},\"breadcrumb\":{\"@id\":\"https:\\\/\\\/azuaalinstante.com\\\/index.php\\\/2026\\\/09\\\/04\\\/brache-advierte-sobre-retos-para-empresas-ante-la-responsabilidad-en-el-nuevo-codigo-penal\\\/#breadcrumblist\"},\"author\":{\"@id\":\"https:\\\/\\\/azuaalinstante.com\\\/index.php\\\/author\\\/redaccion\\\/#author\"},\"creator\":{\"@id\":\"https:\\\/\\\/azuaalinstante.com\\\/index.php\\\/author\\\/redaccion\\\/#author\"},\"image\":{\"@type\":\"ImageObject\",\"url\":\"https:\\\/\\\/azuaalinstante.com\\\/wp-content\\\/uploads\\\/2026\\\/09\\\/6a9a1400c4e28.jpeg\",\"@id\":\"https:\\\/\\\/azuaalinstante.com\\\/index.php\\\/2026\\\/09\\\/04\\\/brache-advierte-sobre-retos-para-empresas-ante-la-responsabilidad-en-el-nuevo-codigo-penal\\\/#mainImage\",\"width\":800,\"height\":533},\"primaryImageOfPage\":{\"@id\":\"https:\\\/\\\/azuaalinstante.com\\\/index.php\\\/2026\\\/09\\\/04\\\/brache-advierte-sobre-retos-para-empresas-ante-la-responsabilidad-en-el-nuevo-codigo-penal\\\/#mainImage\"},\"datePublished\":\"2026-09-04T19:03:00+00:00\",\"dateModified\":\"2026-09-04T19:03:02+00:00\"},{\"@type\":\"WebSite\",\"@id\":\"https:\\\/\\\/azuaalinstante.com\\\/#website\",\"url\":\"https:\\\/\\\/azuaalinstante.com\\\/\",\"name\":\"AZUA AL INSTANTE\",\"description\":\"SIEMPRE DETR\\u00c1S DE LA NOTICIA!\",\"inLanguage\":\"es-DO\",\"publisher\":{\"@id\":\"https:\\\/\\\/azuaalinstante.com\\\/#organization\"}}]}\n\t\t<\/script>\n\t\t<!-- All in One SEO -->\n\n","aioseo_head_json":{"title":"Brache advierte sobre retos para empresas ante la responsabilidad en el nuevo C\u00f3digo Penal - AZUA AL INSTANTE","description":"El presidente de la Asociaci\u00f3n de Industrias de la Rep\u00fablica Dominicana (AIRD), Julio Virgilio Brache, inst\u00f3 al sector empresarial a prepararse para asumir la responsabilidad penal de las personas jur\u00eddicas, una figura que introduce el riesgo penal en la gesti\u00f3n de las organizaciones. SANTO DOMINGO, RD El presidente de la Asociaci\u00f3n de Industrias de la","canonical_url":"https:\/\/azuaalinstante.com\/index.php\/2026\/09\/04\/brache-advierte-sobre-retos-para-empresas-ante-la-responsabilidad-en-el-nuevo-codigo-penal\/","robots":"max-image-preview:large","keywords":"","webmasterTools":{"miscellaneous":""},"schema":{"@context":"https:\/\/schema.org","@graph":[{"@type":"BlogPosting","@id":"https:\/\/azuaalinstante.com\/index.php\/2026\/09\/04\/brache-advierte-sobre-retos-para-empresas-ante-la-responsabilidad-en-el-nuevo-codigo-penal\/#blogposting","name":"Brache advierte sobre retos para empresas ante la responsabilidad en el nuevo C\u00f3digo Penal - AZUA AL INSTANTE","headline":"Brache advierte sobre retos para empresas ante la responsabilidad en el nuevo C\u00f3digo Penal","author":{"@id":"https:\/\/azuaalinstante.com\/index.php\/author\/redaccion\/#author"},"publisher":{"@id":"https:\/\/azuaalinstante.com\/#organization"},"image":{"@type":"ImageObject","url":"https:\/\/azuaalinstante.com\/wp-content\/uploads\/2026\/09\/6a9a1400c4e28.jpeg","width":800,"height":533},"datePublished":"2026-09-04T19:03:00+00:00","dateModified":"2026-09-04T19:03:02+00:00","inLanguage":"es-DO","mainEntityOfPage":{"@id":"https:\/\/azuaalinstante.com\/index.php\/2026\/09\/04\/brache-advierte-sobre-retos-para-empresas-ante-la-responsabilidad-en-el-nuevo-codigo-penal\/#webpage"},"isPartOf":{"@id":"https:\/\/azuaalinstante.com\/index.php\/2026\/09\/04\/brache-advierte-sobre-retos-para-empresas-ante-la-responsabilidad-en-el-nuevo-codigo-penal\/#webpage"},"articleSection":"Rep\u00fablica"},{"@type":"BreadcrumbList","@id":"https:\/\/azuaalinstante.com\/index.php\/2026\/09\/04\/brache-advierte-sobre-retos-para-empresas-ante-la-responsabilidad-en-el-nuevo-codigo-penal\/#breadcrumblist","itemListElement":[{"@type":"ListItem","@id":"https:\/\/azuaalinstante.com#listItem","position":1,"name":"Home","item":"https:\/\/azuaalinstante.com","nextItem":{"@type":"ListItem","@id":"https:\/\/azuaalinstante.com\/index.php\/category\/republica\/#listItem","name":"Rep\u00fablica"}},{"@type":"ListItem","@id":"https:\/\/azuaalinstante.com\/index.php\/category\/republica\/#listItem","position":2,"name":"Rep\u00fablica","item":"https:\/\/azuaalinstante.com\/index.php\/category\/republica\/","nextItem":{"@type":"ListItem","@id":"https:\/\/azuaalinstante.com\/index.php\/2026\/09\/04\/brache-advierte-sobre-retos-para-empresas-ante-la-responsabilidad-en-el-nuevo-codigo-penal\/#listItem","name":"Brache advierte sobre retos para empresas ante la responsabilidad en el nuevo C\u00f3digo Penal"},"previousItem":{"@type":"ListItem","@id":"https:\/\/azuaalinstante.com#listItem","name":"Home"}},{"@type":"ListItem","@id":"https:\/\/azuaalinstante.com\/index.php\/2026\/09\/04\/brache-advierte-sobre-retos-para-empresas-ante-la-responsabilidad-en-el-nuevo-codigo-penal\/#listItem","position":3,"name":"Brache advierte sobre retos para empresas ante la responsabilidad en el nuevo C\u00f3digo Penal","previousItem":{"@type":"ListItem","@id":"https:\/\/azuaalinstante.com\/index.php\/category\/republica\/#listItem","name":"Rep\u00fablica"}}]},{"@type":"Organization","@id":"https:\/\/azuaalinstante.com\/#organization","name":"AZUA AL INSTANTE","description":"SIEMPRE DETR\u00c1S DE LA NOTICIA!","url":"https:\/\/azuaalinstante.com\/"},{"@type":"Person","@id":"https:\/\/azuaalinstante.com\/index.php\/author\/redaccion\/#author","url":"https:\/\/azuaalinstante.com\/index.php\/author\/redaccion\/","name":"Redacci\u00f3n","image":{"@type":"ImageObject","@id":"https:\/\/azuaalinstante.com\/index.php\/2026\/09\/04\/brache-advierte-sobre-retos-para-empresas-ante-la-responsabilidad-en-el-nuevo-codigo-penal\/#authorImage","url":"https:\/\/secure.gravatar.com\/avatar\/d68b136e956cb2c839632b9025c3df5f0812f547e1ff3ca13ce11a5b13bf209c?s=96&d=mm&r=g","width":96,"height":96,"caption":"Redacci\u00f3n"}},{"@type":"WebPage","@id":"https:\/\/azuaalinstante.com\/index.php\/2026\/09\/04\/brache-advierte-sobre-retos-para-empresas-ante-la-responsabilidad-en-el-nuevo-codigo-penal\/#webpage","url":"https:\/\/azuaalinstante.com\/index.php\/2026\/09\/04\/brache-advierte-sobre-retos-para-empresas-ante-la-responsabilidad-en-el-nuevo-codigo-penal\/","name":"Brache advierte sobre retos para empresas ante la responsabilidad en el nuevo C\u00f3digo Penal - AZUA AL INSTANTE","description":"El presidente de la Asociaci\u00f3n de Industrias de la Rep\u00fablica Dominicana (AIRD), Julio Virgilio Brache, inst\u00f3 al sector empresarial a prepararse para asumir la responsabilidad penal de las personas jur\u00eddicas, una figura que introduce el riesgo penal en la gesti\u00f3n de las organizaciones. SANTO DOMINGO, RD El presidente de la Asociaci\u00f3n de Industrias de la","inLanguage":"es-DO","isPartOf":{"@id":"https:\/\/azuaalinstante.com\/#website"},"breadcrumb":{"@id":"https:\/\/azuaalinstante.com\/index.php\/2026\/09\/04\/brache-advierte-sobre-retos-para-empresas-ante-la-responsabilidad-en-el-nuevo-codigo-penal\/#breadcrumblist"},"author":{"@id":"https:\/\/azuaalinstante.com\/index.php\/author\/redaccion\/#author"},"creator":{"@id":"https:\/\/azuaalinstante.com\/index.php\/author\/redaccion\/#author"},"image":{"@type":"ImageObject","url":"https:\/\/azuaalinstante.com\/wp-content\/uploads\/2026\/09\/6a9a1400c4e28.jpeg","@id":"https:\/\/azuaalinstante.com\/index.php\/2026\/09\/04\/brache-advierte-sobre-retos-para-empresas-ante-la-responsabilidad-en-el-nuevo-codigo-penal\/#mainImage","width":800,"height":533},"primaryImageOfPage":{"@id":"https:\/\/azuaalinstante.com\/index.php\/2026\/09\/04\/brache-advierte-sobre-retos-para-empresas-ante-la-responsabilidad-en-el-nuevo-codigo-penal\/#mainImage"},"datePublished":"2026-09-04T19:03:00+00:00","dateModified":"2026-09-04T19:03:02+00:00"},{"@type":"WebSite","@id":"https:\/\/azuaalinstante.com\/#website","url":"https:\/\/azuaalinstante.com\/","name":"AZUA AL INSTANTE","description":"SIEMPRE DETR\u00c1S DE LA NOTICIA!","inLanguage":"es-DO","publisher":{"@id":"https:\/\/azuaalinstante.com\/#organization"}}]},"og:locale":"es_ES","og:site_name":"AZUA AL INSTANTE - SIEMPRE DETR\u00c1S DE LA NOTICIA!","og:type":"article","og:title":"Brache advierte sobre retos para empresas ante la responsabilidad en el nuevo C\u00f3digo Penal - AZUA AL INSTANTE","og:description":"El presidente de la Asociaci\u00f3n de Industrias de la Rep\u00fablica Dominicana (AIRD), Julio Virgilio Brache, inst\u00f3 al sector empresarial a prepararse para asumir la responsabilidad penal de las personas jur\u00eddicas, una figura que introduce el riesgo penal en la gesti\u00f3n de las organizaciones. SANTO DOMINGO, RD El presidente de la Asociaci\u00f3n de Industrias de la","og:url":"https:\/\/azuaalinstante.com\/index.php\/2026\/09\/04\/brache-advierte-sobre-retos-para-empresas-ante-la-responsabilidad-en-el-nuevo-codigo-penal\/","article:published_time":"2026-09-04T19:03:00+00:00","article:modified_time":"2026-09-04T19:03:02+00:00","twitter:card":"summary_large_image","twitter:title":"Brache advierte sobre retos para empresas ante la responsabilidad en el nuevo C\u00f3digo Penal - AZUA AL INSTANTE","twitter:description":"El presidente de la Asociaci\u00f3n de Industrias de la Rep\u00fablica Dominicana (AIRD), Julio Virgilio Brache, inst\u00f3 al sector empresarial a prepararse para asumir la responsabilidad penal de las personas jur\u00eddicas, una figura que introduce el riesgo penal en la gesti\u00f3n de las organizaciones. SANTO DOMINGO, RD El presidente de la Asociaci\u00f3n de Industrias de la"},"aioseo_meta_data":{"post_id":"14696","title":null,"description":null,"keywords":null,"keyphrases":{"focus":{"keyphrase":"","score":0,"analysis":{"keyphraseInTitle":{"score":0,"maxScore":9,"error":1}}},"additional":[]},"primary_term":null,"canonical_url":null,"og_title":null,"og_description":null,"og_object_type":"default","og_image_type":"default","og_image_url":null,"og_image_width":null,"og_image_height":null,"og_image_custom_url":null,"og_image_custom_fields":null,"og_video":"","og_custom_url":null,"og_article_section":null,"og_article_tags":null,"twitter_use_og":false,"twitter_card":"default","twitter_image_type":"default","twitter_image_url":null,"twitter_image_custom_url":null,"twitter_image_custom_fields":null,"twitter_title":null,"twitter_description":null,"schema":{"blockGraphs":[],"customGraphs":[],"default":{"data":{"Article":[],"Course":[],"Dataset":[],"FAQPage":[],"Movie":[],"Person":[],"Product":[],"ProductReview":[],"Car":[],"Recipe":[],"Service":[],"SoftwareApplication":[],"WebPage":[]},"graphName":"BlogPosting","isEnabled":true},"graphs":[]},"schema_type":"default","schema_type_options":null,"pillar_content":false,"robots_default":true,"robots_noindex":false,"robots_noarchive":false,"robots_nosnippet":false,"robots_nofollow":false,"robots_noimageindex":false,"robots_noodp":false,"robots_notranslate":false,"robots_max_snippet":"-1","robots_max_videopreview":"-1","robots_max_imagepreview":"large","priority":null,"frequency":"default","local_seo":null,"breadcrumb_settings":null,"limit_modified_date":false,"ai":{"faqs":[],"keyPoints":[],"schemas":[],"titles":[],"descriptions":[],"socialPosts":{"email":{"subject":"","preview":"","content":""},"linkedin":[],"twitter":[],"facebook":[],"instagram":[]}},"created":"2026-09-04 19:03:02","updated":"2026-09-04 21:52:27","seo_analyzer_scan_date":null},"aioseo_breadcrumb":"<div class=\"aioseo-breadcrumbs\"><span class=\"aioseo-breadcrumb\">\n\t\t\t<a href=\"https:\/\/azuaalinstante.com\" title=\"Home\">Home<\/a>\n\t\t<\/span><span class=\"aioseo-breadcrumb-separator\">&raquo;<\/span><span class=\"aioseo-breadcrumb\">\n\t\t\t<a href=\"https:\/\/azuaalinstante.com\/index.php\/category\/republica\/\" title=\"Rep\u00fablica\">Rep\u00fablica<\/a>\n\t\t<\/span><span class=\"aioseo-breadcrumb-separator\">&raquo;<\/span><span class=\"aioseo-breadcrumb\">\n\t\t\tBrache advierte sobre retos para empresas ante la responsabilidad en el nuevo C\u00f3digo Penal\n\t\t<\/span><\/div>","aioseo_breadcrumb_json":[{"label":"Home","link":"https:\/\/azuaalinstante.com"},{"label":"Rep\u00fablica","link":"https:\/\/azuaalinstante.com\/index.php\/category\/republica\/"},{"label":"Brache advierte sobre retos para empresas ante la responsabilidad en el nuevo C\u00f3digo Penal","link":"https:\/\/azuaalinstante.com\/index.php\/2026\/09\/04\/brache-advierte-sobre-retos-para-empresas-ante-la-responsabilidad-en-el-nuevo-codigo-penal\/"}],"_links":{"self":[{"href":"https:\/\/azuaalinstante.com\/index.php\/wp-json\/wp\/v2\/posts\/14696","targetHints":{"allow":["GET"]}}],"collection":[{"href":"https:\/\/azuaalinstante.com\/index.php\/wp-json\/wp\/v2\/posts"}],"about":[{"href":"https:\/\/azuaalinstante.com\/index.php\/wp-json\/wp\/v2\/types\/post"}],"author":[{"embeddable":true,"href":"https:\/\/azuaalinstante.com\/index.php\/wp-json\/wp\/v2\/users\/2"}],"replies":[{"embeddable":true,"href":"https:\/\/azuaalinstante.com\/index.php\/wp-json\/wp\/v2\/comments?post=14696"}],"version-history":[{"count":1,"href":"https:\/\/azuaalinstante.com\/index.php\/wp-json\/wp\/v2\/posts\/14696\/revisions"}],"predecessor-version":[{"id":14698,"href":"https:\/\/azuaalinstante.com\/index.php\/wp-json\/wp\/v2\/posts\/14696\/revisions\/14698"}],"wp:featuredmedia":[{"embeddable":true,"href":"https:\/\/azuaalinstante.com\/index.php\/wp-json\/wp\/v2\/media\/14697"}],"wp:attachment":[{"href":"https:\/\/azuaalinstante.com\/index.php\/wp-json\/wp\/v2\/media?parent=14696"}],"wp:term":[{"taxonomy":"category","embeddable":true,"href":"https:\/\/azuaalinstante.com\/index.php\/wp-json\/wp\/v2\/categories?post=14696"},{"taxonomy":"post_tag","embeddable":true,"href":"https:\/\/azuaalinstante.com\/index.php\/wp-json\/wp\/v2\/tags?post=14696"}],"curies":[{"name":"wp","href":"https:\/\/api.w.org\/{rel}","templated":true}]}}