{"id":14708,"date":"2026-09-04T19:12:21","date_gmt":"2026-09-04T19:12:21","guid":{"rendered":"https:\/\/azuaalinstante.com\/?p=14708"},"modified":"2026-09-04T19:12:23","modified_gmt":"2026-09-04T19:12:23","slug":"tribunal-de-ocoa-aplaza-audiencia-contra-imputada-de-matar-abogada","status":"publish","type":"post","link":"https:\/\/azuaalinstante.com\/index.php\/2026\/09\/04\/tribunal-de-ocoa-aplaza-audiencia-contra-imputada-de-matar-abogada\/","title":{"rendered":"Tribunal de Ocoa aplaza audiencia contra imputada de matar abogada"},"content":{"rendered":"\n<h2 class=\"wp-block-heading\">La imputada lleg\u00f3 al Palacio de Justicia con un chaleco antibalas, bajo estrictas medidas de seguridad.<\/h2>\n\n\n\n<ul class=\"wp-block-list\">\n<li><\/li>\n<\/ul>\n\n\n\n<figure class=\"wp-block-image is-resized\"><img decoding=\"async\" src=\"https:\/\/listindiario.com\/files\/vertical_main_image\/uploads\/2026\/09\/04\/6a9ae9252816e.jpeg\" alt=\"Adriana Cuello Minyetty cuando era trasladada al Palacio de Justicia acusada de la muerte de la abogada Leidy Soto C\u00e1ceres.\" style=\"aspect-ratio:2.043010752688172;width:950px;height:auto\"\/><figcaption class=\"wp-element-caption\">Adriana Cuello Minyetty cuando era trasladada al Palacio de Justicia acusada de la muerte de la abogada Leidy Soto C\u00e1ceres.<\/figcaption><\/figure>\n\n\n\n<p class=\"wp-block-paragraph\">San Jos\u00e9 de Ocoa<\/p>\n\n\n\n<p class=\"wp-block-paragraph\">El juzgado de la instrucci\u00f3n del Distrito Judicial de San Jos\u00e9 de Ocoa aplaz\u00f3 el conocimiento de una solicitud de medida de coerci\u00f3n contra&nbsp;<strong>Adriana Cuello Minyetty, imputada de ultimar&nbsp;<\/strong>con arma blanca el pasado martes primero de agosto, en el sector Los Maestros, a la abogada Leidy Soto C\u00e1ceres en circunstancias que son investigadas.<\/p>\n","protected":false},"excerpt":{"rendered":"<p>La imputada lleg\u00f3 al Palacio de Justicia con un chaleco antibalas, bajo estrictas medidas de seguridad. San Jos\u00e9 de Ocoa El juzgado de la instrucci\u00f3n del Distrito Judicial de San Jos\u00e9 de Ocoa aplaz\u00f3 el conocimiento de una solicitud de medida de coerci\u00f3n contra&nbsp;Adriana Cuello Minyetty, imputada de ultimar&nbsp;con arma blanca el pasado martes primero [&hellip;]<\/p>\n","protected":false},"author":2,"featured_media":14709,"comment_status":"open","ping_status":"open","sticky":false,"template":"","format":"standard","meta":{"_monsterinsights_skip_tracking":false,"footnotes":""},"categories":[25],"tags":[],"class_list":["post-14708","post","type-post","status-publish","format-standard","has-post-thumbnail","hentry","category-region-sur"],"aioseo_notices":[],"aioseo_head":"\n\t\t<!-- All in One SEO 4.9.10 - aioseo.com -->\n\t<meta name=\"description\" content=\"La imputada lleg\u00f3 al Palacio de Justicia con un chaleco antibalas, bajo estrictas medidas de seguridad. San Jos\u00e9 de Ocoa El juzgado de la instrucci\u00f3n del Distrito Judicial de San Jos\u00e9 de Ocoa aplaz\u00f3 el conocimiento de una solicitud de medida de coerci\u00f3n contra Adriana Cuello Minyetty, imputada de ultimar con arma blanca el pasado martes primero\" \/>\n\t<meta name=\"robots\" content=\"max-image-preview:large\" \/>\n\t<meta name=\"author\" content=\"Redacci\u00f3n\"\/>\n\t<link rel=\"canonical\" href=\"https:\/\/azuaalinstante.com\/index.php\/2026\/09\/04\/tribunal-de-ocoa-aplaza-audiencia-contra-imputada-de-matar-abogada\/\" \/>\n\t<meta name=\"generator\" content=\"All in One SEO (AIOSEO) 4.9.10\" \/>\n\t\t<meta property=\"og:locale\" content=\"es_ES\" \/>\n\t\t<meta property=\"og:site_name\" content=\"AZUA AL INSTANTE - SIEMPRE DETR\u00c1S DE LA NOTICIA!\" \/>\n\t\t<meta property=\"og:type\" content=\"article\" \/>\n\t\t<meta property=\"og:title\" content=\"Tribunal de Ocoa aplaza audiencia contra imputada de matar abogada - AZUA AL INSTANTE\" \/>\n\t\t<meta property=\"og:description\" content=\"La imputada lleg\u00f3 al Palacio de Justicia con un chaleco antibalas, bajo estrictas medidas de seguridad. San Jos\u00e9 de Ocoa El juzgado de la instrucci\u00f3n del Distrito Judicial de San Jos\u00e9 de Ocoa aplaz\u00f3 el conocimiento de una solicitud de medida de coerci\u00f3n contra Adriana Cuello Minyetty, imputada de ultimar con arma blanca el pasado martes primero\" \/>\n\t\t<meta property=\"og:url\" content=\"https:\/\/azuaalinstante.com\/index.php\/2026\/09\/04\/tribunal-de-ocoa-aplaza-audiencia-contra-imputada-de-matar-abogada\/\" \/>\n\t\t<meta property=\"article:published_time\" content=\"2026-09-04T19:12:21+00:00\" \/>\n\t\t<meta property=\"article:modified_time\" content=\"2026-09-04T19:12:23+00:00\" \/>\n\t\t<meta name=\"twitter:card\" content=\"summary_large_image\" \/>\n\t\t<meta name=\"twitter:title\" content=\"Tribunal de Ocoa aplaza audiencia contra imputada de matar abogada - AZUA AL INSTANTE\" \/>\n\t\t<meta name=\"twitter:description\" content=\"La imputada lleg\u00f3 al Palacio de Justicia con un chaleco antibalas, bajo estrictas medidas de seguridad. San Jos\u00e9 de Ocoa El juzgado de la instrucci\u00f3n del Distrito Judicial de San Jos\u00e9 de Ocoa aplaz\u00f3 el conocimiento de una solicitud de medida de coerci\u00f3n contra Adriana Cuello Minyetty, imputada de ultimar con arma blanca el pasado martes primero\" \/>\n\t\t<script type=\"application\/ld+json\" class=\"aioseo-schema\">\n\t\t\t{\"@context\":\"https:\\\/\\\/schema.org\",\"@graph\":[{\"@type\":\"BlogPosting\",\"@id\":\"https:\\\/\\\/azuaalinstante.com\\\/index.php\\\/2026\\\/09\\\/04\\\/tribunal-de-ocoa-aplaza-audiencia-contra-imputada-de-matar-abogada\\\/#blogposting\",\"name\":\"Tribunal de Ocoa aplaza audiencia contra imputada de matar abogada - AZUA AL INSTANTE\",\"headline\":\"Tribunal de Ocoa aplaza audiencia contra imputada de matar abogada\",\"author\":{\"@id\":\"https:\\\/\\\/azuaalinstante.com\\\/index.php\\\/author\\\/redaccion\\\/#author\"},\"publisher\":{\"@id\":\"https:\\\/\\\/azuaalinstante.com\\\/#organization\"},\"image\":{\"@type\":\"ImageObject\",\"url\":\"https:\\\/\\\/azuaalinstante.com\\\/wp-content\\\/uploads\\\/2026\\\/09\\\/6a9ae9252816e.jpeg\",\"width\":800,\"height\":378},\"datePublished\":\"2026-09-04T19:12:21+00:00\",\"dateModified\":\"2026-09-04T19:12:23+00:00\",\"inLanguage\":\"es-DO\",\"mainEntityOfPage\":{\"@id\":\"https:\\\/\\\/azuaalinstante.com\\\/index.php\\\/2026\\\/09\\\/04\\\/tribunal-de-ocoa-aplaza-audiencia-contra-imputada-de-matar-abogada\\\/#webpage\"},\"isPartOf\":{\"@id\":\"https:\\\/\\\/azuaalinstante.com\\\/index.php\\\/2026\\\/09\\\/04\\\/tribunal-de-ocoa-aplaza-audiencia-contra-imputada-de-matar-abogada\\\/#webpage\"},\"articleSection\":\"Regi\\u00f3n Sur\"},{\"@type\":\"BreadcrumbList\",\"@id\":\"https:\\\/\\\/azuaalinstante.com\\\/index.php\\\/2026\\\/09\\\/04\\\/tribunal-de-ocoa-aplaza-audiencia-contra-imputada-de-matar-abogada\\\/#breadcrumblist\",\"itemListElement\":[{\"@type\":\"ListItem\",\"@id\":\"https:\\\/\\\/azuaalinstante.com#listItem\",\"position\":1,\"name\":\"Home\",\"item\":\"https:\\\/\\\/azuaalinstante.com\",\"nextItem\":{\"@type\":\"ListItem\",\"@id\":\"https:\\\/\\\/azuaalinstante.com\\\/index.php\\\/category\\\/region-sur\\\/#listItem\",\"name\":\"Regi\\u00f3n Sur\"}},{\"@type\":\"ListItem\",\"@id\":\"https:\\\/\\\/azuaalinstante.com\\\/index.php\\\/category\\\/region-sur\\\/#listItem\",\"position\":2,\"name\":\"Regi\\u00f3n Sur\",\"item\":\"https:\\\/\\\/azuaalinstante.com\\\/index.php\\\/category\\\/region-sur\\\/\",\"nextItem\":{\"@type\":\"ListItem\",\"@id\":\"https:\\\/\\\/azuaalinstante.com\\\/index.php\\\/2026\\\/09\\\/04\\\/tribunal-de-ocoa-aplaza-audiencia-contra-imputada-de-matar-abogada\\\/#listItem\",\"name\":\"Tribunal de Ocoa aplaza audiencia contra imputada de matar abogada\"},\"previousItem\":{\"@type\":\"ListItem\",\"@id\":\"https:\\\/\\\/azuaalinstante.com#listItem\",\"name\":\"Home\"}},{\"@type\":\"ListItem\",\"@id\":\"https:\\\/\\\/azuaalinstante.com\\\/index.php\\\/2026\\\/09\\\/04\\\/tribunal-de-ocoa-aplaza-audiencia-contra-imputada-de-matar-abogada\\\/#listItem\",\"position\":3,\"name\":\"Tribunal de Ocoa aplaza audiencia contra imputada de matar abogada\",\"previousItem\":{\"@type\":\"ListItem\",\"@id\":\"https:\\\/\\\/azuaalinstante.com\\\/index.php\\\/category\\\/region-sur\\\/#listItem\",\"name\":\"Regi\\u00f3n Sur\"}}]},{\"@type\":\"Organization\",\"@id\":\"https:\\\/\\\/azuaalinstante.com\\\/#organization\",\"name\":\"AZUA AL INSTANTE\",\"description\":\"SIEMPRE DETR\\u00c1S DE LA NOTICIA!\",\"url\":\"https:\\\/\\\/azuaalinstante.com\\\/\"},{\"@type\":\"Person\",\"@id\":\"https:\\\/\\\/azuaalinstante.com\\\/index.php\\\/author\\\/redaccion\\\/#author\",\"url\":\"https:\\\/\\\/azuaalinstante.com\\\/index.php\\\/author\\\/redaccion\\\/\",\"name\":\"Redacci\\u00f3n\",\"image\":{\"@type\":\"ImageObject\",\"@id\":\"https:\\\/\\\/azuaalinstante.com\\\/index.php\\\/2026\\\/09\\\/04\\\/tribunal-de-ocoa-aplaza-audiencia-contra-imputada-de-matar-abogada\\\/#authorImage\",\"url\":\"https:\\\/\\\/secure.gravatar.com\\\/avatar\\\/d68b136e956cb2c839632b9025c3df5f0812f547e1ff3ca13ce11a5b13bf209c?s=96&d=mm&r=g\",\"width\":96,\"height\":96,\"caption\":\"Redacci\\u00f3n\"}},{\"@type\":\"WebPage\",\"@id\":\"https:\\\/\\\/azuaalinstante.com\\\/index.php\\\/2026\\\/09\\\/04\\\/tribunal-de-ocoa-aplaza-audiencia-contra-imputada-de-matar-abogada\\\/#webpage\",\"url\":\"https:\\\/\\\/azuaalinstante.com\\\/index.php\\\/2026\\\/09\\\/04\\\/tribunal-de-ocoa-aplaza-audiencia-contra-imputada-de-matar-abogada\\\/\",\"name\":\"Tribunal de Ocoa aplaza audiencia contra imputada de matar abogada - AZUA AL INSTANTE\",\"description\":\"La imputada lleg\\u00f3 al Palacio de Justicia con un chaleco antibalas, bajo estrictas medidas de seguridad. San Jos\\u00e9 de Ocoa El juzgado de la instrucci\\u00f3n del Distrito Judicial de San Jos\\u00e9 de Ocoa aplaz\\u00f3 el conocimiento de una solicitud de medida de coerci\\u00f3n contra Adriana Cuello Minyetty, imputada de ultimar con arma blanca el pasado martes primero\",\"inLanguage\":\"es-DO\",\"isPartOf\":{\"@id\":\"https:\\\/\\\/azuaalinstante.com\\\/#website\"},\"breadcrumb\":{\"@id\":\"https:\\\/\\\/azuaalinstante.com\\\/index.php\\\/2026\\\/09\\\/04\\\/tribunal-de-ocoa-aplaza-audiencia-contra-imputada-de-matar-abogada\\\/#breadcrumblist\"},\"author\":{\"@id\":\"https:\\\/\\\/azuaalinstante.com\\\/index.php\\\/author\\\/redaccion\\\/#author\"},\"creator\":{\"@id\":\"https:\\\/\\\/azuaalinstante.com\\\/index.php\\\/author\\\/redaccion\\\/#author\"},\"image\":{\"@type\":\"ImageObject\",\"url\":\"https:\\\/\\\/azuaalinstante.com\\\/wp-content\\\/uploads\\\/2026\\\/09\\\/6a9ae9252816e.jpeg\",\"@id\":\"https:\\\/\\\/azuaalinstante.com\\\/index.php\\\/2026\\\/09\\\/04\\\/tribunal-de-ocoa-aplaza-audiencia-contra-imputada-de-matar-abogada\\\/#mainImage\",\"width\":800,\"height\":378},\"primaryImageOfPage\":{\"@id\":\"https:\\\/\\\/azuaalinstante.com\\\/index.php\\\/2026\\\/09\\\/04\\\/tribunal-de-ocoa-aplaza-audiencia-contra-imputada-de-matar-abogada\\\/#mainImage\"},\"datePublished\":\"2026-09-04T19:12:21+00:00\",\"dateModified\":\"2026-09-04T19:12:23+00:00\"},{\"@type\":\"WebSite\",\"@id\":\"https:\\\/\\\/azuaalinstante.com\\\/#website\",\"url\":\"https:\\\/\\\/azuaalinstante.com\\\/\",\"name\":\"AZUA AL INSTANTE\",\"description\":\"SIEMPRE DETR\\u00c1S DE LA NOTICIA!\",\"inLanguage\":\"es-DO\",\"publisher\":{\"@id\":\"https:\\\/\\\/azuaalinstante.com\\\/#organization\"}}]}\n\t\t<\/script>\n\t\t<!-- All in One SEO -->\n\n","aioseo_head_json":{"title":"Tribunal de Ocoa aplaza audiencia contra imputada de matar abogada - AZUA AL INSTANTE","description":"La imputada lleg\u00f3 al Palacio de Justicia con un chaleco antibalas, bajo estrictas medidas de seguridad. San Jos\u00e9 de Ocoa El juzgado de la instrucci\u00f3n del Distrito Judicial de San Jos\u00e9 de Ocoa aplaz\u00f3 el conocimiento de una solicitud de medida de coerci\u00f3n contra Adriana Cuello Minyetty, imputada de ultimar con arma blanca el pasado martes primero","canonical_url":"https:\/\/azuaalinstante.com\/index.php\/2026\/09\/04\/tribunal-de-ocoa-aplaza-audiencia-contra-imputada-de-matar-abogada\/","robots":"max-image-preview:large","keywords":"","webmasterTools":{"miscellaneous":""},"schema":{"@context":"https:\/\/schema.org","@graph":[{"@type":"BlogPosting","@id":"https:\/\/azuaalinstante.com\/index.php\/2026\/09\/04\/tribunal-de-ocoa-aplaza-audiencia-contra-imputada-de-matar-abogada\/#blogposting","name":"Tribunal de Ocoa aplaza audiencia contra imputada de matar abogada - AZUA AL INSTANTE","headline":"Tribunal de Ocoa aplaza audiencia contra imputada de matar abogada","author":{"@id":"https:\/\/azuaalinstante.com\/index.php\/author\/redaccion\/#author"},"publisher":{"@id":"https:\/\/azuaalinstante.com\/#organization"},"image":{"@type":"ImageObject","url":"https:\/\/azuaalinstante.com\/wp-content\/uploads\/2026\/09\/6a9ae9252816e.jpeg","width":800,"height":378},"datePublished":"2026-09-04T19:12:21+00:00","dateModified":"2026-09-04T19:12:23+00:00","inLanguage":"es-DO","mainEntityOfPage":{"@id":"https:\/\/azuaalinstante.com\/index.php\/2026\/09\/04\/tribunal-de-ocoa-aplaza-audiencia-contra-imputada-de-matar-abogada\/#webpage"},"isPartOf":{"@id":"https:\/\/azuaalinstante.com\/index.php\/2026\/09\/04\/tribunal-de-ocoa-aplaza-audiencia-contra-imputada-de-matar-abogada\/#webpage"},"articleSection":"Regi\u00f3n Sur"},{"@type":"BreadcrumbList","@id":"https:\/\/azuaalinstante.com\/index.php\/2026\/09\/04\/tribunal-de-ocoa-aplaza-audiencia-contra-imputada-de-matar-abogada\/#breadcrumblist","itemListElement":[{"@type":"ListItem","@id":"https:\/\/azuaalinstante.com#listItem","position":1,"name":"Home","item":"https:\/\/azuaalinstante.com","nextItem":{"@type":"ListItem","@id":"https:\/\/azuaalinstante.com\/index.php\/category\/region-sur\/#listItem","name":"Regi\u00f3n Sur"}},{"@type":"ListItem","@id":"https:\/\/azuaalinstante.com\/index.php\/category\/region-sur\/#listItem","position":2,"name":"Regi\u00f3n Sur","item":"https:\/\/azuaalinstante.com\/index.php\/category\/region-sur\/","nextItem":{"@type":"ListItem","@id":"https:\/\/azuaalinstante.com\/index.php\/2026\/09\/04\/tribunal-de-ocoa-aplaza-audiencia-contra-imputada-de-matar-abogada\/#listItem","name":"Tribunal de Ocoa aplaza audiencia contra imputada de matar abogada"},"previousItem":{"@type":"ListItem","@id":"https:\/\/azuaalinstante.com#listItem","name":"Home"}},{"@type":"ListItem","@id":"https:\/\/azuaalinstante.com\/index.php\/2026\/09\/04\/tribunal-de-ocoa-aplaza-audiencia-contra-imputada-de-matar-abogada\/#listItem","position":3,"name":"Tribunal de Ocoa aplaza audiencia contra imputada de matar abogada","previousItem":{"@type":"ListItem","@id":"https:\/\/azuaalinstante.com\/index.php\/category\/region-sur\/#listItem","name":"Regi\u00f3n Sur"}}]},{"@type":"Organization","@id":"https:\/\/azuaalinstante.com\/#organization","name":"AZUA AL INSTANTE","description":"SIEMPRE DETR\u00c1S DE LA NOTICIA!","url":"https:\/\/azuaalinstante.com\/"},{"@type":"Person","@id":"https:\/\/azuaalinstante.com\/index.php\/author\/redaccion\/#author","url":"https:\/\/azuaalinstante.com\/index.php\/author\/redaccion\/","name":"Redacci\u00f3n","image":{"@type":"ImageObject","@id":"https:\/\/azuaalinstante.com\/index.php\/2026\/09\/04\/tribunal-de-ocoa-aplaza-audiencia-contra-imputada-de-matar-abogada\/#authorImage","url":"https:\/\/secure.gravatar.com\/avatar\/d68b136e956cb2c839632b9025c3df5f0812f547e1ff3ca13ce11a5b13bf209c?s=96&d=mm&r=g","width":96,"height":96,"caption":"Redacci\u00f3n"}},{"@type":"WebPage","@id":"https:\/\/azuaalinstante.com\/index.php\/2026\/09\/04\/tribunal-de-ocoa-aplaza-audiencia-contra-imputada-de-matar-abogada\/#webpage","url":"https:\/\/azuaalinstante.com\/index.php\/2026\/09\/04\/tribunal-de-ocoa-aplaza-audiencia-contra-imputada-de-matar-abogada\/","name":"Tribunal de Ocoa aplaza audiencia contra imputada de matar abogada - AZUA AL INSTANTE","description":"La imputada lleg\u00f3 al Palacio de Justicia con un chaleco antibalas, bajo estrictas medidas de seguridad. San Jos\u00e9 de Ocoa El juzgado de la instrucci\u00f3n del Distrito Judicial de San Jos\u00e9 de Ocoa aplaz\u00f3 el conocimiento de una solicitud de medida de coerci\u00f3n contra Adriana Cuello Minyetty, imputada de ultimar con arma blanca el pasado martes primero","inLanguage":"es-DO","isPartOf":{"@id":"https:\/\/azuaalinstante.com\/#website"},"breadcrumb":{"@id":"https:\/\/azuaalinstante.com\/index.php\/2026\/09\/04\/tribunal-de-ocoa-aplaza-audiencia-contra-imputada-de-matar-abogada\/#breadcrumblist"},"author":{"@id":"https:\/\/azuaalinstante.com\/index.php\/author\/redaccion\/#author"},"creator":{"@id":"https:\/\/azuaalinstante.com\/index.php\/author\/redaccion\/#author"},"image":{"@type":"ImageObject","url":"https:\/\/azuaalinstante.com\/wp-content\/uploads\/2026\/09\/6a9ae9252816e.jpeg","@id":"https:\/\/azuaalinstante.com\/index.php\/2026\/09\/04\/tribunal-de-ocoa-aplaza-audiencia-contra-imputada-de-matar-abogada\/#mainImage","width":800,"height":378},"primaryImageOfPage":{"@id":"https:\/\/azuaalinstante.com\/index.php\/2026\/09\/04\/tribunal-de-ocoa-aplaza-audiencia-contra-imputada-de-matar-abogada\/#mainImage"},"datePublished":"2026-09-04T19:12:21+00:00","dateModified":"2026-09-04T19:12:23+00:00"},{"@type":"WebSite","@id":"https:\/\/azuaalinstante.com\/#website","url":"https:\/\/azuaalinstante.com\/","name":"AZUA AL INSTANTE","description":"SIEMPRE DETR\u00c1S DE LA NOTICIA!","inLanguage":"es-DO","publisher":{"@id":"https:\/\/azuaalinstante.com\/#organization"}}]},"og:locale":"es_ES","og:site_name":"AZUA AL INSTANTE - SIEMPRE DETR\u00c1S DE LA NOTICIA!","og:type":"article","og:title":"Tribunal de Ocoa aplaza audiencia contra imputada de matar abogada - AZUA AL INSTANTE","og:description":"La imputada lleg\u00f3 al Palacio de Justicia con un chaleco antibalas, bajo estrictas medidas de seguridad. San Jos\u00e9 de Ocoa El juzgado de la instrucci\u00f3n del Distrito Judicial de San Jos\u00e9 de Ocoa aplaz\u00f3 el conocimiento de una solicitud de medida de coerci\u00f3n contra Adriana Cuello Minyetty, imputada de ultimar con arma blanca el pasado martes primero","og:url":"https:\/\/azuaalinstante.com\/index.php\/2026\/09\/04\/tribunal-de-ocoa-aplaza-audiencia-contra-imputada-de-matar-abogada\/","article:published_time":"2026-09-04T19:12:21+00:00","article:modified_time":"2026-09-04T19:12:23+00:00","twitter:card":"summary_large_image","twitter:title":"Tribunal de Ocoa aplaza audiencia contra imputada de matar abogada - AZUA AL INSTANTE","twitter:description":"La imputada lleg\u00f3 al Palacio de Justicia con un chaleco antibalas, bajo estrictas medidas de seguridad. San Jos\u00e9 de Ocoa El juzgado de la instrucci\u00f3n del Distrito Judicial de San Jos\u00e9 de Ocoa aplaz\u00f3 el conocimiento de una solicitud de medida de coerci\u00f3n contra Adriana Cuello Minyetty, imputada de ultimar con arma blanca el pasado martes primero"},"aioseo_meta_data":{"post_id":"14708","title":null,"description":null,"keywords":null,"keyphrases":{"focus":{"keyphrase":"","score":0,"analysis":{"keyphraseInTitle":{"score":0,"maxScore":9,"error":1}}},"additional":[]},"primary_term":null,"canonical_url":null,"og_title":null,"og_description":null,"og_object_type":"default","og_image_type":"default","og_image_url":null,"og_image_width":null,"og_image_height":null,"og_image_custom_url":null,"og_image_custom_fields":null,"og_video":"","og_custom_url":null,"og_article_section":null,"og_article_tags":null,"twitter_use_og":false,"twitter_card":"default","twitter_image_type":"default","twitter_image_url":null,"twitter_image_custom_url":null,"twitter_image_custom_fields":null,"twitter_title":null,"twitter_description":null,"schema":{"blockGraphs":[],"customGraphs":[],"default":{"data":{"Article":[],"Course":[],"Dataset":[],"FAQPage":[],"Movie":[],"Person":[],"Product":[],"ProductReview":[],"Car":[],"Recipe":[],"Service":[],"SoftwareApplication":[],"WebPage":[]},"graphName":"BlogPosting","isEnabled":true},"graphs":[]},"schema_type":"default","schema_type_options":null,"pillar_content":false,"robots_default":true,"robots_noindex":false,"robots_noarchive":false,"robots_nosnippet":false,"robots_nofollow":false,"robots_noimageindex":false,"robots_noodp":false,"robots_notranslate":false,"robots_max_snippet":"-1","robots_max_videopreview":"-1","robots_max_imagepreview":"large","priority":null,"frequency":"default","local_seo":null,"breadcrumb_settings":null,"limit_modified_date":false,"ai":{"faqs":[],"keyPoints":[],"schemas":[],"titles":[],"descriptions":[],"socialPosts":{"email":{"subject":"","preview":"","content":""},"linkedin":[],"twitter":[],"facebook":[],"instagram":[]}},"created":"2026-09-04 19:12:23","updated":"2026-09-04 21:52:27","seo_analyzer_scan_date":null},"aioseo_breadcrumb":"<div class=\"aioseo-breadcrumbs\"><span class=\"aioseo-breadcrumb\">\n\t\t\t<a href=\"https:\/\/azuaalinstante.com\" title=\"Home\">Home<\/a>\n\t\t<\/span><span class=\"aioseo-breadcrumb-separator\">&raquo;<\/span><span class=\"aioseo-breadcrumb\">\n\t\t\t<a href=\"https:\/\/azuaalinstante.com\/index.php\/category\/region-sur\/\" title=\"Regi\u00f3n Sur\">Regi\u00f3n Sur<\/a>\n\t\t<\/span><span class=\"aioseo-breadcrumb-separator\">&raquo;<\/span><span class=\"aioseo-breadcrumb\">\n\t\t\tTribunal de Ocoa aplaza audiencia contra imputada de matar abogada\n\t\t<\/span><\/div>","aioseo_breadcrumb_json":[{"label":"Home","link":"https:\/\/azuaalinstante.com"},{"label":"Regi\u00f3n Sur","link":"https:\/\/azuaalinstante.com\/index.php\/category\/region-sur\/"},{"label":"Tribunal de Ocoa aplaza audiencia contra imputada de matar abogada","link":"https:\/\/azuaalinstante.com\/index.php\/2026\/09\/04\/tribunal-de-ocoa-aplaza-audiencia-contra-imputada-de-matar-abogada\/"}],"_links":{"self":[{"href":"https:\/\/azuaalinstante.com\/index.php\/wp-json\/wp\/v2\/posts\/14708","targetHints":{"allow":["GET"]}}],"collection":[{"href":"https:\/\/azuaalinstante.com\/index.php\/wp-json\/wp\/v2\/posts"}],"about":[{"href":"https:\/\/azuaalinstante.com\/index.php\/wp-json\/wp\/v2\/types\/post"}],"author":[{"embeddable":true,"href":"https:\/\/azuaalinstante.com\/index.php\/wp-json\/wp\/v2\/users\/2"}],"replies":[{"embeddable":true,"href":"https:\/\/azuaalinstante.com\/index.php\/wp-json\/wp\/v2\/comments?post=14708"}],"version-history":[{"count":1,"href":"https:\/\/azuaalinstante.com\/index.php\/wp-json\/wp\/v2\/posts\/14708\/revisions"}],"predecessor-version":[{"id":14710,"href":"https:\/\/azuaalinstante.com\/index.php\/wp-json\/wp\/v2\/posts\/14708\/revisions\/14710"}],"wp:featuredmedia":[{"embeddable":true,"href":"https:\/\/azuaalinstante.com\/index.php\/wp-json\/wp\/v2\/media\/14709"}],"wp:attachment":[{"href":"https:\/\/azuaalinstante.com\/index.php\/wp-json\/wp\/v2\/media?parent=14708"}],"wp:term":[{"taxonomy":"category","embeddable":true,"href":"https:\/\/azuaalinstante.com\/index.php\/wp-json\/wp\/v2\/categories?post=14708"},{"taxonomy":"post_tag","embeddable":true,"href":"https:\/\/azuaalinstante.com\/index.php\/wp-json\/wp\/v2\/tags?post=14708"}],"curies":[{"name":"wp","href":"https:\/\/api.w.org\/{rel}","templated":true}]}}