{"id":14727,"date":"2026-09-05T15:45:40","date_gmt":"2026-09-05T15:45:40","guid":{"rendered":"https:\/\/azuaalinstante.com\/?p=14727"},"modified":"2026-09-05T15:45:42","modified_gmt":"2026-09-05T15:45:42","slug":"propeep-refuerza-su-presencia-en-sde-con-jornadas-sociales-y-remozamiento-de-19-canchas","status":"publish","type":"post","link":"https:\/\/azuaalinstante.com\/index.php\/2026\/09\/05\/propeep-refuerza-su-presencia-en-sde-con-jornadas-sociales-y-remozamiento-de-19-canchas\/","title":{"rendered":"Propeep refuerza su presencia en SDE con jornadas sociales y remozamiento de 19 canchas"},"content":{"rendered":"\n<p class=\"wp-block-paragraph\"><em>Santo Domingo Este, RD.<\/em>\u2013 El director de la Direcci\u00f3n General de Proyectos Estrat\u00e9gicos y Especiales de la Presidencia (Propeep), Robert Polanco, afirm\u00f3 que Santo Domingo Este est\u00e1 en el centro de las pol\u00edticas p\u00fablicas que desarrolla la instituci\u00f3n por instrucciones del presidente Luis Abinader, al encabezar este viernes una Jornada de Inclusi\u00f3n Social \u201cPrimero T\u00fa\u201d en la parroquia Padres Misioneros Pa\u00fales, en el sector Katanga de Los Mina.<\/p>\n\n\n\n<p class=\"wp-block-paragraph\">Polanco destac\u00f3 que Propeep trabaja junto a las autoridades locales y las organizaciones comunitarias para identificar necesidades y llevar respuestas concretas a los sectores vulnerables, facilitando el acceso a servicios como afiliaci\u00f3n y entrega del carnet de SeNaSa, dispositivos de movilidad para personas discapacitadas, inscripciones para cursos de capacitaciones del INFOTEP y canalizaci\u00f3n de pensiones solidarias para adultos mayores, servicios de odontologia y oftalmolog\u00eda, entre otros.<\/p>\n\n\n\n<p class=\"wp-block-paragraph\">Se\u00f1al\u00f3 que esta es la jornada n\u00famero 16 realizada por la instituci\u00f3n en Santo Domingo Este durante 2026, a las que se suman las acciones del programa \u201cCerca de Ti\u201d y otras iniciativas como \u201cRenacer Contigo\u201d, dirigidas a emprendedores y familias en condiciones de vulnerabilidad.<\/p>\n\n\n\n<p class=\"wp-block-paragraph\"><em>Remozamiento de 19 canchas deportivas<\/em><\/p>\n\n\n\n<p class=\"wp-block-paragraph\">Como parte de esta intervenci\u00f3n Polanco anunci\u00f3, adem\u00e1s, la realizaci\u00f3n de un plan de remozamiento y pintura de 19 canchas deportivas del municipio, con el prop\u00f3sito de recuperar espacios para la pr\u00e1ctica deportiva y la recreaci\u00f3n de los j\u00f3venes.<\/p>\n\n\n\n<p class=\"wp-block-paragraph\">Explic\u00f3 que esta iniciativa forma parte de una visi\u00f3n integral de intervenci\u00f3n comunitaria que procura crear entornos adecuados para que la juventud desarrolle actividades sanas y se mantenga alejada de los vicios, el ocio, las drogas y la delincuencia.<\/p>\n\n\n\n<p class=\"wp-block-paragraph\">Asimismo, cit\u00f3 la entrega reciente de una vivienda a un envejeciente en El Tamarindo y la intervenci\u00f3n de un paseo peatonal para mejorar la movilidad y seguridad de los adultos mayores.<\/p>\n\n\n\n<p class=\"wp-block-paragraph\">El funcionario estuvo acompa\u00f1ado por la gobernadora civil provincial, Lucrecia Santana Leiva; los regidores Juan Calder\u00f3n (Juanchi), Dar\u00edo Batista y Antonio Ram\u00edrez (Nacho), as\u00ed como el presidente de la Junta de Vecinos, Manuel Susa\u00f1a Ovalle, entre otras autoridades y representantes comunitarios.<\/p>\n\n\n\n<p class=\"wp-block-paragraph\"><em>Direcci\u00f3n de Comunicaciones Propeep<\/em><br>4 de Septiembre, 2026<\/p>\n","protected":false},"excerpt":{"rendered":"<p>Santo Domingo Este, RD.\u2013 El director de la Direcci\u00f3n General de Proyectos Estrat\u00e9gicos y Especiales de la Presidencia (Propeep), Robert Polanco, afirm\u00f3 que Santo Domingo Este est\u00e1 en el centro de las pol\u00edticas p\u00fablicas que desarrolla la instituci\u00f3n por instrucciones del presidente Luis Abinader, al encabezar este viernes una Jornada de Inclusi\u00f3n Social \u201cPrimero T\u00fa\u201d [&hellip;]<\/p>\n","protected":false},"author":2,"featured_media":14728,"comment_status":"open","ping_status":"open","sticky":false,"template":"","format":"standard","meta":{"_monsterinsights_skip_tracking":false,"footnotes":""},"categories":[5],"tags":[],"class_list":["post-14727","post","type-post","status-publish","format-standard","has-post-thumbnail","hentry","category-republica"],"aioseo_notices":[],"aioseo_head":"\n\t\t<!-- All in One SEO 4.9.10 - aioseo.com -->\n\t<meta name=\"description\" content=\"Santo Domingo Este, RD.\u2013 El director de la Direcci\u00f3n General de Proyectos Estrat\u00e9gicos y Especiales de la Presidencia (Propeep), Robert Polanco, afirm\u00f3 que Santo Domingo Este est\u00e1 en el centro de las pol\u00edticas p\u00fablicas que desarrolla la instituci\u00f3n por instrucciones del presidente Luis Abinader, al encabezar este viernes una Jornada de Inclusi\u00f3n Social \u201cPrimero T\u00fa\u201d\" \/>\n\t<meta name=\"robots\" content=\"max-image-preview:large\" \/>\n\t<meta name=\"author\" content=\"Redacci\u00f3n\"\/>\n\t<link rel=\"canonical\" href=\"https:\/\/azuaalinstante.com\/index.php\/2026\/09\/05\/propeep-refuerza-su-presencia-en-sde-con-jornadas-sociales-y-remozamiento-de-19-canchas\/\" \/>\n\t<meta name=\"generator\" content=\"All in One SEO (AIOSEO) 4.9.10\" \/>\n\t\t<meta property=\"og:locale\" content=\"es_ES\" \/>\n\t\t<meta property=\"og:site_name\" content=\"AZUA AL INSTANTE - SIEMPRE DETR\u00c1S DE LA NOTICIA!\" \/>\n\t\t<meta property=\"og:type\" content=\"article\" \/>\n\t\t<meta property=\"og:title\" content=\"Propeep refuerza su presencia en SDE con jornadas sociales y remozamiento de 19 canchas - AZUA AL INSTANTE\" \/>\n\t\t<meta property=\"og:description\" content=\"Santo Domingo Este, RD.\u2013 El director de la Direcci\u00f3n General de Proyectos Estrat\u00e9gicos y Especiales de la Presidencia (Propeep), Robert Polanco, afirm\u00f3 que Santo Domingo Este est\u00e1 en el centro de las pol\u00edticas p\u00fablicas que desarrolla la instituci\u00f3n por instrucciones del presidente Luis Abinader, al encabezar este viernes una Jornada de Inclusi\u00f3n Social \u201cPrimero T\u00fa\u201d\" \/>\n\t\t<meta property=\"og:url\" content=\"https:\/\/azuaalinstante.com\/index.php\/2026\/09\/05\/propeep-refuerza-su-presencia-en-sde-con-jornadas-sociales-y-remozamiento-de-19-canchas\/\" \/>\n\t\t<meta property=\"article:published_time\" content=\"2026-09-05T15:45:40+00:00\" \/>\n\t\t<meta property=\"article:modified_time\" content=\"2026-09-05T15:45:42+00:00\" \/>\n\t\t<meta name=\"twitter:card\" content=\"summary_large_image\" \/>\n\t\t<meta name=\"twitter:title\" content=\"Propeep refuerza su presencia en SDE con jornadas sociales y remozamiento de 19 canchas - AZUA AL INSTANTE\" \/>\n\t\t<meta name=\"twitter:description\" content=\"Santo Domingo Este, RD.\u2013 El director de la Direcci\u00f3n General de Proyectos Estrat\u00e9gicos y Especiales de la Presidencia (Propeep), Robert Polanco, afirm\u00f3 que Santo Domingo Este est\u00e1 en el centro de las pol\u00edticas p\u00fablicas que desarrolla la instituci\u00f3n por instrucciones del presidente Luis Abinader, al encabezar este viernes una Jornada de Inclusi\u00f3n Social \u201cPrimero T\u00fa\u201d\" \/>\n\t\t<script type=\"application\/ld+json\" class=\"aioseo-schema\">\n\t\t\t{\"@context\":\"https:\\\/\\\/schema.org\",\"@graph\":[{\"@type\":\"BlogPosting\",\"@id\":\"https:\\\/\\\/azuaalinstante.com\\\/index.php\\\/2026\\\/09\\\/05\\\/propeep-refuerza-su-presencia-en-sde-con-jornadas-sociales-y-remozamiento-de-19-canchas\\\/#blogposting\",\"name\":\"Propeep refuerza su presencia en SDE con jornadas sociales y remozamiento de 19 canchas - AZUA AL INSTANTE\",\"headline\":\"Propeep refuerza su presencia en SDE con jornadas sociales y remozamiento de 19 canchas\",\"author\":{\"@id\":\"https:\\\/\\\/azuaalinstante.com\\\/index.php\\\/author\\\/redaccion\\\/#author\"},\"publisher\":{\"@id\":\"https:\\\/\\\/azuaalinstante.com\\\/#organization\"},\"image\":{\"@type\":\"ImageObject\",\"url\":\"https:\\\/\\\/azuaalinstante.com\\\/wp-content\\\/uploads\\\/2026\\\/09\\\/IMG-20260904-WA0028-scaled.jpg\",\"width\":2560,\"height\":1707},\"datePublished\":\"2026-09-05T15:45:40+00:00\",\"dateModified\":\"2026-09-05T15:45:42+00:00\",\"inLanguage\":\"es-DO\",\"mainEntityOfPage\":{\"@id\":\"https:\\\/\\\/azuaalinstante.com\\\/index.php\\\/2026\\\/09\\\/05\\\/propeep-refuerza-su-presencia-en-sde-con-jornadas-sociales-y-remozamiento-de-19-canchas\\\/#webpage\"},\"isPartOf\":{\"@id\":\"https:\\\/\\\/azuaalinstante.com\\\/index.php\\\/2026\\\/09\\\/05\\\/propeep-refuerza-su-presencia-en-sde-con-jornadas-sociales-y-remozamiento-de-19-canchas\\\/#webpage\"},\"articleSection\":\"Rep\\u00fablica\"},{\"@type\":\"BreadcrumbList\",\"@id\":\"https:\\\/\\\/azuaalinstante.com\\\/index.php\\\/2026\\\/09\\\/05\\\/propeep-refuerza-su-presencia-en-sde-con-jornadas-sociales-y-remozamiento-de-19-canchas\\\/#breadcrumblist\",\"itemListElement\":[{\"@type\":\"ListItem\",\"@id\":\"https:\\\/\\\/azuaalinstante.com#listItem\",\"position\":1,\"name\":\"Home\",\"item\":\"https:\\\/\\\/azuaalinstante.com\",\"nextItem\":{\"@type\":\"ListItem\",\"@id\":\"https:\\\/\\\/azuaalinstante.com\\\/index.php\\\/category\\\/republica\\\/#listItem\",\"name\":\"Rep\\u00fablica\"}},{\"@type\":\"ListItem\",\"@id\":\"https:\\\/\\\/azuaalinstante.com\\\/index.php\\\/category\\\/republica\\\/#listItem\",\"position\":2,\"name\":\"Rep\\u00fablica\",\"item\":\"https:\\\/\\\/azuaalinstante.com\\\/index.php\\\/category\\\/republica\\\/\",\"nextItem\":{\"@type\":\"ListItem\",\"@id\":\"https:\\\/\\\/azuaalinstante.com\\\/index.php\\\/2026\\\/09\\\/05\\\/propeep-refuerza-su-presencia-en-sde-con-jornadas-sociales-y-remozamiento-de-19-canchas\\\/#listItem\",\"name\":\"Propeep refuerza su presencia en SDE con jornadas sociales y remozamiento de 19 canchas\"},\"previousItem\":{\"@type\":\"ListItem\",\"@id\":\"https:\\\/\\\/azuaalinstante.com#listItem\",\"name\":\"Home\"}},{\"@type\":\"ListItem\",\"@id\":\"https:\\\/\\\/azuaalinstante.com\\\/index.php\\\/2026\\\/09\\\/05\\\/propeep-refuerza-su-presencia-en-sde-con-jornadas-sociales-y-remozamiento-de-19-canchas\\\/#listItem\",\"position\":3,\"name\":\"Propeep refuerza su presencia en SDE con jornadas sociales y remozamiento de 19 canchas\",\"previousItem\":{\"@type\":\"ListItem\",\"@id\":\"https:\\\/\\\/azuaalinstante.com\\\/index.php\\\/category\\\/republica\\\/#listItem\",\"name\":\"Rep\\u00fablica\"}}]},{\"@type\":\"Organization\",\"@id\":\"https:\\\/\\\/azuaalinstante.com\\\/#organization\",\"name\":\"AZUA AL INSTANTE\",\"description\":\"SIEMPRE DETR\\u00c1S DE LA NOTICIA!\",\"url\":\"https:\\\/\\\/azuaalinstante.com\\\/\"},{\"@type\":\"Person\",\"@id\":\"https:\\\/\\\/azuaalinstante.com\\\/index.php\\\/author\\\/redaccion\\\/#author\",\"url\":\"https:\\\/\\\/azuaalinstante.com\\\/index.php\\\/author\\\/redaccion\\\/\",\"name\":\"Redacci\\u00f3n\",\"image\":{\"@type\":\"ImageObject\",\"@id\":\"https:\\\/\\\/azuaalinstante.com\\\/index.php\\\/2026\\\/09\\\/05\\\/propeep-refuerza-su-presencia-en-sde-con-jornadas-sociales-y-remozamiento-de-19-canchas\\\/#authorImage\",\"url\":\"https:\\\/\\\/secure.gravatar.com\\\/avatar\\\/d68b136e956cb2c839632b9025c3df5f0812f547e1ff3ca13ce11a5b13bf209c?s=96&d=mm&r=g\",\"width\":96,\"height\":96,\"caption\":\"Redacci\\u00f3n\"}},{\"@type\":\"WebPage\",\"@id\":\"https:\\\/\\\/azuaalinstante.com\\\/index.php\\\/2026\\\/09\\\/05\\\/propeep-refuerza-su-presencia-en-sde-con-jornadas-sociales-y-remozamiento-de-19-canchas\\\/#webpage\",\"url\":\"https:\\\/\\\/azuaalinstante.com\\\/index.php\\\/2026\\\/09\\\/05\\\/propeep-refuerza-su-presencia-en-sde-con-jornadas-sociales-y-remozamiento-de-19-canchas\\\/\",\"name\":\"Propeep refuerza su presencia en SDE con jornadas sociales y remozamiento de 19 canchas - AZUA AL INSTANTE\",\"description\":\"Santo Domingo Este, RD.\\u2013 El director de la Direcci\\u00f3n General de Proyectos Estrat\\u00e9gicos y Especiales de la Presidencia (Propeep), Robert Polanco, afirm\\u00f3 que Santo Domingo Este est\\u00e1 en el centro de las pol\\u00edticas p\\u00fablicas que desarrolla la instituci\\u00f3n por instrucciones del presidente Luis Abinader, al encabezar este viernes una Jornada de Inclusi\\u00f3n Social \\u201cPrimero T\\u00fa\\u201d\",\"inLanguage\":\"es-DO\",\"isPartOf\":{\"@id\":\"https:\\\/\\\/azuaalinstante.com\\\/#website\"},\"breadcrumb\":{\"@id\":\"https:\\\/\\\/azuaalinstante.com\\\/index.php\\\/2026\\\/09\\\/05\\\/propeep-refuerza-su-presencia-en-sde-con-jornadas-sociales-y-remozamiento-de-19-canchas\\\/#breadcrumblist\"},\"author\":{\"@id\":\"https:\\\/\\\/azuaalinstante.com\\\/index.php\\\/author\\\/redaccion\\\/#author\"},\"creator\":{\"@id\":\"https:\\\/\\\/azuaalinstante.com\\\/index.php\\\/author\\\/redaccion\\\/#author\"},\"image\":{\"@type\":\"ImageObject\",\"url\":\"https:\\\/\\\/azuaalinstante.com\\\/wp-content\\\/uploads\\\/2026\\\/09\\\/IMG-20260904-WA0028-scaled.jpg\",\"@id\":\"https:\\\/\\\/azuaalinstante.com\\\/index.php\\\/2026\\\/09\\\/05\\\/propeep-refuerza-su-presencia-en-sde-con-jornadas-sociales-y-remozamiento-de-19-canchas\\\/#mainImage\",\"width\":2560,\"height\":1707},\"primaryImageOfPage\":{\"@id\":\"https:\\\/\\\/azuaalinstante.com\\\/index.php\\\/2026\\\/09\\\/05\\\/propeep-refuerza-su-presencia-en-sde-con-jornadas-sociales-y-remozamiento-de-19-canchas\\\/#mainImage\"},\"datePublished\":\"2026-09-05T15:45:40+00:00\",\"dateModified\":\"2026-09-05T15:45:42+00:00\"},{\"@type\":\"WebSite\",\"@id\":\"https:\\\/\\\/azuaalinstante.com\\\/#website\",\"url\":\"https:\\\/\\\/azuaalinstante.com\\\/\",\"name\":\"AZUA AL INSTANTE\",\"description\":\"SIEMPRE DETR\\u00c1S DE LA NOTICIA!\",\"inLanguage\":\"es-DO\",\"publisher\":{\"@id\":\"https:\\\/\\\/azuaalinstante.com\\\/#organization\"}}]}\n\t\t<\/script>\n\t\t<!-- All in One SEO -->\n\n","aioseo_head_json":{"title":"Propeep refuerza su presencia en SDE con jornadas sociales y remozamiento de 19 canchas - AZUA AL INSTANTE","description":"Santo Domingo Este, RD.\u2013 El director de la Direcci\u00f3n General de Proyectos Estrat\u00e9gicos y Especiales de la Presidencia (Propeep), Robert Polanco, afirm\u00f3 que Santo Domingo Este est\u00e1 en el centro de las pol\u00edticas p\u00fablicas que desarrolla la instituci\u00f3n por instrucciones del presidente Luis Abinader, al encabezar este viernes una Jornada de Inclusi\u00f3n Social \u201cPrimero T\u00fa\u201d","canonical_url":"https:\/\/azuaalinstante.com\/index.php\/2026\/09\/05\/propeep-refuerza-su-presencia-en-sde-con-jornadas-sociales-y-remozamiento-de-19-canchas\/","robots":"max-image-preview:large","keywords":"","webmasterTools":{"miscellaneous":""},"schema":{"@context":"https:\/\/schema.org","@graph":[{"@type":"BlogPosting","@id":"https:\/\/azuaalinstante.com\/index.php\/2026\/09\/05\/propeep-refuerza-su-presencia-en-sde-con-jornadas-sociales-y-remozamiento-de-19-canchas\/#blogposting","name":"Propeep refuerza su presencia en SDE con jornadas sociales y remozamiento de 19 canchas - AZUA AL INSTANTE","headline":"Propeep refuerza su presencia en SDE con jornadas sociales y remozamiento de 19 canchas","author":{"@id":"https:\/\/azuaalinstante.com\/index.php\/author\/redaccion\/#author"},"publisher":{"@id":"https:\/\/azuaalinstante.com\/#organization"},"image":{"@type":"ImageObject","url":"https:\/\/azuaalinstante.com\/wp-content\/uploads\/2026\/09\/IMG-20260904-WA0028-scaled.jpg","width":2560,"height":1707},"datePublished":"2026-09-05T15:45:40+00:00","dateModified":"2026-09-05T15:45:42+00:00","inLanguage":"es-DO","mainEntityOfPage":{"@id":"https:\/\/azuaalinstante.com\/index.php\/2026\/09\/05\/propeep-refuerza-su-presencia-en-sde-con-jornadas-sociales-y-remozamiento-de-19-canchas\/#webpage"},"isPartOf":{"@id":"https:\/\/azuaalinstante.com\/index.php\/2026\/09\/05\/propeep-refuerza-su-presencia-en-sde-con-jornadas-sociales-y-remozamiento-de-19-canchas\/#webpage"},"articleSection":"Rep\u00fablica"},{"@type":"BreadcrumbList","@id":"https:\/\/azuaalinstante.com\/index.php\/2026\/09\/05\/propeep-refuerza-su-presencia-en-sde-con-jornadas-sociales-y-remozamiento-de-19-canchas\/#breadcrumblist","itemListElement":[{"@type":"ListItem","@id":"https:\/\/azuaalinstante.com#listItem","position":1,"name":"Home","item":"https:\/\/azuaalinstante.com","nextItem":{"@type":"ListItem","@id":"https:\/\/azuaalinstante.com\/index.php\/category\/republica\/#listItem","name":"Rep\u00fablica"}},{"@type":"ListItem","@id":"https:\/\/azuaalinstante.com\/index.php\/category\/republica\/#listItem","position":2,"name":"Rep\u00fablica","item":"https:\/\/azuaalinstante.com\/index.php\/category\/republica\/","nextItem":{"@type":"ListItem","@id":"https:\/\/azuaalinstante.com\/index.php\/2026\/09\/05\/propeep-refuerza-su-presencia-en-sde-con-jornadas-sociales-y-remozamiento-de-19-canchas\/#listItem","name":"Propeep refuerza su presencia en SDE con jornadas sociales y remozamiento de 19 canchas"},"previousItem":{"@type":"ListItem","@id":"https:\/\/azuaalinstante.com#listItem","name":"Home"}},{"@type":"ListItem","@id":"https:\/\/azuaalinstante.com\/index.php\/2026\/09\/05\/propeep-refuerza-su-presencia-en-sde-con-jornadas-sociales-y-remozamiento-de-19-canchas\/#listItem","position":3,"name":"Propeep refuerza su presencia en SDE con jornadas sociales y remozamiento de 19 canchas","previousItem":{"@type":"ListItem","@id":"https:\/\/azuaalinstante.com\/index.php\/category\/republica\/#listItem","name":"Rep\u00fablica"}}]},{"@type":"Organization","@id":"https:\/\/azuaalinstante.com\/#organization","name":"AZUA AL INSTANTE","description":"SIEMPRE DETR\u00c1S DE LA NOTICIA!","url":"https:\/\/azuaalinstante.com\/"},{"@type":"Person","@id":"https:\/\/azuaalinstante.com\/index.php\/author\/redaccion\/#author","url":"https:\/\/azuaalinstante.com\/index.php\/author\/redaccion\/","name":"Redacci\u00f3n","image":{"@type":"ImageObject","@id":"https:\/\/azuaalinstante.com\/index.php\/2026\/09\/05\/propeep-refuerza-su-presencia-en-sde-con-jornadas-sociales-y-remozamiento-de-19-canchas\/#authorImage","url":"https:\/\/secure.gravatar.com\/avatar\/d68b136e956cb2c839632b9025c3df5f0812f547e1ff3ca13ce11a5b13bf209c?s=96&d=mm&r=g","width":96,"height":96,"caption":"Redacci\u00f3n"}},{"@type":"WebPage","@id":"https:\/\/azuaalinstante.com\/index.php\/2026\/09\/05\/propeep-refuerza-su-presencia-en-sde-con-jornadas-sociales-y-remozamiento-de-19-canchas\/#webpage","url":"https:\/\/azuaalinstante.com\/index.php\/2026\/09\/05\/propeep-refuerza-su-presencia-en-sde-con-jornadas-sociales-y-remozamiento-de-19-canchas\/","name":"Propeep refuerza su presencia en SDE con jornadas sociales y remozamiento de 19 canchas - AZUA AL INSTANTE","description":"Santo Domingo Este, RD.\u2013 El director de la Direcci\u00f3n General de Proyectos Estrat\u00e9gicos y Especiales de la Presidencia (Propeep), Robert Polanco, afirm\u00f3 que Santo Domingo Este est\u00e1 en el centro de las pol\u00edticas p\u00fablicas que desarrolla la instituci\u00f3n por instrucciones del presidente Luis Abinader, al encabezar este viernes una Jornada de Inclusi\u00f3n Social \u201cPrimero T\u00fa\u201d","inLanguage":"es-DO","isPartOf":{"@id":"https:\/\/azuaalinstante.com\/#website"},"breadcrumb":{"@id":"https:\/\/azuaalinstante.com\/index.php\/2026\/09\/05\/propeep-refuerza-su-presencia-en-sde-con-jornadas-sociales-y-remozamiento-de-19-canchas\/#breadcrumblist"},"author":{"@id":"https:\/\/azuaalinstante.com\/index.php\/author\/redaccion\/#author"},"creator":{"@id":"https:\/\/azuaalinstante.com\/index.php\/author\/redaccion\/#author"},"image":{"@type":"ImageObject","url":"https:\/\/azuaalinstante.com\/wp-content\/uploads\/2026\/09\/IMG-20260904-WA0028-scaled.jpg","@id":"https:\/\/azuaalinstante.com\/index.php\/2026\/09\/05\/propeep-refuerza-su-presencia-en-sde-con-jornadas-sociales-y-remozamiento-de-19-canchas\/#mainImage","width":2560,"height":1707},"primaryImageOfPage":{"@id":"https:\/\/azuaalinstante.com\/index.php\/2026\/09\/05\/propeep-refuerza-su-presencia-en-sde-con-jornadas-sociales-y-remozamiento-de-19-canchas\/#mainImage"},"datePublished":"2026-09-05T15:45:40+00:00","dateModified":"2026-09-05T15:45:42+00:00"},{"@type":"WebSite","@id":"https:\/\/azuaalinstante.com\/#website","url":"https:\/\/azuaalinstante.com\/","name":"AZUA AL INSTANTE","description":"SIEMPRE DETR\u00c1S DE LA NOTICIA!","inLanguage":"es-DO","publisher":{"@id":"https:\/\/azuaalinstante.com\/#organization"}}]},"og:locale":"es_ES","og:site_name":"AZUA AL INSTANTE - SIEMPRE DETR\u00c1S DE LA NOTICIA!","og:type":"article","og:title":"Propeep refuerza su presencia en SDE con jornadas sociales y remozamiento de 19 canchas - AZUA AL INSTANTE","og:description":"Santo Domingo Este, RD.\u2013 El director de la Direcci\u00f3n General de Proyectos Estrat\u00e9gicos y Especiales de la Presidencia (Propeep), Robert Polanco, afirm\u00f3 que Santo Domingo Este est\u00e1 en el centro de las pol\u00edticas p\u00fablicas que desarrolla la instituci\u00f3n por instrucciones del presidente Luis Abinader, al encabezar este viernes una Jornada de Inclusi\u00f3n Social \u201cPrimero T\u00fa\u201d","og:url":"https:\/\/azuaalinstante.com\/index.php\/2026\/09\/05\/propeep-refuerza-su-presencia-en-sde-con-jornadas-sociales-y-remozamiento-de-19-canchas\/","article:published_time":"2026-09-05T15:45:40+00:00","article:modified_time":"2026-09-05T15:45:42+00:00","twitter:card":"summary_large_image","twitter:title":"Propeep refuerza su presencia en SDE con jornadas sociales y remozamiento de 19 canchas - AZUA AL INSTANTE","twitter:description":"Santo Domingo Este, RD.\u2013 El director de la Direcci\u00f3n General de Proyectos Estrat\u00e9gicos y Especiales de la Presidencia (Propeep), Robert Polanco, afirm\u00f3 que Santo Domingo Este est\u00e1 en el centro de las pol\u00edticas p\u00fablicas que desarrolla la instituci\u00f3n por instrucciones del presidente Luis Abinader, al encabezar este viernes una Jornada de Inclusi\u00f3n Social \u201cPrimero T\u00fa\u201d"},"aioseo_meta_data":{"post_id":"14727","title":null,"description":null,"keywords":null,"keyphrases":{"focus":{"keyphrase":"","score":0,"analysis":{"keyphraseInTitle":{"score":0,"maxScore":9,"error":1}}},"additional":[]},"primary_term":null,"canonical_url":null,"og_title":null,"og_description":null,"og_object_type":"default","og_image_type":"default","og_image_url":null,"og_image_width":null,"og_image_height":null,"og_image_custom_url":null,"og_image_custom_fields":null,"og_video":"","og_custom_url":null,"og_article_section":null,"og_article_tags":null,"twitter_use_og":false,"twitter_card":"default","twitter_image_type":"default","twitter_image_url":null,"twitter_image_custom_url":null,"twitter_image_custom_fields":null,"twitter_title":null,"twitter_description":null,"schema":{"blockGraphs":[],"customGraphs":[],"default":{"data":{"Article":[],"Course":[],"Dataset":[],"FAQPage":[],"Movie":[],"Person":[],"Product":[],"ProductReview":[],"Car":[],"Recipe":[],"Service":[],"SoftwareApplication":[],"WebPage":[]},"graphName":"BlogPosting","isEnabled":true},"graphs":[]},"schema_type":"default","schema_type_options":null,"pillar_content":false,"robots_default":true,"robots_noindex":false,"robots_noarchive":false,"robots_nosnippet":false,"robots_nofollow":false,"robots_noimageindex":false,"robots_noodp":false,"robots_notranslate":false,"robots_max_snippet":"-1","robots_max_videopreview":"-1","robots_max_imagepreview":"large","priority":null,"frequency":"default","local_seo":null,"breadcrumb_settings":null,"limit_modified_date":false,"ai":{"faqs":[],"keyPoints":[],"schemas":[],"titles":[],"descriptions":[],"socialPosts":{"email":{"subject":"","preview":"","content":""},"linkedin":[],"twitter":[],"facebook":[],"instagram":[]}},"created":"2026-09-05 15:45:42","updated":"2026-09-05 22:09:26","seo_analyzer_scan_date":null},"aioseo_breadcrumb":"<div class=\"aioseo-breadcrumbs\"><span class=\"aioseo-breadcrumb\">\n\t\t\t<a href=\"https:\/\/azuaalinstante.com\" title=\"Home\">Home<\/a>\n\t\t<\/span><span class=\"aioseo-breadcrumb-separator\">&raquo;<\/span><span class=\"aioseo-breadcrumb\">\n\t\t\t<a href=\"https:\/\/azuaalinstante.com\/index.php\/category\/republica\/\" title=\"Rep\u00fablica\">Rep\u00fablica<\/a>\n\t\t<\/span><span class=\"aioseo-breadcrumb-separator\">&raquo;<\/span><span class=\"aioseo-breadcrumb\">\n\t\t\tPropeep refuerza su presencia en SDE con jornadas sociales y remozamiento de 19 canchas\n\t\t<\/span><\/div>","aioseo_breadcrumb_json":[{"label":"Home","link":"https:\/\/azuaalinstante.com"},{"label":"Rep\u00fablica","link":"https:\/\/azuaalinstante.com\/index.php\/category\/republica\/"},{"label":"Propeep refuerza su presencia en SDE con jornadas sociales y remozamiento de 19 canchas","link":"https:\/\/azuaalinstante.com\/index.php\/2026\/09\/05\/propeep-refuerza-su-presencia-en-sde-con-jornadas-sociales-y-remozamiento-de-19-canchas\/"}],"_links":{"self":[{"href":"https:\/\/azuaalinstante.com\/index.php\/wp-json\/wp\/v2\/posts\/14727","targetHints":{"allow":["GET"]}}],"collection":[{"href":"https:\/\/azuaalinstante.com\/index.php\/wp-json\/wp\/v2\/posts"}],"about":[{"href":"https:\/\/azuaalinstante.com\/index.php\/wp-json\/wp\/v2\/types\/post"}],"author":[{"embeddable":true,"href":"https:\/\/azuaalinstante.com\/index.php\/wp-json\/wp\/v2\/users\/2"}],"replies":[{"embeddable":true,"href":"https:\/\/azuaalinstante.com\/index.php\/wp-json\/wp\/v2\/comments?post=14727"}],"version-history":[{"count":1,"href":"https:\/\/azuaalinstante.com\/index.php\/wp-json\/wp\/v2\/posts\/14727\/revisions"}],"predecessor-version":[{"id":14729,"href":"https:\/\/azuaalinstante.com\/index.php\/wp-json\/wp\/v2\/posts\/14727\/revisions\/14729"}],"wp:featuredmedia":[{"embeddable":true,"href":"https:\/\/azuaalinstante.com\/index.php\/wp-json\/wp\/v2\/media\/14728"}],"wp:attachment":[{"href":"https:\/\/azuaalinstante.com\/index.php\/wp-json\/wp\/v2\/media?parent=14727"}],"wp:term":[{"taxonomy":"category","embeddable":true,"href":"https:\/\/azuaalinstante.com\/index.php\/wp-json\/wp\/v2\/categories?post=14727"},{"taxonomy":"post_tag","embeddable":true,"href":"https:\/\/azuaalinstante.com\/index.php\/wp-json\/wp\/v2\/tags?post=14727"}],"curies":[{"name":"wp","href":"https:\/\/api.w.org\/{rel}","templated":true}]}}