{"id":14736,"date":"2026-09-06T00:17:30","date_gmt":"2026-09-06T00:17:30","guid":{"rendered":"https:\/\/azuaalinstante.com\/?p=14736"},"modified":"2026-09-06T00:17:32","modified_gmt":"2026-09-06T00:17:32","slug":"presidente-abinader-afirma-que-sajoma-y-sus-distritos-en-terminos-de-salud-no-tienen-por-que-envidiarle-nada-a-ningun-lugar-del-pais-al-contar-con-un-hospital-de-tercer-nivel-y-una-maternidad-de-se-2","status":"publish","type":"post","link":"https:\/\/azuaalinstante.com\/index.php\/2026\/09\/06\/presidente-abinader-afirma-que-sajoma-y-sus-distritos-en-terminos-de-salud-no-tienen-por-que-envidiarle-nada-a-ningun-lugar-del-pais-al-contar-con-un-hospital-de-tercer-nivel-y-una-maternidad-de-se-2\/","title":{"rendered":"Presidente Abinader afirma que Sajoma y sus distritos, en t\u00e9rminos de salud, no tienen por qu\u00e9 envidiarle nada a ning\u00fan lugar del pa\u00eds, al contar con un hospital de tercer nivel y una maternidad de segundo nivel"},"content":{"rendered":"\n<p class=\"wp-block-paragraph\"><em>Tambien anuncia la gesti\u00f3n para dotar de un tom\u00f3grafo al hospital general y la entrega de ambulancias para los centros de salud de la zona, a fin de evitar traslados a Santiago y fortalecer la capacidad de atenci\u00f3n de la poblaci\u00f3n<\/em><\/p>\n\n\n\n<p class=\"wp-block-paragraph\"><em>Director del SNS, Julio Landr\u00f3n, informa la construcci\u00f3n de una Unidad de Cuidados Intensivos Neonatal y Materna (UCIN) para evitar traslados a Santiago y garantizar una atenci\u00f3n m\u00e1s oportuna y humanizada<\/em><\/p>\n\n\n\n<p class=\"wp-block-paragraph\"><em>San Jos\u00e9 de las Matas, Santiago.\u2014<\/em> El presidente Luis Abinader destac\u00f3 este s\u00e1bado las inversiones y la modernizaci\u00f3n de los servicios de salud en la Sierra, especialmente en San Jos\u00e9 de las Matas (Sajoma) y sus distritos, al encabezar el acto de inauguraci\u00f3n del remozamiento general del Hospital Materno Infantil y resaltar que la zona cuenta con un hospital de tercer nivel y una maternidad de segundo nivel, lo que fortalece la capacidad de atenci\u00f3n de la poblaci\u00f3n.<\/p>\n\n\n\n<p class=\"wp-block-paragraph\">Durante el acto el mandatario anunci\u00f3 la entrega de un tom\u00f3grafo al Hospital General de San Jos\u00e9 de las Matas y la disposici\u00f3n de las ambulancias necesarias para los hospitales de la zona, con el prop\u00f3sito de evitar que los pacientes tengan que ser trasladados a Santiago para recibir estos servicios.<\/p>\n\n\n\n<p class=\"wp-block-paragraph\">El presidente afirm\u00f3 que la renovada maternidad est\u00e1 llamada a convertirse en un centro de referencia para toda la Sierra y contribuir\u00e1 a descongestionar los hospitales de otros municipios, al acercar la atenci\u00f3n a las mujeres embarazadas de la zona.<\/p>\n\n\n\n<p class=\"wp-block-paragraph\">\u201cHoy la Sierra y especialmente Sajoma y todos sus distritos, en t\u00e9rminos de salud, no tienen por qu\u00e9 envidiarle nada a ning\u00fan lugar de la Rep\u00fablica Dominicana\u201d, expres\u00f3 el jefe de Estado.<\/p>\n\n\n\n<p class=\"wp-block-paragraph\">Abinader llam\u00f3 a las autoridades y al personal sanitario a trabajar de manera conjunta para garantizar los mejores servicios a la poblaci\u00f3n.<\/p>\n\n\n\n<p class=\"wp-block-paragraph\"><em>Deuda hist\u00f3rica<\/em><\/p>\n\n\n\n<p class=\"wp-block-paragraph\">El jefe de Estado destac\u00f3 que las inversiones realizadas en San Jos\u00e9 de las Matas representan una deuda hist\u00f3rica del Gobierno con una comunidad que calific\u00f3 como productiva y emprendedora.\u201cPorque aqu\u00ed en Sajoma, estas inversiones que estamos haciendo, es una deuda hist\u00f3rica que tiene el Gobierno con esta comunidad tan productiva, tan emprendedora\u201d, sostuvo.<\/p>\n\n\n\n<p class=\"wp-block-paragraph\">Asimismo, resalt\u00f3 el aporte de los habitantes de la zona al desarrollo del pa\u00eds y el v\u00ednculo que mantienen con sus comunidades muchos dominicanos que han emigrado al exterior y regresan para invertir, construir sus viviendas y establecerse junto a sus familias, por lo que consider\u00f3 fundamental garantizarles servicios de salud adecuados.<\/p>\n\n\n\n<p class=\"wp-block-paragraph\">Abinader manifest\u00f3 su satisfacci\u00f3n por la terminaci\u00f3n de la maternidad y llam\u00f3 a la comunidad a contribuir con el cuidado de las nuevas instalaciones mediante la creaci\u00f3n de voluntariados.<\/p>\n\n\n\n<p class=\"wp-block-paragraph\">El mandatario reiter\u00f3 la importancia de fortalecer la capacidad de los centros de salud de la zona para evitar traslados innecesarios de pacientes hacia Santiago y garantizar una atenci\u00f3n m\u00e1s cercana y oportuna.<\/p>\n\n\n\n<p class=\"wp-block-paragraph\"><em>Atenci\u00f3n m\u00e1s oportuna y humanizada<\/em><\/p>\n\n\n\n<p class=\"wp-block-paragraph\">De su lado, el director ejecutivo del Servicio Nacional de Salud (SNS), doctor Julio Landr\u00f3n, destac\u00f3 la inversi\u00f3n de RD$75.5 millones en la renovaci\u00f3n y equipamiento del hospital y anunci\u00f3 la construcci\u00f3n de una Unidad de Cuidados Intensivos Neonatal y Materna (UCIN), con siete camas cada una, para evitar traslados a Santiago y garantizar una atenci\u00f3n m\u00e1s oportuna y humanizada.<\/p>\n\n\n\n<p class=\"wp-block-paragraph\">Landr\u00f3n explic\u00f3 que la intervenci\u00f3n incluy\u00f3 una moderna \u00e1rea de emergencia y el fortalecimiento de los servicios de consultas, pediatr\u00eda, ginecolog\u00eda, psicolog\u00eda, odontolog\u00eda, sonograf\u00eda, rayos X, laboratorio, farmacia y vacunaci\u00f3n, adem\u00e1s de la renovaci\u00f3n de las \u00e1reas quir\u00fargica y materno-infantil.<\/p>\n\n\n\n<p class=\"wp-block-paragraph\">El titular del SNS destac\u00f3 que estas mejoras permitir\u00e1n ampliar la capacidad de respuesta del centro y ofrecer servicios m\u00e1s organizados y humanizados. Tambi\u00e9n resalt\u00f3 los avances en salud materno-infantil y se\u00f1al\u00f3 que el bolet\u00edn epidemiol\u00f3gico n\u00famero 33 registra una reducci\u00f3n de 25 % en la mortalidad materna respecto a 2025 y de 52 % en comparaci\u00f3n con 2019.<\/p>\n\n\n\n<p class=\"wp-block-paragraph\"><em>Agradecen al mandatario por las inversiones<\/em><\/p>\n\n\n\n<p class=\"wp-block-paragraph\">La gobernadora de Santiago, Rosa Santos, destac\u00f3 que la transformaci\u00f3n del antiguo hospital general en un centro especializado en atenci\u00f3n materno-infantil demuestra el compromiso del presidente Luis Abinader de trabajar sin dejar a nadie atr\u00e1s.<\/p>\n\n\n\n<p class=\"wp-block-paragraph\">La bendici\u00f3n del acto estuvo a cargo del p\u00e1rroco Manuel Segura, quien pidi\u00f3 a Dios por todas las personas que acudan al hospital, para que reciban un trato humano, atenci\u00f3n oportuna y cuidados de calidad que contribuyan a su recuperaci\u00f3n integral.<\/p>\n\n\n\n<p class=\"wp-block-paragraph\">Acompa\u00f1aron al presidente Abinader el senador por Santiago, Daniel Rivera; el alcalde de San Jos\u00e9 de las Matas, Alfredo Reyes; el director de la Corporaci\u00f3n del Acueducto y Alcantarillado de Santiago (CORAASAN), Andr\u00e9s Cueto Bernardo; el director regional de Salud, Miguel \u00c1ngel Mart\u00ednez, entre otras autoridades y representantes de la comunidad.<\/p>\n\n\n\n<p class=\"wp-block-paragraph\"><em>Direcci\u00f3n de Prensa del Presidente<\/em><\/p>\n","protected":false},"excerpt":{"rendered":"<p>Tambien anuncia la gesti\u00f3n para dotar de un tom\u00f3grafo al hospital general y la entrega de ambulancias para los centros de salud de la zona, a fin de evitar traslados a Santiago y fortalecer la capacidad de atenci\u00f3n de la poblaci\u00f3n Director del SNS, Julio Landr\u00f3n, informa la construcci\u00f3n de una Unidad de Cuidados Intensivos [&hellip;]<\/p>\n","protected":false},"author":2,"featured_media":14737,"comment_status":"open","ping_status":"open","sticky":false,"template":"","format":"standard","meta":{"_monsterinsights_skip_tracking":false,"footnotes":""},"categories":[5],"tags":[],"class_list":["post-14736","post","type-post","status-publish","format-standard","has-post-thumbnail","hentry","category-republica"],"aioseo_notices":[],"aioseo_head":"\n\t\t<!-- All in One SEO 4.9.10 - aioseo.com -->\n\t<meta name=\"description\" content=\"Tambien anuncia la gesti\u00f3n para dotar de un tom\u00f3grafo al hospital general y la entrega de ambulancias para los centros de salud de la zona, a fin de evitar traslados a Santiago y fortalecer la capacidad de atenci\u00f3n de la poblaci\u00f3n Director del SNS, Julio Landr\u00f3n, informa la construcci\u00f3n de una Unidad de Cuidados Intensivos\" \/>\n\t<meta name=\"robots\" content=\"max-image-preview:large\" \/>\n\t<meta name=\"author\" content=\"Redacci\u00f3n\"\/>\n\t<link rel=\"canonical\" href=\"https:\/\/azuaalinstante.com\/index.php\/2026\/09\/06\/presidente-abinader-afirma-que-sajoma-y-sus-distritos-en-terminos-de-salud-no-tienen-por-que-envidiarle-nada-a-ningun-lugar-del-pais-al-contar-con-un-hospital-de-tercer-nivel-y-una-maternidad-de-se-2\/\" \/>\n\t<meta name=\"generator\" content=\"All in One SEO (AIOSEO) 4.9.10\" \/>\n\t\t<meta property=\"og:locale\" content=\"es_ES\" \/>\n\t\t<meta property=\"og:site_name\" content=\"AZUA AL INSTANTE - SIEMPRE DETR\u00c1S DE LA NOTICIA!\" \/>\n\t\t<meta property=\"og:type\" content=\"article\" \/>\n\t\t<meta property=\"og:title\" content=\"Presidente Abinader afirma que Sajoma y sus distritos, en t\u00e9rminos de salud, no tienen por qu\u00e9 envidiarle nada a ning\u00fan lugar del pa\u00eds, al contar con un hospital de tercer nivel y una maternidad de segundo nivel - AZUA AL INSTANTE\" \/>\n\t\t<meta property=\"og:description\" content=\"Tambien anuncia la gesti\u00f3n para dotar de un tom\u00f3grafo al hospital general y la entrega de ambulancias para los centros de salud de la zona, a fin de evitar traslados a Santiago y fortalecer la capacidad de atenci\u00f3n de la poblaci\u00f3n Director del SNS, Julio Landr\u00f3n, informa la construcci\u00f3n de una Unidad de Cuidados Intensivos\" \/>\n\t\t<meta property=\"og:url\" content=\"https:\/\/azuaalinstante.com\/index.php\/2026\/09\/06\/presidente-abinader-afirma-que-sajoma-y-sus-distritos-en-terminos-de-salud-no-tienen-por-que-envidiarle-nada-a-ningun-lugar-del-pais-al-contar-con-un-hospital-de-tercer-nivel-y-una-maternidad-de-se-2\/\" \/>\n\t\t<meta property=\"article:published_time\" content=\"2026-09-06T00:17:30+00:00\" \/>\n\t\t<meta property=\"article:modified_time\" content=\"2026-09-06T00:17:32+00:00\" \/>\n\t\t<meta name=\"twitter:card\" content=\"summary_large_image\" \/>\n\t\t<meta name=\"twitter:title\" content=\"Presidente Abinader afirma que Sajoma y sus distritos, en t\u00e9rminos de salud, no tienen por qu\u00e9 envidiarle nada a ning\u00fan lugar del pa\u00eds, al contar con un hospital de tercer nivel y una maternidad de segundo nivel - AZUA AL INSTANTE\" \/>\n\t\t<meta name=\"twitter:description\" content=\"Tambien anuncia la gesti\u00f3n para dotar de un tom\u00f3grafo al hospital general y la entrega de ambulancias para los centros de salud de la zona, a fin de evitar traslados a Santiago y fortalecer la capacidad de atenci\u00f3n de la poblaci\u00f3n Director del SNS, Julio Landr\u00f3n, informa la construcci\u00f3n de una Unidad de Cuidados Intensivos\" \/>\n\t\t<script type=\"application\/ld+json\" class=\"aioseo-schema\">\n\t\t\t{\"@context\":\"https:\\\/\\\/schema.org\",\"@graph\":[{\"@type\":\"BlogPosting\",\"@id\":\"https:\\\/\\\/azuaalinstante.com\\\/index.php\\\/2026\\\/09\\\/06\\\/presidente-abinader-afirma-que-sajoma-y-sus-distritos-en-terminos-de-salud-no-tienen-por-que-envidiarle-nada-a-ningun-lugar-del-pais-al-contar-con-un-hospital-de-tercer-nivel-y-una-maternidad-de-se-2\\\/#blogposting\",\"name\":\"Presidente Abinader afirma que Sajoma y sus distritos, en t\\u00e9rminos de salud, no tienen por qu\\u00e9 envidiarle nada a ning\\u00fan lugar del pa\\u00eds, al contar con un hospital de tercer nivel y una maternidad de segundo nivel - AZUA AL INSTANTE\",\"headline\":\"Presidente Abinader afirma que Sajoma y sus distritos, en t\\u00e9rminos de salud, no tienen por qu\\u00e9 envidiarle nada a ning\\u00fan lugar del pa\\u00eds, al contar con un hospital de tercer nivel y una maternidad de segundo nivel\",\"author\":{\"@id\":\"https:\\\/\\\/azuaalinstante.com\\\/index.php\\\/author\\\/redaccion\\\/#author\"},\"publisher\":{\"@id\":\"https:\\\/\\\/azuaalinstante.com\\\/#organization\"},\"image\":{\"@type\":\"ImageObject\",\"url\":\"https:\\\/\\\/azuaalinstante.com\\\/wp-content\\\/uploads\\\/2026\\\/09\\\/IMG-20260905-WA0057-scaled.jpg\",\"width\":2560,\"height\":1707},\"datePublished\":\"2026-09-06T00:17:30+00:00\",\"dateModified\":\"2026-09-06T00:17:32+00:00\",\"inLanguage\":\"es-DO\",\"mainEntityOfPage\":{\"@id\":\"https:\\\/\\\/azuaalinstante.com\\\/index.php\\\/2026\\\/09\\\/06\\\/presidente-abinader-afirma-que-sajoma-y-sus-distritos-en-terminos-de-salud-no-tienen-por-que-envidiarle-nada-a-ningun-lugar-del-pais-al-contar-con-un-hospital-de-tercer-nivel-y-una-maternidad-de-se-2\\\/#webpage\"},\"isPartOf\":{\"@id\":\"https:\\\/\\\/azuaalinstante.com\\\/index.php\\\/2026\\\/09\\\/06\\\/presidente-abinader-afirma-que-sajoma-y-sus-distritos-en-terminos-de-salud-no-tienen-por-que-envidiarle-nada-a-ningun-lugar-del-pais-al-contar-con-un-hospital-de-tercer-nivel-y-una-maternidad-de-se-2\\\/#webpage\"},\"articleSection\":\"Rep\\u00fablica\"},{\"@type\":\"BreadcrumbList\",\"@id\":\"https:\\\/\\\/azuaalinstante.com\\\/index.php\\\/2026\\\/09\\\/06\\\/presidente-abinader-afirma-que-sajoma-y-sus-distritos-en-terminos-de-salud-no-tienen-por-que-envidiarle-nada-a-ningun-lugar-del-pais-al-contar-con-un-hospital-de-tercer-nivel-y-una-maternidad-de-se-2\\\/#breadcrumblist\",\"itemListElement\":[{\"@type\":\"ListItem\",\"@id\":\"https:\\\/\\\/azuaalinstante.com#listItem\",\"position\":1,\"name\":\"Home\",\"item\":\"https:\\\/\\\/azuaalinstante.com\",\"nextItem\":{\"@type\":\"ListItem\",\"@id\":\"https:\\\/\\\/azuaalinstante.com\\\/index.php\\\/category\\\/republica\\\/#listItem\",\"name\":\"Rep\\u00fablica\"}},{\"@type\":\"ListItem\",\"@id\":\"https:\\\/\\\/azuaalinstante.com\\\/index.php\\\/category\\\/republica\\\/#listItem\",\"position\":2,\"name\":\"Rep\\u00fablica\",\"item\":\"https:\\\/\\\/azuaalinstante.com\\\/index.php\\\/category\\\/republica\\\/\",\"nextItem\":{\"@type\":\"ListItem\",\"@id\":\"https:\\\/\\\/azuaalinstante.com\\\/index.php\\\/2026\\\/09\\\/06\\\/presidente-abinader-afirma-que-sajoma-y-sus-distritos-en-terminos-de-salud-no-tienen-por-que-envidiarle-nada-a-ningun-lugar-del-pais-al-contar-con-un-hospital-de-tercer-nivel-y-una-maternidad-de-se-2\\\/#listItem\",\"name\":\"Presidente Abinader afirma que Sajoma y sus distritos, en t\\u00e9rminos de salud, no tienen por qu\\u00e9 envidiarle nada a ning\\u00fan lugar del pa\\u00eds, al contar con un hospital de tercer nivel y una maternidad de segundo nivel\"},\"previousItem\":{\"@type\":\"ListItem\",\"@id\":\"https:\\\/\\\/azuaalinstante.com#listItem\",\"name\":\"Home\"}},{\"@type\":\"ListItem\",\"@id\":\"https:\\\/\\\/azuaalinstante.com\\\/index.php\\\/2026\\\/09\\\/06\\\/presidente-abinader-afirma-que-sajoma-y-sus-distritos-en-terminos-de-salud-no-tienen-por-que-envidiarle-nada-a-ningun-lugar-del-pais-al-contar-con-un-hospital-de-tercer-nivel-y-una-maternidad-de-se-2\\\/#listItem\",\"position\":3,\"name\":\"Presidente Abinader afirma que Sajoma y sus distritos, en t\\u00e9rminos de salud, no tienen por qu\\u00e9 envidiarle nada a ning\\u00fan lugar del pa\\u00eds, al contar con un hospital de tercer nivel y una maternidad de segundo nivel\",\"previousItem\":{\"@type\":\"ListItem\",\"@id\":\"https:\\\/\\\/azuaalinstante.com\\\/index.php\\\/category\\\/republica\\\/#listItem\",\"name\":\"Rep\\u00fablica\"}}]},{\"@type\":\"Organization\",\"@id\":\"https:\\\/\\\/azuaalinstante.com\\\/#organization\",\"name\":\"AZUA AL INSTANTE\",\"description\":\"SIEMPRE DETR\\u00c1S DE LA NOTICIA!\",\"url\":\"https:\\\/\\\/azuaalinstante.com\\\/\"},{\"@type\":\"Person\",\"@id\":\"https:\\\/\\\/azuaalinstante.com\\\/index.php\\\/author\\\/redaccion\\\/#author\",\"url\":\"https:\\\/\\\/azuaalinstante.com\\\/index.php\\\/author\\\/redaccion\\\/\",\"name\":\"Redacci\\u00f3n\",\"image\":{\"@type\":\"ImageObject\",\"@id\":\"https:\\\/\\\/azuaalinstante.com\\\/index.php\\\/2026\\\/09\\\/06\\\/presidente-abinader-afirma-que-sajoma-y-sus-distritos-en-terminos-de-salud-no-tienen-por-que-envidiarle-nada-a-ningun-lugar-del-pais-al-contar-con-un-hospital-de-tercer-nivel-y-una-maternidad-de-se-2\\\/#authorImage\",\"url\":\"https:\\\/\\\/secure.gravatar.com\\\/avatar\\\/d68b136e956cb2c839632b9025c3df5f0812f547e1ff3ca13ce11a5b13bf209c?s=96&d=mm&r=g\",\"width\":96,\"height\":96,\"caption\":\"Redacci\\u00f3n\"}},{\"@type\":\"WebPage\",\"@id\":\"https:\\\/\\\/azuaalinstante.com\\\/index.php\\\/2026\\\/09\\\/06\\\/presidente-abinader-afirma-que-sajoma-y-sus-distritos-en-terminos-de-salud-no-tienen-por-que-envidiarle-nada-a-ningun-lugar-del-pais-al-contar-con-un-hospital-de-tercer-nivel-y-una-maternidad-de-se-2\\\/#webpage\",\"url\":\"https:\\\/\\\/azuaalinstante.com\\\/index.php\\\/2026\\\/09\\\/06\\\/presidente-abinader-afirma-que-sajoma-y-sus-distritos-en-terminos-de-salud-no-tienen-por-que-envidiarle-nada-a-ningun-lugar-del-pais-al-contar-con-un-hospital-de-tercer-nivel-y-una-maternidad-de-se-2\\\/\",\"name\":\"Presidente Abinader afirma que Sajoma y sus distritos, en t\\u00e9rminos de salud, no tienen por qu\\u00e9 envidiarle nada a ning\\u00fan lugar del pa\\u00eds, al contar con un hospital de tercer nivel y una maternidad de segundo nivel - AZUA AL INSTANTE\",\"description\":\"Tambien anuncia la gesti\\u00f3n para dotar de un tom\\u00f3grafo al hospital general y la entrega de ambulancias para los centros de salud de la zona, a fin de evitar traslados a Santiago y fortalecer la capacidad de atenci\\u00f3n de la poblaci\\u00f3n Director del SNS, Julio Landr\\u00f3n, informa la construcci\\u00f3n de una Unidad de Cuidados Intensivos\",\"inLanguage\":\"es-DO\",\"isPartOf\":{\"@id\":\"https:\\\/\\\/azuaalinstante.com\\\/#website\"},\"breadcrumb\":{\"@id\":\"https:\\\/\\\/azuaalinstante.com\\\/index.php\\\/2026\\\/09\\\/06\\\/presidente-abinader-afirma-que-sajoma-y-sus-distritos-en-terminos-de-salud-no-tienen-por-que-envidiarle-nada-a-ningun-lugar-del-pais-al-contar-con-un-hospital-de-tercer-nivel-y-una-maternidad-de-se-2\\\/#breadcrumblist\"},\"author\":{\"@id\":\"https:\\\/\\\/azuaalinstante.com\\\/index.php\\\/author\\\/redaccion\\\/#author\"},\"creator\":{\"@id\":\"https:\\\/\\\/azuaalinstante.com\\\/index.php\\\/author\\\/redaccion\\\/#author\"},\"image\":{\"@type\":\"ImageObject\",\"url\":\"https:\\\/\\\/azuaalinstante.com\\\/wp-content\\\/uploads\\\/2026\\\/09\\\/IMG-20260905-WA0057-scaled.jpg\",\"@id\":\"https:\\\/\\\/azuaalinstante.com\\\/index.php\\\/2026\\\/09\\\/06\\\/presidente-abinader-afirma-que-sajoma-y-sus-distritos-en-terminos-de-salud-no-tienen-por-que-envidiarle-nada-a-ningun-lugar-del-pais-al-contar-con-un-hospital-de-tercer-nivel-y-una-maternidad-de-se-2\\\/#mainImage\",\"width\":2560,\"height\":1707},\"primaryImageOfPage\":{\"@id\":\"https:\\\/\\\/azuaalinstante.com\\\/index.php\\\/2026\\\/09\\\/06\\\/presidente-abinader-afirma-que-sajoma-y-sus-distritos-en-terminos-de-salud-no-tienen-por-que-envidiarle-nada-a-ningun-lugar-del-pais-al-contar-con-un-hospital-de-tercer-nivel-y-una-maternidad-de-se-2\\\/#mainImage\"},\"datePublished\":\"2026-09-06T00:17:30+00:00\",\"dateModified\":\"2026-09-06T00:17:32+00:00\"},{\"@type\":\"WebSite\",\"@id\":\"https:\\\/\\\/azuaalinstante.com\\\/#website\",\"url\":\"https:\\\/\\\/azuaalinstante.com\\\/\",\"name\":\"AZUA AL INSTANTE\",\"description\":\"SIEMPRE DETR\\u00c1S DE LA NOTICIA!\",\"inLanguage\":\"es-DO\",\"publisher\":{\"@id\":\"https:\\\/\\\/azuaalinstante.com\\\/#organization\"}}]}\n\t\t<\/script>\n\t\t<!-- All in One SEO -->\n\n","aioseo_head_json":{"title":"Presidente Abinader afirma que Sajoma y sus distritos, en t\u00e9rminos de salud, no tienen por qu\u00e9 envidiarle nada a ning\u00fan lugar del pa\u00eds, al contar con un hospital de tercer nivel y una maternidad de segundo nivel - AZUA AL INSTANTE","description":"Tambien anuncia la gesti\u00f3n para dotar de un tom\u00f3grafo al hospital general y la entrega de ambulancias para los centros de salud de la zona, a fin de evitar traslados a Santiago y fortalecer la capacidad de atenci\u00f3n de la poblaci\u00f3n Director del SNS, Julio Landr\u00f3n, informa la construcci\u00f3n de una Unidad de Cuidados Intensivos","canonical_url":"https:\/\/azuaalinstante.com\/index.php\/2026\/09\/06\/presidente-abinader-afirma-que-sajoma-y-sus-distritos-en-terminos-de-salud-no-tienen-por-que-envidiarle-nada-a-ningun-lugar-del-pais-al-contar-con-un-hospital-de-tercer-nivel-y-una-maternidad-de-se-2\/","robots":"max-image-preview:large","keywords":"","webmasterTools":{"miscellaneous":""},"schema":{"@context":"https:\/\/schema.org","@graph":[{"@type":"BlogPosting","@id":"https:\/\/azuaalinstante.com\/index.php\/2026\/09\/06\/presidente-abinader-afirma-que-sajoma-y-sus-distritos-en-terminos-de-salud-no-tienen-por-que-envidiarle-nada-a-ningun-lugar-del-pais-al-contar-con-un-hospital-de-tercer-nivel-y-una-maternidad-de-se-2\/#blogposting","name":"Presidente Abinader afirma que Sajoma y sus distritos, en t\u00e9rminos de salud, no tienen por qu\u00e9 envidiarle nada a ning\u00fan lugar del pa\u00eds, al contar con un hospital de tercer nivel y una maternidad de segundo nivel - AZUA AL INSTANTE","headline":"Presidente Abinader afirma que Sajoma y sus distritos, en t\u00e9rminos de salud, no tienen por qu\u00e9 envidiarle nada a ning\u00fan lugar del pa\u00eds, al contar con un hospital de tercer nivel y una maternidad de segundo nivel","author":{"@id":"https:\/\/azuaalinstante.com\/index.php\/author\/redaccion\/#author"},"publisher":{"@id":"https:\/\/azuaalinstante.com\/#organization"},"image":{"@type":"ImageObject","url":"https:\/\/azuaalinstante.com\/wp-content\/uploads\/2026\/09\/IMG-20260905-WA0057-scaled.jpg","width":2560,"height":1707},"datePublished":"2026-09-06T00:17:30+00:00","dateModified":"2026-09-06T00:17:32+00:00","inLanguage":"es-DO","mainEntityOfPage":{"@id":"https:\/\/azuaalinstante.com\/index.php\/2026\/09\/06\/presidente-abinader-afirma-que-sajoma-y-sus-distritos-en-terminos-de-salud-no-tienen-por-que-envidiarle-nada-a-ningun-lugar-del-pais-al-contar-con-un-hospital-de-tercer-nivel-y-una-maternidad-de-se-2\/#webpage"},"isPartOf":{"@id":"https:\/\/azuaalinstante.com\/index.php\/2026\/09\/06\/presidente-abinader-afirma-que-sajoma-y-sus-distritos-en-terminos-de-salud-no-tienen-por-que-envidiarle-nada-a-ningun-lugar-del-pais-al-contar-con-un-hospital-de-tercer-nivel-y-una-maternidad-de-se-2\/#webpage"},"articleSection":"Rep\u00fablica"},{"@type":"BreadcrumbList","@id":"https:\/\/azuaalinstante.com\/index.php\/2026\/09\/06\/presidente-abinader-afirma-que-sajoma-y-sus-distritos-en-terminos-de-salud-no-tienen-por-que-envidiarle-nada-a-ningun-lugar-del-pais-al-contar-con-un-hospital-de-tercer-nivel-y-una-maternidad-de-se-2\/#breadcrumblist","itemListElement":[{"@type":"ListItem","@id":"https:\/\/azuaalinstante.com#listItem","position":1,"name":"Home","item":"https:\/\/azuaalinstante.com","nextItem":{"@type":"ListItem","@id":"https:\/\/azuaalinstante.com\/index.php\/category\/republica\/#listItem","name":"Rep\u00fablica"}},{"@type":"ListItem","@id":"https:\/\/azuaalinstante.com\/index.php\/category\/republica\/#listItem","position":2,"name":"Rep\u00fablica","item":"https:\/\/azuaalinstante.com\/index.php\/category\/republica\/","nextItem":{"@type":"ListItem","@id":"https:\/\/azuaalinstante.com\/index.php\/2026\/09\/06\/presidente-abinader-afirma-que-sajoma-y-sus-distritos-en-terminos-de-salud-no-tienen-por-que-envidiarle-nada-a-ningun-lugar-del-pais-al-contar-con-un-hospital-de-tercer-nivel-y-una-maternidad-de-se-2\/#listItem","name":"Presidente Abinader afirma que Sajoma y sus distritos, en t\u00e9rminos de salud, no tienen por qu\u00e9 envidiarle nada a ning\u00fan lugar del pa\u00eds, al contar con un hospital de tercer nivel y una maternidad de segundo nivel"},"previousItem":{"@type":"ListItem","@id":"https:\/\/azuaalinstante.com#listItem","name":"Home"}},{"@type":"ListItem","@id":"https:\/\/azuaalinstante.com\/index.php\/2026\/09\/06\/presidente-abinader-afirma-que-sajoma-y-sus-distritos-en-terminos-de-salud-no-tienen-por-que-envidiarle-nada-a-ningun-lugar-del-pais-al-contar-con-un-hospital-de-tercer-nivel-y-una-maternidad-de-se-2\/#listItem","position":3,"name":"Presidente Abinader afirma que Sajoma y sus distritos, en t\u00e9rminos de salud, no tienen por qu\u00e9 envidiarle nada a ning\u00fan lugar del pa\u00eds, al contar con un hospital de tercer nivel y una maternidad de segundo nivel","previousItem":{"@type":"ListItem","@id":"https:\/\/azuaalinstante.com\/index.php\/category\/republica\/#listItem","name":"Rep\u00fablica"}}]},{"@type":"Organization","@id":"https:\/\/azuaalinstante.com\/#organization","name":"AZUA AL INSTANTE","description":"SIEMPRE DETR\u00c1S DE LA NOTICIA!","url":"https:\/\/azuaalinstante.com\/"},{"@type":"Person","@id":"https:\/\/azuaalinstante.com\/index.php\/author\/redaccion\/#author","url":"https:\/\/azuaalinstante.com\/index.php\/author\/redaccion\/","name":"Redacci\u00f3n","image":{"@type":"ImageObject","@id":"https:\/\/azuaalinstante.com\/index.php\/2026\/09\/06\/presidente-abinader-afirma-que-sajoma-y-sus-distritos-en-terminos-de-salud-no-tienen-por-que-envidiarle-nada-a-ningun-lugar-del-pais-al-contar-con-un-hospital-de-tercer-nivel-y-una-maternidad-de-se-2\/#authorImage","url":"https:\/\/secure.gravatar.com\/avatar\/d68b136e956cb2c839632b9025c3df5f0812f547e1ff3ca13ce11a5b13bf209c?s=96&d=mm&r=g","width":96,"height":96,"caption":"Redacci\u00f3n"}},{"@type":"WebPage","@id":"https:\/\/azuaalinstante.com\/index.php\/2026\/09\/06\/presidente-abinader-afirma-que-sajoma-y-sus-distritos-en-terminos-de-salud-no-tienen-por-que-envidiarle-nada-a-ningun-lugar-del-pais-al-contar-con-un-hospital-de-tercer-nivel-y-una-maternidad-de-se-2\/#webpage","url":"https:\/\/azuaalinstante.com\/index.php\/2026\/09\/06\/presidente-abinader-afirma-que-sajoma-y-sus-distritos-en-terminos-de-salud-no-tienen-por-que-envidiarle-nada-a-ningun-lugar-del-pais-al-contar-con-un-hospital-de-tercer-nivel-y-una-maternidad-de-se-2\/","name":"Presidente Abinader afirma que Sajoma y sus distritos, en t\u00e9rminos de salud, no tienen por qu\u00e9 envidiarle nada a ning\u00fan lugar del pa\u00eds, al contar con un hospital de tercer nivel y una maternidad de segundo nivel - AZUA AL INSTANTE","description":"Tambien anuncia la gesti\u00f3n para dotar de un tom\u00f3grafo al hospital general y la entrega de ambulancias para los centros de salud de la zona, a fin de evitar traslados a Santiago y fortalecer la capacidad de atenci\u00f3n de la poblaci\u00f3n Director del SNS, Julio Landr\u00f3n, informa la construcci\u00f3n de una Unidad de Cuidados Intensivos","inLanguage":"es-DO","isPartOf":{"@id":"https:\/\/azuaalinstante.com\/#website"},"breadcrumb":{"@id":"https:\/\/azuaalinstante.com\/index.php\/2026\/09\/06\/presidente-abinader-afirma-que-sajoma-y-sus-distritos-en-terminos-de-salud-no-tienen-por-que-envidiarle-nada-a-ningun-lugar-del-pais-al-contar-con-un-hospital-de-tercer-nivel-y-una-maternidad-de-se-2\/#breadcrumblist"},"author":{"@id":"https:\/\/azuaalinstante.com\/index.php\/author\/redaccion\/#author"},"creator":{"@id":"https:\/\/azuaalinstante.com\/index.php\/author\/redaccion\/#author"},"image":{"@type":"ImageObject","url":"https:\/\/azuaalinstante.com\/wp-content\/uploads\/2026\/09\/IMG-20260905-WA0057-scaled.jpg","@id":"https:\/\/azuaalinstante.com\/index.php\/2026\/09\/06\/presidente-abinader-afirma-que-sajoma-y-sus-distritos-en-terminos-de-salud-no-tienen-por-que-envidiarle-nada-a-ningun-lugar-del-pais-al-contar-con-un-hospital-de-tercer-nivel-y-una-maternidad-de-se-2\/#mainImage","width":2560,"height":1707},"primaryImageOfPage":{"@id":"https:\/\/azuaalinstante.com\/index.php\/2026\/09\/06\/presidente-abinader-afirma-que-sajoma-y-sus-distritos-en-terminos-de-salud-no-tienen-por-que-envidiarle-nada-a-ningun-lugar-del-pais-al-contar-con-un-hospital-de-tercer-nivel-y-una-maternidad-de-se-2\/#mainImage"},"datePublished":"2026-09-06T00:17:30+00:00","dateModified":"2026-09-06T00:17:32+00:00"},{"@type":"WebSite","@id":"https:\/\/azuaalinstante.com\/#website","url":"https:\/\/azuaalinstante.com\/","name":"AZUA AL INSTANTE","description":"SIEMPRE DETR\u00c1S DE LA NOTICIA!","inLanguage":"es-DO","publisher":{"@id":"https:\/\/azuaalinstante.com\/#organization"}}]},"og:locale":"es_ES","og:site_name":"AZUA AL INSTANTE - SIEMPRE DETR\u00c1S DE LA NOTICIA!","og:type":"article","og:title":"Presidente Abinader afirma que Sajoma y sus distritos, en t\u00e9rminos de salud, no tienen por qu\u00e9 envidiarle nada a ning\u00fan lugar del pa\u00eds, al contar con un hospital de tercer nivel y una maternidad de segundo nivel - AZUA AL INSTANTE","og:description":"Tambien anuncia la gesti\u00f3n para dotar de un tom\u00f3grafo al hospital general y la entrega de ambulancias para los centros de salud de la zona, a fin de evitar traslados a Santiago y fortalecer la capacidad de atenci\u00f3n de la poblaci\u00f3n Director del SNS, Julio Landr\u00f3n, informa la construcci\u00f3n de una Unidad de Cuidados Intensivos","og:url":"https:\/\/azuaalinstante.com\/index.php\/2026\/09\/06\/presidente-abinader-afirma-que-sajoma-y-sus-distritos-en-terminos-de-salud-no-tienen-por-que-envidiarle-nada-a-ningun-lugar-del-pais-al-contar-con-un-hospital-de-tercer-nivel-y-una-maternidad-de-se-2\/","article:published_time":"2026-09-06T00:17:30+00:00","article:modified_time":"2026-09-06T00:17:32+00:00","twitter:card":"summary_large_image","twitter:title":"Presidente Abinader afirma que Sajoma y sus distritos, en t\u00e9rminos de salud, no tienen por qu\u00e9 envidiarle nada a ning\u00fan lugar del pa\u00eds, al contar con un hospital de tercer nivel y una maternidad de segundo nivel - AZUA AL INSTANTE","twitter:description":"Tambien anuncia la gesti\u00f3n para dotar de un tom\u00f3grafo al hospital general y la entrega de ambulancias para los centros de salud de la zona, a fin de evitar traslados a Santiago y fortalecer la capacidad de atenci\u00f3n de la poblaci\u00f3n Director del SNS, Julio Landr\u00f3n, informa la construcci\u00f3n de una Unidad de Cuidados Intensivos"},"aioseo_meta_data":{"post_id":"14736","title":null,"description":null,"keywords":null,"keyphrases":{"focus":{"keyphrase":"","score":0,"analysis":{"keyphraseInTitle":{"score":0,"maxScore":9,"error":1}}},"additional":[]},"primary_term":null,"canonical_url":null,"og_title":null,"og_description":null,"og_object_type":"default","og_image_type":"default","og_image_url":null,"og_image_width":null,"og_image_height":null,"og_image_custom_url":null,"og_image_custom_fields":null,"og_video":"","og_custom_url":null,"og_article_section":null,"og_article_tags":null,"twitter_use_og":false,"twitter_card":"default","twitter_image_type":"default","twitter_image_url":null,"twitter_image_custom_url":null,"twitter_image_custom_fields":null,"twitter_title":null,"twitter_description":null,"schema":{"blockGraphs":[],"customGraphs":[],"default":{"data":{"Article":[],"Course":[],"Dataset":[],"FAQPage":[],"Movie":[],"Person":[],"Product":[],"ProductReview":[],"Car":[],"Recipe":[],"Service":[],"SoftwareApplication":[],"WebPage":[]},"graphName":"BlogPosting","isEnabled":true},"graphs":[]},"schema_type":"default","schema_type_options":null,"pillar_content":false,"robots_default":true,"robots_noindex":false,"robots_noarchive":false,"robots_nosnippet":false,"robots_nofollow":false,"robots_noimageindex":false,"robots_noodp":false,"robots_notranslate":false,"robots_max_snippet":"-1","robots_max_videopreview":"-1","robots_max_imagepreview":"large","priority":null,"frequency":"default","local_seo":null,"breadcrumb_settings":null,"limit_modified_date":false,"ai":{"faqs":[],"keyPoints":[],"schemas":[],"titles":[],"descriptions":[],"socialPosts":{"email":{"subject":"","preview":"","content":""},"linkedin":[],"twitter":[],"facebook":[],"instagram":[]}},"created":"2026-09-06 00:17:32","updated":"2026-09-06 00:17:32","seo_analyzer_scan_date":null},"aioseo_breadcrumb":"<div class=\"aioseo-breadcrumbs\"><span class=\"aioseo-breadcrumb\">\n\t\t\t<a href=\"https:\/\/azuaalinstante.com\" title=\"Home\">Home<\/a>\n\t\t<\/span><span class=\"aioseo-breadcrumb-separator\">&raquo;<\/span><span class=\"aioseo-breadcrumb\">\n\t\t\t<a href=\"https:\/\/azuaalinstante.com\/index.php\/category\/republica\/\" title=\"Rep\u00fablica\">Rep\u00fablica<\/a>\n\t\t<\/span><span class=\"aioseo-breadcrumb-separator\">&raquo;<\/span><span class=\"aioseo-breadcrumb\">\n\t\t\tPresidente Abinader afirma que Sajoma y sus distritos, en t\u00e9rminos de salud, no tienen por qu\u00e9 envidiarle nada a ning\u00fan lugar del pa\u00eds, al contar con un hospital de tercer nivel y una maternidad de segundo nivel\n\t\t<\/span><\/div>","aioseo_breadcrumb_json":[{"label":"Home","link":"https:\/\/azuaalinstante.com"},{"label":"Rep\u00fablica","link":"https:\/\/azuaalinstante.com\/index.php\/category\/republica\/"},{"label":"Presidente Abinader afirma que Sajoma y sus distritos, en t\u00e9rminos de salud, no tienen por qu\u00e9 envidiarle nada a ning\u00fan lugar del pa\u00eds, al contar con un hospital de tercer nivel y una maternidad de segundo nivel","link":"https:\/\/azuaalinstante.com\/index.php\/2026\/09\/06\/presidente-abinader-afirma-que-sajoma-y-sus-distritos-en-terminos-de-salud-no-tienen-por-que-envidiarle-nada-a-ningun-lugar-del-pais-al-contar-con-un-hospital-de-tercer-nivel-y-una-maternidad-de-se-2\/"}],"_links":{"self":[{"href":"https:\/\/azuaalinstante.com\/index.php\/wp-json\/wp\/v2\/posts\/14736","targetHints":{"allow":["GET"]}}],"collection":[{"href":"https:\/\/azuaalinstante.com\/index.php\/wp-json\/wp\/v2\/posts"}],"about":[{"href":"https:\/\/azuaalinstante.com\/index.php\/wp-json\/wp\/v2\/types\/post"}],"author":[{"embeddable":true,"href":"https:\/\/azuaalinstante.com\/index.php\/wp-json\/wp\/v2\/users\/2"}],"replies":[{"embeddable":true,"href":"https:\/\/azuaalinstante.com\/index.php\/wp-json\/wp\/v2\/comments?post=14736"}],"version-history":[{"count":1,"href":"https:\/\/azuaalinstante.com\/index.php\/wp-json\/wp\/v2\/posts\/14736\/revisions"}],"predecessor-version":[{"id":14738,"href":"https:\/\/azuaalinstante.com\/index.php\/wp-json\/wp\/v2\/posts\/14736\/revisions\/14738"}],"wp:featuredmedia":[{"embeddable":true,"href":"https:\/\/azuaalinstante.com\/index.php\/wp-json\/wp\/v2\/media\/14737"}],"wp:attachment":[{"href":"https:\/\/azuaalinstante.com\/index.php\/wp-json\/wp\/v2\/media?parent=14736"}],"wp:term":[{"taxonomy":"category","embeddable":true,"href":"https:\/\/azuaalinstante.com\/index.php\/wp-json\/wp\/v2\/categories?post=14736"},{"taxonomy":"post_tag","embeddable":true,"href":"https:\/\/azuaalinstante.com\/index.php\/wp-json\/wp\/v2\/tags?post=14736"}],"curies":[{"name":"wp","href":"https:\/\/api.w.org\/{rel}","templated":true}]}}