{"id":3669,"date":"2026-03-03T13:40:24","date_gmt":"2026-03-03T13:40:24","guid":{"rendered":"https:\/\/azuaalinstante.com\/?p=3669"},"modified":"2026-03-03T13:40:25","modified_gmt":"2026-03-03T13:40:25","slug":"manny-machado-no-naci-aqui-pero-la-sangre-mia-es-dominicana","status":"publish","type":"post","link":"https:\/\/azuaalinstante.com\/index.php\/2026\/03\/03\/manny-machado-no-naci-aqui-pero-la-sangre-mia-es-dominicana\/","title":{"rendered":"Manny Machado: No nac\u00ed aqu\u00ed, pero la sangre m\u00eda es dominicana"},"content":{"rendered":"\n<h2 class=\"wp-block-heading\">\u201cNo nac\u00ed aqu\u00ed, pero la sangre m\u00eda es dominicana, siempre me apoyaron y siempre quise jugar y representar a mi pa\u00eds, no solamente por m\u00ed, sino por mi familia tambi\u00e9n\u201d, resalt\u00f3 Machado.<\/h2>\n\n\n\n<ul class=\"wp-block-list\">\n<li><\/li>\n<\/ul>\n\n\n\n<figure class=\"wp-block-image\"><img decoding=\"async\" src=\"https:\/\/listindiario.com\/files\/vertical_main_image\/uploads\/2026\/03\/02\/69a61aff27beb.jpeg\" alt=\"El capit\u00e1n de la selecci\u00f3n dominicana en el Cl\u00e1sico Mundial de B\u00e9isbol, Manny Machado, fotografiado en el Estadio Quisqueya Juan Marichal el 2 de marzo de 2026.\"\/><figcaption class=\"wp-element-caption\">El capit\u00e1n de la selecci\u00f3n dominicana en el Cl\u00e1sico Mundial de B\u00e9isbol, Manny Machado. Enriquillo Billini<\/figcaption><\/figure>\n\n\n\n<p id=\"m59591-59590-59592\">El jugador de la&nbsp;<strong>selecci\u00f3n dominicana<\/strong>&nbsp;que participar\u00e1 en el&nbsp;<strong>Cl\u00e1sico Mundial de B\u00e9isbol<\/strong>,&nbsp;<strong>Manny Machado<\/strong>, asegur\u00f3 que el t\u00edtulo de capit\u00e1n es solo un nombre y que su enfoque es demostrar en el terreno siendo un l\u00edder como compa\u00f1ero y jugador.<\/p>\n","protected":false},"excerpt":{"rendered":"<p>\u201cNo nac\u00ed aqu\u00ed, pero la sangre m\u00eda es dominicana, siempre me apoyaron y siempre quise jugar y representar a mi pa\u00eds, no solamente por m\u00ed, sino por mi familia tambi\u00e9n\u201d, resalt\u00f3 Machado. El jugador de la&nbsp;selecci\u00f3n dominicana&nbsp;que participar\u00e1 en el&nbsp;Cl\u00e1sico Mundial de B\u00e9isbol,&nbsp;Manny Machado, asegur\u00f3 que el t\u00edtulo de capit\u00e1n es solo un nombre y [&hellip;]<\/p>\n","protected":false},"author":2,"featured_media":3670,"comment_status":"open","ping_status":"open","sticky":false,"template":"","format":"standard","meta":{"_monsterinsights_skip_tracking":false,"_monsterinsights_sitenote_active":false,"_monsterinsights_sitenote_note":"","_monsterinsights_sitenote_category":0,"footnotes":""},"categories":[8],"tags":[],"class_list":["post-3669","post","type-post","status-publish","format-standard","has-post-thumbnail","hentry","category-deportes"],"aioseo_notices":[],"_links":{"self":[{"href":"https:\/\/azuaalinstante.com\/index.php\/wp-json\/wp\/v2\/posts\/3669","targetHints":{"allow":["GET"]}}],"collection":[{"href":"https:\/\/azuaalinstante.com\/index.php\/wp-json\/wp\/v2\/posts"}],"about":[{"href":"https:\/\/azuaalinstante.com\/index.php\/wp-json\/wp\/v2\/types\/post"}],"author":[{"embeddable":true,"href":"https:\/\/azuaalinstante.com\/index.php\/wp-json\/wp\/v2\/users\/2"}],"replies":[{"embeddable":true,"href":"https:\/\/azuaalinstante.com\/index.php\/wp-json\/wp\/v2\/comments?post=3669"}],"version-history":[{"count":1,"href":"https:\/\/azuaalinstante.com\/index.php\/wp-json\/wp\/v2\/posts\/3669\/revisions"}],"predecessor-version":[{"id":3671,"href":"https:\/\/azuaalinstante.com\/index.php\/wp-json\/wp\/v2\/posts\/3669\/revisions\/3671"}],"wp:featuredmedia":[{"embeddable":true,"href":"https:\/\/azuaalinstante.com\/index.php\/wp-json\/wp\/v2\/media\/3670"}],"wp:attachment":[{"href":"https:\/\/azuaalinstante.com\/index.php\/wp-json\/wp\/v2\/media?parent=3669"}],"wp:term":[{"taxonomy":"category","embeddable":true,"href":"https:\/\/azuaalinstante.com\/index.php\/wp-json\/wp\/v2\/categories?post=3669"},{"taxonomy":"post_tag","embeddable":true,"href":"https:\/\/azuaalinstante.com\/index.php\/wp-json\/wp\/v2\/tags?post=3669"}],"curies":[{"name":"wp","href":"https:\/\/api.w.org\/{rel}","templated":true}]}}