{"id":3690,"date":"2026-03-03T14:02:10","date_gmt":"2026-03-03T14:02:10","guid":{"rendered":"https:\/\/azuaalinstante.com\/?p=3690"},"modified":"2026-03-03T14:02:11","modified_gmt":"2026-03-03T14:02:11","slug":"premios-cesar-desmienten-teoria-de-doble-de-jim-carrey-tras-el-actor-reaparecer-irreconocible","status":"publish","type":"post","link":"https:\/\/azuaalinstante.com\/index.php\/2026\/03\/03\/premios-cesar-desmienten-teoria-de-doble-de-jim-carrey-tras-el-actor-reaparecer-irreconocible\/","title":{"rendered":"Premios C\u00e9sar desmienten teor\u00eda de \"doble\" de Jim Carrey tras el actor reaparecer irreconocible"},"content":{"rendered":"\n<h2 class=\"wp-block-heading\">La apariencia f\u00edsica y especialmente la mirada del actor, que llevaba tiempo alejado del foco medi\u00e1tico, despertaron una oleada de teor\u00edas en redes.<\/h2>\n\n\n\n<ul class=\"wp-block-list\">\n<li><\/li>\n<\/ul>\n\n\n\n<figure class=\"wp-block-image\"><img decoding=\"async\" src=\"https:\/\/listindiario.com\/files\/vertical_main_image\/files\/fp\/uploads\/2026\/03\/02\/69a61ec677ae0.r_d.218-52.jpeg\" alt=\"Jim Carrey en los Premios C\u00e9sar\"\/><figcaption class=\"wp-element-caption\">Jim Carrey en los Premios C\u00e9sarEuropa Press<\/figcaption><\/figure>\n\n\n\n<p id=\"m79949-79948-79950\"><strong>Jim Carrey<\/strong>&nbsp;recibi\u00f3 el C\u00e9sar de honor en la 51.\u00aa edici\u00f3n de los premios del cine franc\u00e9s, que se celebraron el pasado 26 de febrero en Par\u00eds. Sin embargo, la&nbsp;<strong>apariencia f\u00edsica&nbsp;<\/strong>y especialmente la mirada del actor, que llevaba tiempo alejado del foco medi\u00e1tico, despertaron una oleada de teor\u00edas en redes, apuntando a que no se trataba de la estrella de&nbsp;<strong>La m\u00e1scara o El show de Truman<\/strong>, sino de un supuesto&nbsp;<strong>doble o clon,<\/strong>&nbsp;pese a realizar sus caracter\u00edsticas muecas y gestos durante su discurso.<\/p>\n","protected":false},"excerpt":{"rendered":"<p>La apariencia f\u00edsica y especialmente la mirada del actor, que llevaba tiempo alejado del foco medi\u00e1tico, despertaron una oleada de teor\u00edas en redes. Jim Carrey&nbsp;recibi\u00f3 el C\u00e9sar de honor en la 51.\u00aa edici\u00f3n de los premios del cine franc\u00e9s, que se celebraron el pasado 26 de febrero en Par\u00eds. Sin embargo, la&nbsp;apariencia f\u00edsica&nbsp;y especialmente la [&hellip;]<\/p>\n","protected":false},"author":2,"featured_media":3691,"comment_status":"open","ping_status":"open","sticky":false,"template":"","format":"standard","meta":{"_monsterinsights_skip_tracking":false,"_monsterinsights_sitenote_active":false,"_monsterinsights_sitenote_note":"","_monsterinsights_sitenote_category":0,"footnotes":""},"categories":[22],"tags":[],"class_list":["post-3690","post","type-post","status-publish","format-standard","has-post-thumbnail","hentry","category-entretenimiento"],"aioseo_notices":[],"_links":{"self":[{"href":"https:\/\/azuaalinstante.com\/index.php\/wp-json\/wp\/v2\/posts\/3690","targetHints":{"allow":["GET"]}}],"collection":[{"href":"https:\/\/azuaalinstante.com\/index.php\/wp-json\/wp\/v2\/posts"}],"about":[{"href":"https:\/\/azuaalinstante.com\/index.php\/wp-json\/wp\/v2\/types\/post"}],"author":[{"embeddable":true,"href":"https:\/\/azuaalinstante.com\/index.php\/wp-json\/wp\/v2\/users\/2"}],"replies":[{"embeddable":true,"href":"https:\/\/azuaalinstante.com\/index.php\/wp-json\/wp\/v2\/comments?post=3690"}],"version-history":[{"count":1,"href":"https:\/\/azuaalinstante.com\/index.php\/wp-json\/wp\/v2\/posts\/3690\/revisions"}],"predecessor-version":[{"id":3692,"href":"https:\/\/azuaalinstante.com\/index.php\/wp-json\/wp\/v2\/posts\/3690\/revisions\/3692"}],"wp:featuredmedia":[{"embeddable":true,"href":"https:\/\/azuaalinstante.com\/index.php\/wp-json\/wp\/v2\/media\/3691"}],"wp:attachment":[{"href":"https:\/\/azuaalinstante.com\/index.php\/wp-json\/wp\/v2\/media?parent=3690"}],"wp:term":[{"taxonomy":"category","embeddable":true,"href":"https:\/\/azuaalinstante.com\/index.php\/wp-json\/wp\/v2\/categories?post=3690"},{"taxonomy":"post_tag","embeddable":true,"href":"https:\/\/azuaalinstante.com\/index.php\/wp-json\/wp\/v2\/tags?post=3690"}],"curies":[{"name":"wp","href":"https:\/\/api.w.org\/{rel}","templated":true}]}}