{"id":3699,"date":"2026-03-03T14:08:28","date_gmt":"2026-03-03T14:08:28","guid":{"rendered":"https:\/\/azuaalinstante.com\/?p=3699"},"modified":"2026-03-03T14:08:29","modified_gmt":"2026-03-03T14:08:29","slug":"la-obesidad-es-una-enfermedad-no-una-cuestion-estetica-ni-falta-de-voluntad-dicen-especialistas","status":"publish","type":"post","link":"https:\/\/azuaalinstante.com\/index.php\/2026\/03\/03\/la-obesidad-es-una-enfermedad-no-una-cuestion-estetica-ni-falta-de-voluntad-dicen-especialistas\/","title":{"rendered":"La obesidad es una enfermedad, no una cuesti\u00f3n est\u00e9tica ni falta de voluntad\", dicen especialistas"},"content":{"rendered":"\n<h2 class=\"wp-block-heading\">\"En primer lugar, queremos reafirmar una idea que no admite matices: la obesidad es una enfermedad. Tiene sus bases biol\u00f3gicas, sus mecanismos fisiopatol\u00f3gicos propios, sus manifestaciones cl\u00ednicas y una evoluci\u00f3n sostenida en el tiempo. No es una cuesti\u00f3n est\u00e9tica ni un problema de voluntad.<\/h2>\n\n\n\n<ul class=\"wp-block-list\">\n<li><\/li>\n<\/ul>\n\n\n\n<figure class=\"wp-block-image\"><img decoding=\"async\" src=\"https:\/\/listindiario.com\/files\/main_image\/uploads\/2026\/02\/12\/698e319626752.jpeg\" alt=\"La obesidad en ni\u00f1as y adolescentes se duplic\u00f3 entre 2000 y 2019, seg\u00fan estudio\"\/><figcaption class=\"wp-element-caption\">Obesidad&nbsp;Fuente Externa<\/figcaption><\/figure>\n\n\n\n<p id=\"m38483-38482-38484\">La Sociedad Espa\u00f1ola de Medicina Interna (SEMI) ha insistido en que la obesidad es una enfermedad cr\u00f3nica compleja&nbsp;<strong>causada por el exceso de grasa corporal<\/strong>, que provoca alteraciones metab\u00f3licas y una inflamaci\u00f3n cr\u00f3nica de bajo grado con efectos perjudiciales para el organismo.<\/p>\n","protected":false},"excerpt":{"rendered":"<p>\"En primer lugar, queremos reafirmar una idea que no admite matices: la obesidad es una enfermedad. Tiene sus bases biol\u00f3gicas, sus mecanismos fisiopatol\u00f3gicos propios, sus manifestaciones cl\u00ednicas y una evoluci\u00f3n sostenida en el tiempo. No es una cuesti\u00f3n est\u00e9tica ni un problema de voluntad. La Sociedad Espa\u00f1ola de Medicina Interna (SEMI) ha insistido en que [&hellip;]<\/p>\n","protected":false},"author":2,"featured_media":3700,"comment_status":"open","ping_status":"open","sticky":false,"template":"","format":"standard","meta":{"_monsterinsights_skip_tracking":false,"_monsterinsights_sitenote_active":false,"_monsterinsights_sitenote_note":"","_monsterinsights_sitenote_category":0,"footnotes":""},"categories":[5],"tags":[],"class_list":["post-3699","post","type-post","status-publish","format-standard","has-post-thumbnail","hentry","category-republica"],"aioseo_notices":[],"_links":{"self":[{"href":"https:\/\/azuaalinstante.com\/index.php\/wp-json\/wp\/v2\/posts\/3699","targetHints":{"allow":["GET"]}}],"collection":[{"href":"https:\/\/azuaalinstante.com\/index.php\/wp-json\/wp\/v2\/posts"}],"about":[{"href":"https:\/\/azuaalinstante.com\/index.php\/wp-json\/wp\/v2\/types\/post"}],"author":[{"embeddable":true,"href":"https:\/\/azuaalinstante.com\/index.php\/wp-json\/wp\/v2\/users\/2"}],"replies":[{"embeddable":true,"href":"https:\/\/azuaalinstante.com\/index.php\/wp-json\/wp\/v2\/comments?post=3699"}],"version-history":[{"count":1,"href":"https:\/\/azuaalinstante.com\/index.php\/wp-json\/wp\/v2\/posts\/3699\/revisions"}],"predecessor-version":[{"id":3701,"href":"https:\/\/azuaalinstante.com\/index.php\/wp-json\/wp\/v2\/posts\/3699\/revisions\/3701"}],"wp:featuredmedia":[{"embeddable":true,"href":"https:\/\/azuaalinstante.com\/index.php\/wp-json\/wp\/v2\/media\/3700"}],"wp:attachment":[{"href":"https:\/\/azuaalinstante.com\/index.php\/wp-json\/wp\/v2\/media?parent=3699"}],"wp:term":[{"taxonomy":"category","embeddable":true,"href":"https:\/\/azuaalinstante.com\/index.php\/wp-json\/wp\/v2\/categories?post=3699"},{"taxonomy":"post_tag","embeddable":true,"href":"https:\/\/azuaalinstante.com\/index.php\/wp-json\/wp\/v2\/tags?post=3699"}],"curies":[{"name":"wp","href":"https:\/\/api.w.org\/{rel}","templated":true}]}}