{"id":3705,"date":"2026-03-03T14:12:42","date_gmt":"2026-03-03T14:12:42","guid":{"rendered":"https:\/\/azuaalinstante.com\/?p=3705"},"modified":"2026-03-03T14:12:44","modified_gmt":"2026-03-03T14:12:44","slug":"julio-iglesias-acusa-a-eldiario-es-de-elaborar-un-montaje-periodistico-con-las-denuncias-en-su-contra","status":"publish","type":"post","link":"https:\/\/azuaalinstante.com\/index.php\/2026\/03\/03\/julio-iglesias-acusa-a-eldiario-es-de-elaborar-un-montaje-periodistico-con-las-denuncias-en-su-contra\/","title":{"rendered":"Julio Iglesias acusa a eldiario.es de elaborar un \u201cmontaje period\u00edstico\u201d con las denuncias en su contra"},"content":{"rendered":"\n<h2 class=\"wp-block-heading\">La demanda, paso previo a la presentaci\u00f3n de una querella por injurias con publicidad y calumnias, \u00absin perjuicio de la posible responsabilidad en otros il\u00edcitos penales\u00bb, ha sido interpuesta ante el Tribunal de Instancia de Madrid (secci\u00f3n civil) y en ella solicita la comparecencia de los demandados a un acto de conciliaci\u00f3n.<\/h2>\n\n\n\n<ul class=\"wp-block-list\">\n<li><\/li>\n<\/ul>\n\n\n\n<figure class=\"wp-block-image\"><img decoding=\"async\" src=\"https:\/\/listindiario.com\/files\/vertical_main_image\/files\/fp\/uploads\/2026\/01\/14\/6967e08b9d618.r_d.610-337.jpeg\" alt=\"Dos exempleados de Julio Iglesias lo demandaron ante la justicia espa\u00f1ola tras denunciar, en una investigaci\u00f3n period\u00edstica publicada el 13 de enero de 2026, presuntas agresiones y acoso sexual por parte del cantante espa\u00f1ol.\"\/><figcaption class=\"wp-element-caption\">Dos exempleados de Julio Iglesias lo demandaron ante la justicia espa\u00f1ola tras denunciar, en una investigaci\u00f3n period\u00edstica publicada el 13 de enero de 2026, presuntas agresiones y acoso sexual por parte del cantante espa\u00f1ol.AFP<\/figcaption><\/figure>\n\n\n\n<p id=\"m60279-60278-60280\">El cantante&nbsp;<strong>Julio Iglesias<\/strong>&nbsp;ha interpuesto una demanda a elDiario.es, su director&nbsp;<strong>Ignacio Escolar<\/strong>&nbsp;y otros cuatro responsables del peri\u00f3dico digital, a los que acusa de elaborar un \u00abmontaje period\u00edstico\u00bb contra \u00e9l basado en la denuncia por abusos sexuales de dos exempleadas en su residencia en Rep\u00fablica Dominicana, que fue archivada por la Fiscal\u00eda por falta de competencia.<\/p>\n","protected":false},"excerpt":{"rendered":"<p>La demanda, paso previo a la presentaci\u00f3n de una querella por injurias con publicidad y calumnias, \u00absin perjuicio de la posible responsabilidad en otros il\u00edcitos penales\u00bb, ha sido interpuesta ante el Tribunal de Instancia de Madrid (secci\u00f3n civil) y en ella solicita la comparecencia de los demandados a un acto de conciliaci\u00f3n. El cantante&nbsp;Julio Iglesias&nbsp;ha [&hellip;]<\/p>\n","protected":false},"author":2,"featured_media":3706,"comment_status":"open","ping_status":"open","sticky":false,"template":"","format":"standard","meta":{"_monsterinsights_skip_tracking":false,"_monsterinsights_sitenote_active":false,"_monsterinsights_sitenote_note":"","_monsterinsights_sitenote_category":0,"footnotes":""},"categories":[1],"tags":[],"class_list":["post-3705","post","type-post","status-publish","format-standard","has-post-thumbnail","hentry","category-uncategorized"],"aioseo_notices":[],"_links":{"self":[{"href":"https:\/\/azuaalinstante.com\/index.php\/wp-json\/wp\/v2\/posts\/3705","targetHints":{"allow":["GET"]}}],"collection":[{"href":"https:\/\/azuaalinstante.com\/index.php\/wp-json\/wp\/v2\/posts"}],"about":[{"href":"https:\/\/azuaalinstante.com\/index.php\/wp-json\/wp\/v2\/types\/post"}],"author":[{"embeddable":true,"href":"https:\/\/azuaalinstante.com\/index.php\/wp-json\/wp\/v2\/users\/2"}],"replies":[{"embeddable":true,"href":"https:\/\/azuaalinstante.com\/index.php\/wp-json\/wp\/v2\/comments?post=3705"}],"version-history":[{"count":1,"href":"https:\/\/azuaalinstante.com\/index.php\/wp-json\/wp\/v2\/posts\/3705\/revisions"}],"predecessor-version":[{"id":3707,"href":"https:\/\/azuaalinstante.com\/index.php\/wp-json\/wp\/v2\/posts\/3705\/revisions\/3707"}],"wp:featuredmedia":[{"embeddable":true,"href":"https:\/\/azuaalinstante.com\/index.php\/wp-json\/wp\/v2\/media\/3706"}],"wp:attachment":[{"href":"https:\/\/azuaalinstante.com\/index.php\/wp-json\/wp\/v2\/media?parent=3705"}],"wp:term":[{"taxonomy":"category","embeddable":true,"href":"https:\/\/azuaalinstante.com\/index.php\/wp-json\/wp\/v2\/categories?post=3705"},{"taxonomy":"post_tag","embeddable":true,"href":"https:\/\/azuaalinstante.com\/index.php\/wp-json\/wp\/v2\/tags?post=3705"}],"curies":[{"name":"wp","href":"https:\/\/api.w.org\/{rel}","templated":true}]}}