{"id":3768,"date":"2026-03-04T11:40:28","date_gmt":"2026-03-04T11:40:28","guid":{"rendered":"https:\/\/azuaalinstante.com\/?p=3768"},"modified":"2026-03-04T11:40:29","modified_gmt":"2026-03-04T11:40:29","slug":"magin-diaz-dice-someteran-proyecto-para-eliminar-impuestos-anacronicos","status":"publish","type":"post","link":"https:\/\/azuaalinstante.com\/index.php\/2026\/03\/04\/magin-diaz-dice-someteran-proyecto-para-eliminar-impuestos-anacronicos\/","title":{"rendered":"Mag\u00edn D\u00edaz dice someter\u00e1n proyecto para eliminar impuestos anacr\u00f3nicos"},"content":{"rendered":"\n<h2 class=\"wp-block-heading\">Perspectiva. Al referirse al actual contexto internacional, el ministro dijo que tanto el Banco Central como el Gobierno est\u00e1n preparados para enfrentar este nuevo choque externo.<\/h2>\n\n\n\n<ul class=\"wp-block-list\">\n<li><\/li>\n<\/ul>\n\n\n\n<figure class=\"wp-block-image\"><img decoding=\"async\" src=\"https:\/\/listindiario.com\/files\/vertical_main_image\/uploads\/2026\/03\/03\/69a7803e89396.jpeg\" alt=\"El ministro de Hacienda y Econom\u00eda, Mag\u00edn D\u00edaz, fue el orador invitado al Almuerzo de la AmchamDR, al que tambi\u00e9n asisti\u00f3 la vicepresidenta de la Rep\u00fablica, Raquel Pe\u00f1a.\"\/><figcaption class=\"wp-element-caption\">El ministro de Hacienda y Econom\u00eda, Mag\u00edn D\u00edaz, fue el orador invitado al Almuerzo de la AmchamDR, al que tambi\u00e9n asisti\u00f3 la vicepresidenta de la Rep\u00fablica, Raquel Pe\u00f1a.<\/figcaption><\/figure>\n\n\n\n<p id=\"m4352-4351-4353\">El ministro de Hacienda y Econom\u00eda, Mag\u00edn D\u00edaz, se\u00f1al\u00f3 como parte de la agenda del ministerio a corto plazo, el env\u00edo al Congreso Nacional de un proyecto de ley para la eliminaci\u00f3n de impuestos anacr\u00f3nicos para corregir castigos exagerados y hacer m\u00e1s f\u00e1cil la vida a los contribuyentes que quieran cumplir voluntariamente con sus obligaciones tributarias.<\/p>\n","protected":false},"excerpt":{"rendered":"<p>Perspectiva. Al referirse al actual contexto internacional, el ministro dijo que tanto el Banco Central como el Gobierno est\u00e1n preparados para enfrentar este nuevo choque externo. El ministro de Hacienda y Econom\u00eda, Mag\u00edn D\u00edaz, se\u00f1al\u00f3 como parte de la agenda del ministerio a corto plazo, el env\u00edo al Congreso Nacional de un proyecto de ley [&hellip;]<\/p>\n","protected":false},"author":2,"featured_media":3769,"comment_status":"open","ping_status":"open","sticky":false,"template":"","format":"standard","meta":{"_monsterinsights_skip_tracking":false,"_monsterinsights_sitenote_active":false,"_monsterinsights_sitenote_note":"","_monsterinsights_sitenote_category":0,"footnotes":""},"categories":[10],"tags":[],"class_list":["post-3768","post","type-post","status-publish","format-standard","has-post-thumbnail","hentry","category-economia"],"aioseo_notices":[],"_links":{"self":[{"href":"https:\/\/azuaalinstante.com\/index.php\/wp-json\/wp\/v2\/posts\/3768","targetHints":{"allow":["GET"]}}],"collection":[{"href":"https:\/\/azuaalinstante.com\/index.php\/wp-json\/wp\/v2\/posts"}],"about":[{"href":"https:\/\/azuaalinstante.com\/index.php\/wp-json\/wp\/v2\/types\/post"}],"author":[{"embeddable":true,"href":"https:\/\/azuaalinstante.com\/index.php\/wp-json\/wp\/v2\/users\/2"}],"replies":[{"embeddable":true,"href":"https:\/\/azuaalinstante.com\/index.php\/wp-json\/wp\/v2\/comments?post=3768"}],"version-history":[{"count":1,"href":"https:\/\/azuaalinstante.com\/index.php\/wp-json\/wp\/v2\/posts\/3768\/revisions"}],"predecessor-version":[{"id":3770,"href":"https:\/\/azuaalinstante.com\/index.php\/wp-json\/wp\/v2\/posts\/3768\/revisions\/3770"}],"wp:featuredmedia":[{"embeddable":true,"href":"https:\/\/azuaalinstante.com\/index.php\/wp-json\/wp\/v2\/media\/3769"}],"wp:attachment":[{"href":"https:\/\/azuaalinstante.com\/index.php\/wp-json\/wp\/v2\/media?parent=3768"}],"wp:term":[{"taxonomy":"category","embeddable":true,"href":"https:\/\/azuaalinstante.com\/index.php\/wp-json\/wp\/v2\/categories?post=3768"},{"taxonomy":"post_tag","embeddable":true,"href":"https:\/\/azuaalinstante.com\/index.php\/wp-json\/wp\/v2\/tags?post=3768"}],"curies":[{"name":"wp","href":"https:\/\/api.w.org\/{rel}","templated":true}]}}