{"id":4172,"date":"2026-03-07T18:24:38","date_gmt":"2026-03-07T18:24:38","guid":{"rendered":"https:\/\/azuaalinstante.com\/?p=4172"},"modified":"2026-03-07T18:24:40","modified_gmt":"2026-03-07T18:24:40","slug":"abinader-llega-a-la-cumbre-escudo-de-las-americas-convocada-por-donald-trump","status":"publish","type":"post","link":"https:\/\/azuaalinstante.com\/index.php\/2026\/03\/07\/abinader-llega-a-la-cumbre-escudo-de-las-americas-convocada-por-donald-trump\/","title":{"rendered":"Abinader llega a la cumbre \u201cEscudo de las Am\u00e9ricas\u201d convocada por Donald Trump"},"content":{"rendered":"\n<p><em>Mandatarios de 12 pa\u00edses del hemisferio occidental se re\u00fanen para abordar temas de seguridad regional, migraci\u00f3n y cooperaci\u00f3n internacional<\/em><\/p>\n\n\n\n<p><em>Miami, Florida. \u2013<\/em> El presidente Luis Abinader lleg\u00f3 este s\u00e1bado al inicio de la cumbre convocada por el presidente de los Estados Unidos, Donald Trump, donde participar\u00e1 junto a otros mandatarios del hemisferio occidental en la denominada cumbre \u201cEscudo de las Am\u00e9ricas\u201d.<\/p>\n\n\n\n<p>El mandatario dominicano lleg\u00f3 a las 8:07 de la ma\u00f1ana (hora de Miami) al centro de convenciones del Trump National Doral Miami, donde fue recibido por la encargada de protocolo de la Casa Blanca, M\u00f3nica Crowley, junto a otros funcionarios norteamericanos.<\/p>\n\n\n\n<p>A su llegada, el jefe de Estado camin\u00f3 por una alfombra roja y luego un edec\u00e1n oficial lo condujo hacia el interior del recinto donde se desarrolla el evento.<\/p>\n\n\n\n<p>En el encuentro participan 12 pa\u00edses del hemisferio occidental. De acuerdo con la Casa Blanca, el objetivo principal de esta cumbre es promover la libertad, la seguridad y la prosperidad en la regi\u00f3n, as\u00ed como fortalecer la cooperaci\u00f3n entre las naciones participantes.<\/p>\n\n\n\n<p>Asimismo, se prev\u00e9 que durante la jornada el presidente Abinader sostenga conversaciones e intercambios con otros mandatarios y representantes gubernamentales, con el prop\u00f3sito de impulsar iniciativas conjuntas en materia de seguridad regional y desarrollo econ\u00f3mico.<\/p>\n\n\n\n<p><em>Temas en agenda<\/em><\/p>\n\n\n\n<p>Entre los temas a tratar en esta cumbre est\u00e1n el abordaje conjunto de la migraci\u00f3n ilegal y masiva en Estados Unidos y el hemisferio occidental, as\u00ed como la amenaza que representan las bandas criminales, los narcotraficantes y las organizaciones terroristas.<\/p>\n\n\n\n<p>El c\u00f3nclave busca adem\u00e1s articular un bloque de cooperaci\u00f3n para abordar temas de alto inter\u00e9s com\u00fan, tanto en el \u00e1mbito regional como internacional.<\/p>\n\n\n\n<p>Los pa\u00edses y sus respectivos mandatarios que participan en la cumbre \u201cEscudo de las Am\u00e9ricas\u201d son:<\/p>\n\n\n\n<p>Rep\u00fablica Dominicana: Luis Abinader<br>Chile: Jos\u00e9 Antonio Kast<br>Bolivia: Rodrigo Paz<br>Costa Rica: Rodrigo Chaves<br>Argentina: Javier Milei<br>El Salvador: Nayib Bukele<br>Ecuador: Daniel Noboa<br>Honduras: Nasry Asfura<br>Panam\u00e1: Jos\u00e9 Ra\u00fal Mulino<br>Paraguay: Santiago Pe\u00f1a<br>Trinidad y Tobago: Kamla Persad-Bissessar<br>Guyana: Irfaan Ali<\/p>\n\n\n\n<p>Grandes medidas de seguridad han sido desplegadas en los alrededores de la sede del evento, el Trump National Doral Miami, debido a la magnitud del encuentro y a la presencia de numerosos jefes de Estado y delegaciones oficiales que participan en esta cumbre hemisf\u00e9rica.<\/p>\n\n\n\n<p><em>Direcci\u00f3n de Prensa del Presidente<\/em><\/p>\n","protected":false},"excerpt":{"rendered":"<p>Mandatarios de 12 pa\u00edses del hemisferio occidental se re\u00fanen para abordar temas de seguridad regional, migraci\u00f3n y cooperaci\u00f3n internacional Miami, Florida. \u2013 El presidente Luis Abinader lleg\u00f3 este s\u00e1bado al inicio de la cumbre convocada por el presidente de los Estados Unidos, Donald Trump, donde participar\u00e1 junto a otros mandatarios del hemisferio occidental en la [&hellip;]<\/p>\n","protected":false},"author":2,"featured_media":4173,"comment_status":"open","ping_status":"open","sticky":false,"template":"","format":"standard","meta":{"_monsterinsights_skip_tracking":false,"_monsterinsights_sitenote_active":false,"_monsterinsights_sitenote_note":"","_monsterinsights_sitenote_category":0,"footnotes":""},"categories":[5],"tags":[],"class_list":["post-4172","post","type-post","status-publish","format-standard","has-post-thumbnail","hentry","category-republica"],"aioseo_notices":[],"_links":{"self":[{"href":"https:\/\/azuaalinstante.com\/index.php\/wp-json\/wp\/v2\/posts\/4172","targetHints":{"allow":["GET"]}}],"collection":[{"href":"https:\/\/azuaalinstante.com\/index.php\/wp-json\/wp\/v2\/posts"}],"about":[{"href":"https:\/\/azuaalinstante.com\/index.php\/wp-json\/wp\/v2\/types\/post"}],"author":[{"embeddable":true,"href":"https:\/\/azuaalinstante.com\/index.php\/wp-json\/wp\/v2\/users\/2"}],"replies":[{"embeddable":true,"href":"https:\/\/azuaalinstante.com\/index.php\/wp-json\/wp\/v2\/comments?post=4172"}],"version-history":[{"count":1,"href":"https:\/\/azuaalinstante.com\/index.php\/wp-json\/wp\/v2\/posts\/4172\/revisions"}],"predecessor-version":[{"id":4174,"href":"https:\/\/azuaalinstante.com\/index.php\/wp-json\/wp\/v2\/posts\/4172\/revisions\/4174"}],"wp:featuredmedia":[{"embeddable":true,"href":"https:\/\/azuaalinstante.com\/index.php\/wp-json\/wp\/v2\/media\/4173"}],"wp:attachment":[{"href":"https:\/\/azuaalinstante.com\/index.php\/wp-json\/wp\/v2\/media?parent=4172"}],"wp:term":[{"taxonomy":"category","embeddable":true,"href":"https:\/\/azuaalinstante.com\/index.php\/wp-json\/wp\/v2\/categories?post=4172"},{"taxonomy":"post_tag","embeddable":true,"href":"https:\/\/azuaalinstante.com\/index.php\/wp-json\/wp\/v2\/tags?post=4172"}],"curies":[{"name":"wp","href":"https:\/\/api.w.org\/{rel}","templated":true}]}}