{"id":4974,"date":"2026-03-17T13:06:49","date_gmt":"2026-03-17T13:06:49","guid":{"rendered":"https:\/\/azuaalinstante.com\/?p=4974"},"modified":"2026-03-17T13:06:50","modified_gmt":"2026-03-17T13:06:50","slug":"abinader-asiste-a-apertura-de-clase-magistral-sobre-transparencia-y-rendicion-de-cuentas","status":"publish","type":"post","link":"https:\/\/azuaalinstante.com\/index.php\/2026\/03\/17\/abinader-asiste-a-apertura-de-clase-magistral-sobre-transparencia-y-rendicion-de-cuentas\/","title":{"rendered":"Abinader asiste a apertura de clase magistral sobre transparencia y rendici\u00f3n de cuentas"},"content":{"rendered":"\n<h2 class=\"wp-block-heading\">La actividad se desarroll\u00f3 en el Hotel Catalonia Santo Domingo y cont\u00f3 con la presencia del presidente de la Rep\u00fablica, Luis Abinader.<\/h2>\n\n\n\n<ul class=\"wp-block-list\">\n<li><\/li>\n<\/ul>\n\n\n\n<figure class=\"wp-block-image\"><img decoding=\"async\" src=\"https:\/\/listindiario.com\/files\/vertical_main_image\/uploads\/2026\/03\/16\/69b8a85689368.jpeg\" alt=\"El presidente de la Rep\u00fablica (centro), junto a la presidenta de la C\u00e1mara de Cuentas, Emma Polanco (izquierda del presidente), y los representantes de organismos de control de distintos pa\u00edses.\"\/><figcaption class=\"wp-element-caption\">El presidente de la Rep\u00fablica (centro), junto a la presidenta de la C\u00e1mara de Cuentas, Emma Polanco (izquierda del presidente), y los representantes de organismos de control de distintos pa\u00edses. V\u00edctor Ram\u00edrez<\/figcaption><\/figure>\n\n\n\n<p id=\"m25707-25706-25708\">El presidente Luis Abinader asisti\u00f3 este lunes a la clase magistral internacional \u201cLiderar el cambio institucional de las Entidades Fiscalizadoras Superiores (EFS)\u201d, que organiza la C\u00e1mara de Cuentas de la Rep\u00fablica Dominicana (CCRD), donde enfatiz\u00f3 la importancia de la transparencia y la rendici\u00f3n de cuentas para el fortalecimiento de la democracia.<\/p>\n","protected":false},"excerpt":{"rendered":"<p>La actividad se desarroll\u00f3 en el Hotel Catalonia Santo Domingo y cont\u00f3 con la presencia del presidente de la Rep\u00fablica, Luis Abinader. El presidente Luis Abinader asisti\u00f3 este lunes a la clase magistral internacional \u201cLiderar el cambio institucional de las Entidades Fiscalizadoras Superiores (EFS)\u201d, que organiza la C\u00e1mara de Cuentas de la Rep\u00fablica Dominicana (CCRD), [&hellip;]<\/p>\n","protected":false},"author":2,"featured_media":4975,"comment_status":"open","ping_status":"open","sticky":false,"template":"","format":"standard","meta":{"_monsterinsights_skip_tracking":false,"_monsterinsights_sitenote_active":false,"_monsterinsights_sitenote_note":"","_monsterinsights_sitenote_category":0,"footnotes":""},"categories":[7],"tags":[],"class_list":["post-4974","post","type-post","status-publish","format-standard","has-post-thumbnail","hentry","category-gobierno"],"aioseo_notices":[],"_links":{"self":[{"href":"https:\/\/azuaalinstante.com\/index.php\/wp-json\/wp\/v2\/posts\/4974","targetHints":{"allow":["GET"]}}],"collection":[{"href":"https:\/\/azuaalinstante.com\/index.php\/wp-json\/wp\/v2\/posts"}],"about":[{"href":"https:\/\/azuaalinstante.com\/index.php\/wp-json\/wp\/v2\/types\/post"}],"author":[{"embeddable":true,"href":"https:\/\/azuaalinstante.com\/index.php\/wp-json\/wp\/v2\/users\/2"}],"replies":[{"embeddable":true,"href":"https:\/\/azuaalinstante.com\/index.php\/wp-json\/wp\/v2\/comments?post=4974"}],"version-history":[{"count":1,"href":"https:\/\/azuaalinstante.com\/index.php\/wp-json\/wp\/v2\/posts\/4974\/revisions"}],"predecessor-version":[{"id":4976,"href":"https:\/\/azuaalinstante.com\/index.php\/wp-json\/wp\/v2\/posts\/4974\/revisions\/4976"}],"wp:featuredmedia":[{"embeddable":true,"href":"https:\/\/azuaalinstante.com\/index.php\/wp-json\/wp\/v2\/media\/4975"}],"wp:attachment":[{"href":"https:\/\/azuaalinstante.com\/index.php\/wp-json\/wp\/v2\/media?parent=4974"}],"wp:term":[{"taxonomy":"category","embeddable":true,"href":"https:\/\/azuaalinstante.com\/index.php\/wp-json\/wp\/v2\/categories?post=4974"},{"taxonomy":"post_tag","embeddable":true,"href":"https:\/\/azuaalinstante.com\/index.php\/wp-json\/wp\/v2\/tags?post=4974"}],"curies":[{"name":"wp","href":"https:\/\/api.w.org\/{rel}","templated":true}]}}