{"id":5145,"date":"2026-03-19T12:11:51","date_gmt":"2026-03-19T12:11:51","guid":{"rendered":"https:\/\/azuaalinstante.com\/?p=5145"},"modified":"2026-03-19T12:11:52","modified_gmt":"2026-03-19T12:11:52","slug":"republica-dominicana-y-francia-cierran-con-exito-los-ejercicios-militares-dunas-2026","status":"publish","type":"post","link":"https:\/\/azuaalinstante.com\/index.php\/2026\/03\/19\/republica-dominicana-y-francia-cierran-con-exito-los-ejercicios-militares-dunas-2026\/","title":{"rendered":"Rep\u00fablica Dominicana y Francia cierran con \u00e9xito los ejercicios militares \"DUNAS 2026&#8243;"},"content":{"rendered":"\n<h2 class=\"wp-block-heading\">El evento, desarrollado en la Base Naval Las Calderas, se consolida como una tradici\u00f3n de alto valor estrat\u00e9gico que, durante dos d\u00e9cadas, ha fortalecido la interoperabilidad, la preparaci\u00f3n operativa y la cooperaci\u00f3n bilateral entre ambas naciones.<\/h2>\n\n\n\n<ul class=\"wp-block-list\">\n<li><\/li>\n<\/ul>\n\n\n\n<figure class=\"wp-block-image\"><img decoding=\"async\" src=\"https:\/\/listindiario.com\/files\/vertical_main_image\/uploads\/2026\/03\/18\/69bb3c4b2511c.jpeg\" alt=\"Momento del desarrollo de la jornada de ejercicio militar conjunto en el centro de la bah\u00eda donde esta situada la Base Naval Las Calderas, en Ban\u00ed. El evento se consolida como una tradici\u00f3n de alto valor estrat\u00e9gico.\"\/><figcaption class=\"wp-element-caption\">Momento de la jornada de ejercicios militares conjuntos en la bah\u00eda donde esta situada la Base Naval Las Calderas, en Ban\u00ed. El evento se consolida como una tradici\u00f3n de alto valor estrat\u00e9gico.<\/figcaption><\/figure>\n\n\n\n<p>Santo Domingo, RD<\/p>\n\n\n\n<p id=\"m14373-14372-14374\">Las&nbsp;<strong>Fuerzas Armadas de la Rep\u00fablica Dominicana&nbsp;<\/strong>y de la&nbsp;<strong>Rep\u00fablica Francesa<\/strong>&nbsp;clausuraron la vig\u00e9sima edici\u00f3n de los Ejercicios Conjuntos y Combinados \u201c<strong>DUNAS 2026<\/strong>\u201d.<\/p>\n","protected":false},"excerpt":{"rendered":"<p>El evento, desarrollado en la Base Naval Las Calderas, se consolida como una tradici\u00f3n de alto valor estrat\u00e9gico que, durante dos d\u00e9cadas, ha fortalecido la interoperabilidad, la preparaci\u00f3n operativa y la cooperaci\u00f3n bilateral entre ambas naciones. Santo Domingo, RD Las&nbsp;Fuerzas Armadas de la Rep\u00fablica Dominicana&nbsp;y de la&nbsp;Rep\u00fablica Francesa&nbsp;clausuraron la vig\u00e9sima edici\u00f3n de los Ejercicios Conjuntos [&hellip;]<\/p>\n","protected":false},"author":2,"featured_media":5146,"comment_status":"open","ping_status":"open","sticky":false,"template":"","format":"standard","meta":{"_monsterinsights_skip_tracking":false,"_monsterinsights_sitenote_active":false,"_monsterinsights_sitenote_note":"","_monsterinsights_sitenote_category":0,"footnotes":""},"categories":[5],"tags":[],"class_list":["post-5145","post","type-post","status-publish","format-standard","has-post-thumbnail","hentry","category-republica"],"aioseo_notices":[],"_links":{"self":[{"href":"https:\/\/azuaalinstante.com\/index.php\/wp-json\/wp\/v2\/posts\/5145","targetHints":{"allow":["GET"]}}],"collection":[{"href":"https:\/\/azuaalinstante.com\/index.php\/wp-json\/wp\/v2\/posts"}],"about":[{"href":"https:\/\/azuaalinstante.com\/index.php\/wp-json\/wp\/v2\/types\/post"}],"author":[{"embeddable":true,"href":"https:\/\/azuaalinstante.com\/index.php\/wp-json\/wp\/v2\/users\/2"}],"replies":[{"embeddable":true,"href":"https:\/\/azuaalinstante.com\/index.php\/wp-json\/wp\/v2\/comments?post=5145"}],"version-history":[{"count":1,"href":"https:\/\/azuaalinstante.com\/index.php\/wp-json\/wp\/v2\/posts\/5145\/revisions"}],"predecessor-version":[{"id":5147,"href":"https:\/\/azuaalinstante.com\/index.php\/wp-json\/wp\/v2\/posts\/5145\/revisions\/5147"}],"wp:featuredmedia":[{"embeddable":true,"href":"https:\/\/azuaalinstante.com\/index.php\/wp-json\/wp\/v2\/media\/5146"}],"wp:attachment":[{"href":"https:\/\/azuaalinstante.com\/index.php\/wp-json\/wp\/v2\/media?parent=5145"}],"wp:term":[{"taxonomy":"category","embeddable":true,"href":"https:\/\/azuaalinstante.com\/index.php\/wp-json\/wp\/v2\/categories?post=5145"},{"taxonomy":"post_tag","embeddable":true,"href":"https:\/\/azuaalinstante.com\/index.php\/wp-json\/wp\/v2\/tags?post=5145"}],"curies":[{"name":"wp","href":"https:\/\/api.w.org\/{rel}","templated":true}]}}