{"id":5148,"date":"2026-03-19T12:14:07","date_gmt":"2026-03-19T12:14:07","guid":{"rendered":"https:\/\/azuaalinstante.com\/?p=5148"},"modified":"2026-03-19T12:14:08","modified_gmt":"2026-03-19T12:14:08","slug":"vuelos-entre-republica-dominicana-y-venezuela-se-reanudaron-tras-casi-dos-anos-de-suspension","status":"publish","type":"post","link":"https:\/\/azuaalinstante.com\/index.php\/2026\/03\/19\/vuelos-entre-republica-dominicana-y-venezuela-se-reanudaron-tras-casi-dos-anos-de-suspension\/","title":{"rendered":"Vuelos entre Rep\u00fablica Dominicana y Venezuela se reanudaron tras casi dos a\u00f1os de suspensi\u00f3n"},"content":{"rendered":"\n<h2 class=\"wp-block-heading\">El reinicio de esta ruta a\u00e9rea se produce luego de que las autoridades de ambos pa\u00edses alcanzaran acuerdos bilaterales que permitieron levantar las restricciones impuestas desde julio de 2024.<\/h2>\n\n\n\n<ul class=\"wp-block-list\">\n<li><\/li>\n<\/ul>\n\n\n\n<figure class=\"wp-block-image\"><img decoding=\"async\" src=\"https:\/\/listindiario.com\/files\/vertical_main_image\/uploads\/2026\/03\/18\/69bb0104b5301.jpeg\" alt=\"El primer vuelo de Laser Airlines aterriz\u00f3 en el pa\u00eds a la 1:00 de la tarde en el Aeropuerto Internacional de Las Am\u00e9ricas\"\/><figcaption class=\"wp-element-caption\">El primer vuelo de Laser Airlines aterriz\u00f3 en el pa\u00eds a la 1:00 de la tarde en el Aeropuerto Internacional de Las Am\u00e9ricas<\/figcaption><\/figure>\n\n\n\n<p id=\"m126241-126240-126242\">Las operaciones a\u00e9reas entre la&nbsp;<strong>Rep\u00fablica Dominicana y Venezuela<\/strong>&nbsp;quedaron oficialmente reanudadas este mi\u00e9rcoles 18 de marzo con el reinicio de los vuelos de la aerol\u00ednea venezolana Laser Airlines, marcando as\u00ed el restablecimiento de una conexi\u00f3n clave para miles de pasajeros tras una prolongada suspensi\u00f3n provocada por tensiones entre ambos gobiernos.<\/p>\n","protected":false},"excerpt":{"rendered":"<p>El reinicio de esta ruta a\u00e9rea se produce luego de que las autoridades de ambos pa\u00edses alcanzaran acuerdos bilaterales que permitieron levantar las restricciones impuestas desde julio de 2024. Las operaciones a\u00e9reas entre la&nbsp;Rep\u00fablica Dominicana y Venezuela&nbsp;quedaron oficialmente reanudadas este mi\u00e9rcoles 18 de marzo con el reinicio de los vuelos de la aerol\u00ednea venezolana Laser [&hellip;]<\/p>\n","protected":false},"author":2,"featured_media":5149,"comment_status":"open","ping_status":"open","sticky":false,"template":"","format":"standard","meta":{"_monsterinsights_skip_tracking":false,"_monsterinsights_sitenote_active":false,"_monsterinsights_sitenote_note":"","_monsterinsights_sitenote_category":0,"footnotes":""},"categories":[5],"tags":[],"class_list":["post-5148","post","type-post","status-publish","format-standard","has-post-thumbnail","hentry","category-republica"],"aioseo_notices":[],"_links":{"self":[{"href":"https:\/\/azuaalinstante.com\/index.php\/wp-json\/wp\/v2\/posts\/5148","targetHints":{"allow":["GET"]}}],"collection":[{"href":"https:\/\/azuaalinstante.com\/index.php\/wp-json\/wp\/v2\/posts"}],"about":[{"href":"https:\/\/azuaalinstante.com\/index.php\/wp-json\/wp\/v2\/types\/post"}],"author":[{"embeddable":true,"href":"https:\/\/azuaalinstante.com\/index.php\/wp-json\/wp\/v2\/users\/2"}],"replies":[{"embeddable":true,"href":"https:\/\/azuaalinstante.com\/index.php\/wp-json\/wp\/v2\/comments?post=5148"}],"version-history":[{"count":1,"href":"https:\/\/azuaalinstante.com\/index.php\/wp-json\/wp\/v2\/posts\/5148\/revisions"}],"predecessor-version":[{"id":5150,"href":"https:\/\/azuaalinstante.com\/index.php\/wp-json\/wp\/v2\/posts\/5148\/revisions\/5150"}],"wp:featuredmedia":[{"embeddable":true,"href":"https:\/\/azuaalinstante.com\/index.php\/wp-json\/wp\/v2\/media\/5149"}],"wp:attachment":[{"href":"https:\/\/azuaalinstante.com\/index.php\/wp-json\/wp\/v2\/media?parent=5148"}],"wp:term":[{"taxonomy":"category","embeddable":true,"href":"https:\/\/azuaalinstante.com\/index.php\/wp-json\/wp\/v2\/categories?post=5148"},{"taxonomy":"post_tag","embeddable":true,"href":"https:\/\/azuaalinstante.com\/index.php\/wp-json\/wp\/v2\/tags?post=5148"}],"curies":[{"name":"wp","href":"https:\/\/api.w.org\/{rel}","templated":true}]}}