{"id":5306,"date":"2026-03-21T17:26:35","date_gmt":"2026-03-21T17:26:35","guid":{"rendered":"https:\/\/azuaalinstante.com\/?p=5306"},"modified":"2026-03-21T17:26:38","modified_gmt":"2026-03-21T17:26:38","slug":"doscientos-anos-despues-panama-celebra-soberania-en-latinoamerica","status":"publish","type":"post","link":"https:\/\/azuaalinstante.com\/index.php\/2026\/03\/21\/doscientos-anos-despues-panama-celebra-soberania-en-latinoamerica\/","title":{"rendered":"Doscientos a\u00f1os despu\u00e9s, Panam\u00e1 celebra soberan\u00eda en Latinoam\u00e9rica"},"content":{"rendered":"\n<h2 class=\"wp-block-heading\">Durante este congreso se pondr\u00eda en circulaci\u00f3n el Tratado de Liga, Uni\u00f3n y Confederaci\u00f3n Perpetua, cuyo objetivo era establecer un sistema multilateral basado en la defensa colectiva.<\/h2>\n\n\n\n<ul class=\"wp-block-list\">\n<li><\/li>\n<\/ul>\n\n\n\n<figure class=\"wp-block-image\"><img decoding=\"async\" src=\"https:\/\/listindiario.com\/files\/vertical_main_image\/uploads\/2026\/03\/20\/69bdf673818a2.jpeg\" alt=\"Carlos Guevara Mann, viceministro de Asuntos Multilaterales y Cooperaci\u00f3n de Panam\u00e1.\"\/><figcaption class=\"wp-element-caption\">Carlos Guevara Mann, viceministro de Asuntos Multilaterales y Cooperaci\u00f3n de Panam\u00e1.Ra\u00fal Asencio<\/figcaption><\/figure>\n\n\n\n<p id=\"m20075-20074-20076\">Durante su visita a la Rep\u00fablica Dominicana, el Viceministro de Asuntos Multilaterales y Cooperaci\u00f3n de&nbsp;<strong>Panam\u00e1<\/strong>,&nbsp;<strong>Carlos Guevara Mann<\/strong>, reflexion\u00f3 sobre la importancia de la integraci\u00f3n regional latinoamericana y la democracia a trav\u00e9s del&nbsp;<strong>Congreso Anficti\u00f3nico<\/strong>&nbsp;de la naci\u00f3n istme\u00f1a.<\/p>\n","protected":false},"excerpt":{"rendered":"<p>Durante este congreso se pondr\u00eda en circulaci\u00f3n el Tratado de Liga, Uni\u00f3n y Confederaci\u00f3n Perpetua, cuyo objetivo era establecer un sistema multilateral basado en la defensa colectiva. Durante su visita a la Rep\u00fablica Dominicana, el Viceministro de Asuntos Multilaterales y Cooperaci\u00f3n de&nbsp;Panam\u00e1,&nbsp;Carlos Guevara Mann, reflexion\u00f3 sobre la importancia de la integraci\u00f3n regional latinoamericana y la [&hellip;]<\/p>\n","protected":false},"author":2,"featured_media":5307,"comment_status":"open","ping_status":"open","sticky":false,"template":"","format":"standard","meta":{"_monsterinsights_skip_tracking":false,"_monsterinsights_sitenote_active":false,"_monsterinsights_sitenote_note":"","_monsterinsights_sitenote_category":0,"footnotes":""},"categories":[5],"tags":[],"class_list":["post-5306","post","type-post","status-publish","format-standard","has-post-thumbnail","hentry","category-republica"],"aioseo_notices":[],"_links":{"self":[{"href":"https:\/\/azuaalinstante.com\/index.php\/wp-json\/wp\/v2\/posts\/5306","targetHints":{"allow":["GET"]}}],"collection":[{"href":"https:\/\/azuaalinstante.com\/index.php\/wp-json\/wp\/v2\/posts"}],"about":[{"href":"https:\/\/azuaalinstante.com\/index.php\/wp-json\/wp\/v2\/types\/post"}],"author":[{"embeddable":true,"href":"https:\/\/azuaalinstante.com\/index.php\/wp-json\/wp\/v2\/users\/2"}],"replies":[{"embeddable":true,"href":"https:\/\/azuaalinstante.com\/index.php\/wp-json\/wp\/v2\/comments?post=5306"}],"version-history":[{"count":1,"href":"https:\/\/azuaalinstante.com\/index.php\/wp-json\/wp\/v2\/posts\/5306\/revisions"}],"predecessor-version":[{"id":5308,"href":"https:\/\/azuaalinstante.com\/index.php\/wp-json\/wp\/v2\/posts\/5306\/revisions\/5308"}],"wp:featuredmedia":[{"embeddable":true,"href":"https:\/\/azuaalinstante.com\/index.php\/wp-json\/wp\/v2\/media\/5307"}],"wp:attachment":[{"href":"https:\/\/azuaalinstante.com\/index.php\/wp-json\/wp\/v2\/media?parent=5306"}],"wp:term":[{"taxonomy":"category","embeddable":true,"href":"https:\/\/azuaalinstante.com\/index.php\/wp-json\/wp\/v2\/categories?post=5306"},{"taxonomy":"post_tag","embeddable":true,"href":"https:\/\/azuaalinstante.com\/index.php\/wp-json\/wp\/v2\/tags?post=5306"}],"curies":[{"name":"wp","href":"https:\/\/api.w.org\/{rel}","templated":true}]}}