{"id":5363,"date":"2026-03-22T21:36:02","date_gmt":"2026-03-22T21:36:02","guid":{"rendered":"https:\/\/azuaalinstante.com\/?p=5363"},"modified":"2026-03-22T21:36:03","modified_gmt":"2026-03-22T21:36:03","slug":"mensaje-integro-de-abinader-por-la-guerra-en-iran-y-las-consecuencias-economicas","status":"publish","type":"post","link":"https:\/\/azuaalinstante.com\/index.php\/2026\/03\/22\/mensaje-integro-de-abinader-por-la-guerra-en-iran-y-las-consecuencias-economicas\/","title":{"rendered":"Mensaje \u00edntegro de Abinader por la guerra en Ir\u00e1n y las consecuencias econ\u00f3micas"},"content":{"rendered":"\n<h2 class=\"wp-block-heading\">\"En primer lugar; mantener a toda costa la estabilidad macroecon\u00f3mica, fiscal y social. Para ello, seguiremos protegiendo a los hogares m\u00e1s vulnerables, fortaleciendo los programas sociales y reasignando recursos desde partidas menos prioritarias\", asegur\u00f3 el presidente.&nbsp;<\/h2>\n\n\n\n<ul class=\"wp-block-list\">\n<li><\/li>\n<\/ul>\n\n\n\n<figure class=\"wp-block-image\"><img decoding=\"async\" src=\"https:\/\/listindiario.com\/files\/vertical_main_image\/files\/fp\/uploads\/2025\/11\/17\/691ba1eeabae1.r_d.319-197.png\" alt=\"Presidente Luis Abinader durante La Semanal\"\/><figcaption class=\"wp-element-caption\">Presidente Luis Abinader Captura de pantalla<\/figcaption><\/figure>\n\n\n\n<p><br>Santo Domingo, RD<\/p>\n\n\n\n<p id=\"m142151-142150-142152\">El presidente Luis Abinader habl\u00f3 al pa\u00eds sobre la crisis que afecta al mundo por la guerra en Ir\u00e1n y present\u00f3 las medidas por las que se regir\u00e1 el Gobierno para hacer frente a la situaci\u00f3n.&nbsp;<\/p>\n","protected":false},"excerpt":{"rendered":"<p>\"En primer lugar; mantener a toda costa la estabilidad macroecon\u00f3mica, fiscal y social. Para ello, seguiremos protegiendo a los hogares m\u00e1s vulnerables, fortaleciendo los programas sociales y reasignando recursos desde partidas menos prioritarias\", asegur\u00f3 el presidente.&nbsp; Santo Domingo, RD El presidente Luis Abinader habl\u00f3 al pa\u00eds sobre la crisis que afecta al mundo por la [&hellip;]<\/p>\n","protected":false},"author":2,"featured_media":5364,"comment_status":"open","ping_status":"open","sticky":false,"template":"","format":"standard","meta":{"_monsterinsights_skip_tracking":false,"_monsterinsights_sitenote_active":false,"_monsterinsights_sitenote_note":"","_monsterinsights_sitenote_category":0,"footnotes":""},"categories":[7],"tags":[],"class_list":["post-5363","post","type-post","status-publish","format-standard","has-post-thumbnail","hentry","category-gobierno"],"aioseo_notices":[],"_links":{"self":[{"href":"https:\/\/azuaalinstante.com\/index.php\/wp-json\/wp\/v2\/posts\/5363","targetHints":{"allow":["GET"]}}],"collection":[{"href":"https:\/\/azuaalinstante.com\/index.php\/wp-json\/wp\/v2\/posts"}],"about":[{"href":"https:\/\/azuaalinstante.com\/index.php\/wp-json\/wp\/v2\/types\/post"}],"author":[{"embeddable":true,"href":"https:\/\/azuaalinstante.com\/index.php\/wp-json\/wp\/v2\/users\/2"}],"replies":[{"embeddable":true,"href":"https:\/\/azuaalinstante.com\/index.php\/wp-json\/wp\/v2\/comments?post=5363"}],"version-history":[{"count":1,"href":"https:\/\/azuaalinstante.com\/index.php\/wp-json\/wp\/v2\/posts\/5363\/revisions"}],"predecessor-version":[{"id":5365,"href":"https:\/\/azuaalinstante.com\/index.php\/wp-json\/wp\/v2\/posts\/5363\/revisions\/5365"}],"wp:featuredmedia":[{"embeddable":true,"href":"https:\/\/azuaalinstante.com\/index.php\/wp-json\/wp\/v2\/media\/5364"}],"wp:attachment":[{"href":"https:\/\/azuaalinstante.com\/index.php\/wp-json\/wp\/v2\/media?parent=5363"}],"wp:term":[{"taxonomy":"category","embeddable":true,"href":"https:\/\/azuaalinstante.com\/index.php\/wp-json\/wp\/v2\/categories?post=5363"},{"taxonomy":"post_tag","embeddable":true,"href":"https:\/\/azuaalinstante.com\/index.php\/wp-json\/wp\/v2\/tags?post=5363"}],"curies":[{"name":"wp","href":"https:\/\/api.w.org\/{rel}","templated":true}]}}