{"id":5398,"date":"2026-03-22T22:13:56","date_gmt":"2026-03-22T22:13:56","guid":{"rendered":"https:\/\/azuaalinstante.com\/?p=5398"},"modified":"2026-03-22T22:13:57","modified_gmt":"2026-03-22T22:13:57","slug":"francisco-javier-ve-falta-de-plan-frente-al-conflicto-de-medio-oriente","status":"publish","type":"post","link":"https:\/\/azuaalinstante.com\/index.php\/2026\/03\/22\/francisco-javier-ve-falta-de-plan-frente-al-conflicto-de-medio-oriente\/","title":{"rendered":"Francisco Javier ve falta de plan frente al conflicto de Medio Oriente"},"content":{"rendered":"\n<h2 class=\"wp-block-heading\">Apunt\u00f3 que mientras la actual administraci\u00f3n gubernamental no da muestra de eficiencia en el ahorro interno, la salida a la problem\u00e1tica no debe ser la elevaci\u00f3n de las cargas a los consumidores.<\/h2>\n\n\n\n<ul class=\"wp-block-list\">\n<li><\/li>\n<\/ul>\n\n\n\n<figure class=\"wp-block-image\"><img decoding=\"async\" src=\"https:\/\/listindiario.com\/files\/main_image\/files\/fp\/uploads\/2023\/03\/28\/6437ebbd83cd3.r_d.319-160.jpeg\" alt=\"Francisco Javier Garc\u00eda. Archivo \/ LD\"\/><figcaption class=\"wp-element-caption\">Francisco Javier Garc\u00eda. Archivo <\/figcaption><\/figure>\n\n\n\n<p id=\"m33157-33156-33158\">El precandidato presidencial del Partido de la Liberaci\u00f3n Dominicana (PLD), Francisco Javier Garc\u00eda se\u00f1al\u00f3 que los&nbsp;<strong>incrementos en los precios&nbsp;<\/strong>de los principales combustibles evidencian que las autoridades gubernamentales dominicanas carecen de un plan de contingencia ante la escalada del conflicto b\u00e9lico en Medio Oriente y que ha provocado alzas del petr\u00f3leo en los mercados internacionales.<\/p>\n","protected":false},"excerpt":{"rendered":"<p>Apunt\u00f3 que mientras la actual administraci\u00f3n gubernamental no da muestra de eficiencia en el ahorro interno, la salida a la problem\u00e1tica no debe ser la elevaci\u00f3n de las cargas a los consumidores. El precandidato presidencial del Partido de la Liberaci\u00f3n Dominicana (PLD), Francisco Javier Garc\u00eda se\u00f1al\u00f3 que los&nbsp;incrementos en los precios&nbsp;de los principales combustibles evidencian [&hellip;]<\/p>\n","protected":false},"author":2,"featured_media":5399,"comment_status":"open","ping_status":"open","sticky":false,"template":"","format":"standard","meta":{"_monsterinsights_skip_tracking":false,"_monsterinsights_sitenote_active":false,"_monsterinsights_sitenote_note":"","_monsterinsights_sitenote_category":0,"footnotes":""},"categories":[6],"tags":[],"class_list":["post-5398","post","type-post","status-publish","format-standard","has-post-thumbnail","hentry","category-politica"],"aioseo_notices":[],"_links":{"self":[{"href":"https:\/\/azuaalinstante.com\/index.php\/wp-json\/wp\/v2\/posts\/5398","targetHints":{"allow":["GET"]}}],"collection":[{"href":"https:\/\/azuaalinstante.com\/index.php\/wp-json\/wp\/v2\/posts"}],"about":[{"href":"https:\/\/azuaalinstante.com\/index.php\/wp-json\/wp\/v2\/types\/post"}],"author":[{"embeddable":true,"href":"https:\/\/azuaalinstante.com\/index.php\/wp-json\/wp\/v2\/users\/2"}],"replies":[{"embeddable":true,"href":"https:\/\/azuaalinstante.com\/index.php\/wp-json\/wp\/v2\/comments?post=5398"}],"version-history":[{"count":1,"href":"https:\/\/azuaalinstante.com\/index.php\/wp-json\/wp\/v2\/posts\/5398\/revisions"}],"predecessor-version":[{"id":5400,"href":"https:\/\/azuaalinstante.com\/index.php\/wp-json\/wp\/v2\/posts\/5398\/revisions\/5400"}],"wp:featuredmedia":[{"embeddable":true,"href":"https:\/\/azuaalinstante.com\/index.php\/wp-json\/wp\/v2\/media\/5399"}],"wp:attachment":[{"href":"https:\/\/azuaalinstante.com\/index.php\/wp-json\/wp\/v2\/media?parent=5398"}],"wp:term":[{"taxonomy":"category","embeddable":true,"href":"https:\/\/azuaalinstante.com\/index.php\/wp-json\/wp\/v2\/categories?post=5398"},{"taxonomy":"post_tag","embeddable":true,"href":"https:\/\/azuaalinstante.com\/index.php\/wp-json\/wp\/v2\/tags?post=5398"}],"curies":[{"name":"wp","href":"https:\/\/api.w.org\/{rel}","templated":true}]}}