{"id":5441,"date":"2026-03-24T00:29:30","date_gmt":"2026-03-24T00:29:30","guid":{"rendered":"https:\/\/azuaalinstante.com\/?p=5441"},"modified":"2026-03-24T00:29:31","modified_gmt":"2026-03-24T00:29:31","slug":"el-pld-pide-al-gobierno-reducir-sus-gastos-y-la-eliminacion-de-la-publicidad-por-crisis-en-iran","status":"publish","type":"post","link":"https:\/\/azuaalinstante.com\/index.php\/2026\/03\/24\/el-pld-pide-al-gobierno-reducir-sus-gastos-y-la-eliminacion-de-la-publicidad-por-crisis-en-iran\/","title":{"rendered":"El PLD pide al gobierno reducir sus gastos y la eliminaci\u00f3n de la publicidad por crisis en Ir\u00e1n"},"content":{"rendered":"\n<h2 class=\"wp-block-heading\">\"Si a la familia se le pide asumir mayores costos en transporte, electricidad y alimentos y al sector privado hacer reajustes, el Estado tambi\u00e9n debe asumir su parte con disciplina y ejemplo\", enfatiz\u00f3 Tem\u00edstocles Mont\u00e1s.&nbsp;<\/h2>\n\n\n\n<ul class=\"wp-block-list\">\n<li><\/li>\n<\/ul>\n\n\n\n<figure class=\"wp-block-image\"><img decoding=\"async\" src=\"https:\/\/listindiario.com\/files\/vertical_main_image\/files\/fp\/uploads\/2026\/03\/23\/69c16dc50cac3.r_d.795-408.jpeg\" alt=\"Tem\u00edstocles Mont\u00e1s, vicepresidente del PLD, mientras hablaba durante una rueda de prensa.\"\/><figcaption class=\"wp-element-caption\">Tem\u00edstocles Mont\u00e1s, vicepresidente del PLD, mientras hablaba durante una rueda de prensa. Fuente externa<\/figcaption><\/figure>\n\n\n\n<p id=\"m16336-16335-16337\">El&nbsp;<strong>Partido de la Liberaci\u00f3n Dominicana<\/strong>&nbsp;(PLD) expres\u00f3 su posici\u00f3n sobre el discurso que emiti\u00f3 el domingo el presidente Luis Abinader sobre las consecuencias econ\u00f3micas que causar\u00e1 la guerra de&nbsp;<strong>Ir\u00e1n&nbsp;en el pa\u00eds<\/strong>.<\/p>\n","protected":false},"excerpt":{"rendered":"<p>\"Si a la familia se le pide asumir mayores costos en transporte, electricidad y alimentos y al sector privado hacer reajustes, el Estado tambi\u00e9n debe asumir su parte con disciplina y ejemplo\", enfatiz\u00f3 Tem\u00edstocles Mont\u00e1s.&nbsp; El&nbsp;Partido de la Liberaci\u00f3n Dominicana&nbsp;(PLD) expres\u00f3 su posici\u00f3n sobre el discurso que emiti\u00f3 el domingo el presidente Luis Abinader sobre [&hellip;]<\/p>\n","protected":false},"author":2,"featured_media":5442,"comment_status":"open","ping_status":"open","sticky":false,"template":"","format":"standard","meta":{"_monsterinsights_skip_tracking":false,"_monsterinsights_sitenote_active":false,"_monsterinsights_sitenote_note":"","_monsterinsights_sitenote_category":0,"footnotes":""},"categories":[7],"tags":[],"class_list":["post-5441","post","type-post","status-publish","format-standard","has-post-thumbnail","hentry","category-gobierno"],"aioseo_notices":[],"_links":{"self":[{"href":"https:\/\/azuaalinstante.com\/index.php\/wp-json\/wp\/v2\/posts\/5441","targetHints":{"allow":["GET"]}}],"collection":[{"href":"https:\/\/azuaalinstante.com\/index.php\/wp-json\/wp\/v2\/posts"}],"about":[{"href":"https:\/\/azuaalinstante.com\/index.php\/wp-json\/wp\/v2\/types\/post"}],"author":[{"embeddable":true,"href":"https:\/\/azuaalinstante.com\/index.php\/wp-json\/wp\/v2\/users\/2"}],"replies":[{"embeddable":true,"href":"https:\/\/azuaalinstante.com\/index.php\/wp-json\/wp\/v2\/comments?post=5441"}],"version-history":[{"count":1,"href":"https:\/\/azuaalinstante.com\/index.php\/wp-json\/wp\/v2\/posts\/5441\/revisions"}],"predecessor-version":[{"id":5443,"href":"https:\/\/azuaalinstante.com\/index.php\/wp-json\/wp\/v2\/posts\/5441\/revisions\/5443"}],"wp:featuredmedia":[{"embeddable":true,"href":"https:\/\/azuaalinstante.com\/index.php\/wp-json\/wp\/v2\/media\/5442"}],"wp:attachment":[{"href":"https:\/\/azuaalinstante.com\/index.php\/wp-json\/wp\/v2\/media?parent=5441"}],"wp:term":[{"taxonomy":"category","embeddable":true,"href":"https:\/\/azuaalinstante.com\/index.php\/wp-json\/wp\/v2\/categories?post=5441"},{"taxonomy":"post_tag","embeddable":true,"href":"https:\/\/azuaalinstante.com\/index.php\/wp-json\/wp\/v2\/tags?post=5441"}],"curies":[{"name":"wp","href":"https:\/\/api.w.org\/{rel}","templated":true}]}}