{"id":5623,"date":"2026-03-27T13:56:44","date_gmt":"2026-03-27T13:56:44","guid":{"rendered":"https:\/\/azuaalinstante.com\/?p=5623"},"modified":"2026-03-27T13:59:41","modified_gmt":"2026-03-27T13:59:41","slug":"minerd-anuncia-pausa-por-semana-santa-y-fija-retorno-para-el-lunes-6-de-abril","status":"publish","type":"post","link":"https:\/\/azuaalinstante.com\/index.php\/2026\/03\/27\/minerd-anuncia-pausa-por-semana-santa-y-fija-retorno-para-el-lunes-6-de-abril\/","title":{"rendered":"Minerd anuncia pausa por Semana Santa y fija retorno para el lunes 6 de abril"},"content":{"rendered":"\n<h2 class=\"wp-block-heading\">El Minerd llam\u00f3 a la poblaci\u00f3n a actuar con prudencia durante estos d\u00edas y a seguir las recomendaciones de los organismos de emergencia.<\/h2>\n\n\n\n<ul class=\"wp-block-list\">\n<li><\/li>\n<\/ul>\n\n\n\n<figure class=\"wp-block-image\"><img decoding=\"async\" src=\"https:\/\/listindiario.com\/files\/vertical_main_image\/uploads\/2025\/12\/18\/69449d287b177.jpeg\" alt=\"Un proyecto de ley sometido por el Ejecutivo al Congreso plantea fusionar dos ministerios del sector educativo\"\/><figcaption class=\"wp-element-caption\">Un proyecto de ley sometido por el Ejecutivo al Congreso plantea fusionar dos ministerios del sector educativo.<\/figcaption><\/figure>\n\n\n\n<p id=\"m89676-89675-89677\">El&nbsp;<strong>Ministerio de Educaci\u00f3n de la Rep\u00fablica Dominicana<\/strong>&nbsp;(Minerd) inform\u00f3 el cese de la docencia durante toda la semana pr\u00f3xima, desde el lunes 30 de marzo hasta el domingo 5 de abril, en todos los centros educativos del pa\u00eds por motivo de la Semana Santa.<\/p>\n","protected":false},"excerpt":{"rendered":"<p>El Minerd llam\u00f3 a la poblaci\u00f3n a actuar con prudencia durante estos d\u00edas y a seguir las recomendaciones de los organismos de emergencia. El&nbsp;Ministerio de Educaci\u00f3n de la Rep\u00fablica Dominicana&nbsp;(Minerd) inform\u00f3 el cese de la docencia durante toda la semana pr\u00f3xima, desde el lunes 30 de marzo hasta el domingo 5 de abril, en todos [&hellip;]<\/p>\n","protected":false},"author":2,"featured_media":5624,"comment_status":"open","ping_status":"open","sticky":false,"template":"","format":"standard","meta":{"_monsterinsights_skip_tracking":false,"_monsterinsights_sitenote_active":false,"_monsterinsights_sitenote_note":"","_monsterinsights_sitenote_category":0,"footnotes":""},"categories":[5],"tags":[],"class_list":["post-5623","post","type-post","status-publish","format-standard","has-post-thumbnail","hentry","category-republica"],"aioseo_notices":[],"_links":{"self":[{"href":"https:\/\/azuaalinstante.com\/index.php\/wp-json\/wp\/v2\/posts\/5623","targetHints":{"allow":["GET"]}}],"collection":[{"href":"https:\/\/azuaalinstante.com\/index.php\/wp-json\/wp\/v2\/posts"}],"about":[{"href":"https:\/\/azuaalinstante.com\/index.php\/wp-json\/wp\/v2\/types\/post"}],"author":[{"embeddable":true,"href":"https:\/\/azuaalinstante.com\/index.php\/wp-json\/wp\/v2\/users\/2"}],"replies":[{"embeddable":true,"href":"https:\/\/azuaalinstante.com\/index.php\/wp-json\/wp\/v2\/comments?post=5623"}],"version-history":[{"count":1,"href":"https:\/\/azuaalinstante.com\/index.php\/wp-json\/wp\/v2\/posts\/5623\/revisions"}],"predecessor-version":[{"id":5625,"href":"https:\/\/azuaalinstante.com\/index.php\/wp-json\/wp\/v2\/posts\/5623\/revisions\/5625"}],"wp:featuredmedia":[{"embeddable":true,"href":"https:\/\/azuaalinstante.com\/index.php\/wp-json\/wp\/v2\/media\/5624"}],"wp:attachment":[{"href":"https:\/\/azuaalinstante.com\/index.php\/wp-json\/wp\/v2\/media?parent=5623"}],"wp:term":[{"taxonomy":"category","embeddable":true,"href":"https:\/\/azuaalinstante.com\/index.php\/wp-json\/wp\/v2\/categories?post=5623"},{"taxonomy":"post_tag","embeddable":true,"href":"https:\/\/azuaalinstante.com\/index.php\/wp-json\/wp\/v2\/tags?post=5623"}],"curies":[{"name":"wp","href":"https:\/\/api.w.org\/{rel}","templated":true}]}}