{"id":5803,"date":"2026-03-28T15:20:54","date_gmt":"2026-03-28T15:20:54","guid":{"rendered":"https:\/\/azuaalinstante.com\/?p=5803"},"modified":"2026-03-28T15:20:55","modified_gmt":"2026-03-28T15:20:55","slug":"avanza-terminacion-de-nuevo-liceo-para-reubicar-a-517-estudiantes-de-los-alcarrizos","status":"publish","type":"post","link":"https:\/\/azuaalinstante.com\/index.php\/2026\/03\/28\/avanza-terminacion-de-nuevo-liceo-para-reubicar-a-517-estudiantes-de-los-alcarrizos\/","title":{"rendered":"Avanza terminaci\u00f3n de nuevo liceo para reubicar a 517 estudiantes de Los Alcarrizos"},"content":{"rendered":"\n<h2 class=\"wp-block-heading\">Roberto Herrera visit\u00f3 tambi\u00e9n el centro educativo Ana Ilda P\u00e9rez Rivas acompa\u00f1ado de autoridades educativas donde inform\u00f3 que antes de agosto el nuevo plantel estar\u00e1 listo.<\/h2>\n\n\n\n<ul class=\"wp-block-list\">\n<li><\/li>\n<\/ul>\n\n\n\n<figure class=\"wp-block-image\"><img decoding=\"async\" src=\"https:\/\/listindiario.com\/files\/vertical_main_image\/uploads\/2026\/03\/28\/69c7dec852dc0.jpeg\" alt=\"Liceo Obras P\u00fablicas INVI, donde ser\u00e1n reubicados en mayo 517 estudiantes del liceo Prof. Ana Ilda P\u00e9rez Rivas de Los Alcarrizos.\"\/><figcaption class=\"wp-element-caption\">Liceo Obras P\u00fablicas INVI, donde ser\u00e1n reubicados en mayo 517 estudiantes del liceo Prof. Ana Ilda P\u00e9rez Rivas de Los Alcarrizos. Fuente Externa<\/figcaption><\/figure>\n\n\n\n<p id=\"m45636-45635-45637\">El director de\u00a0<strong>Infraestructura Escolar<\/strong>, ingeniero\u00a0<strong>Roberto Herrera<\/strong>, visit\u00f3 el viernes la construcci\u00f3n del Liceo Obras P\u00fablicas INVI, donde instruy\u00f3 intensificar los trabajos de terminaci\u00f3n del nuevo plantel de 24 aulas dentro del Plan 24\/7-365, para reubicar a 517 estudiantes de\u00a0<strong>Los Alcarrizos<\/strong>, edificaci\u00f3n rentada desde el 2017 que presenta\u00a0<strong>deterioro progresivo<\/strong>.<\/p>\n","protected":false},"excerpt":{"rendered":"<p>Roberto Herrera visit\u00f3 tambi\u00e9n el centro educativo Ana Ilda P\u00e9rez Rivas acompa\u00f1ado de autoridades educativas donde inform\u00f3 que antes de agosto el nuevo plantel estar\u00e1 listo. El director de\u00a0Infraestructura Escolar, ingeniero\u00a0Roberto Herrera, visit\u00f3 el viernes la construcci\u00f3n del Liceo Obras P\u00fablicas INVI, donde instruy\u00f3 intensificar los trabajos de terminaci\u00f3n del nuevo plantel de 24 aulas [&hellip;]<\/p>\n","protected":false},"author":2,"featured_media":5804,"comment_status":"open","ping_status":"open","sticky":false,"template":"","format":"standard","meta":{"_monsterinsights_skip_tracking":false,"_monsterinsights_sitenote_active":false,"_monsterinsights_sitenote_note":"","_monsterinsights_sitenote_category":0,"footnotes":""},"categories":[5],"tags":[],"class_list":["post-5803","post","type-post","status-publish","format-standard","has-post-thumbnail","hentry","category-republica"],"aioseo_notices":[],"_links":{"self":[{"href":"https:\/\/azuaalinstante.com\/index.php\/wp-json\/wp\/v2\/posts\/5803","targetHints":{"allow":["GET"]}}],"collection":[{"href":"https:\/\/azuaalinstante.com\/index.php\/wp-json\/wp\/v2\/posts"}],"about":[{"href":"https:\/\/azuaalinstante.com\/index.php\/wp-json\/wp\/v2\/types\/post"}],"author":[{"embeddable":true,"href":"https:\/\/azuaalinstante.com\/index.php\/wp-json\/wp\/v2\/users\/2"}],"replies":[{"embeddable":true,"href":"https:\/\/azuaalinstante.com\/index.php\/wp-json\/wp\/v2\/comments?post=5803"}],"version-history":[{"count":1,"href":"https:\/\/azuaalinstante.com\/index.php\/wp-json\/wp\/v2\/posts\/5803\/revisions"}],"predecessor-version":[{"id":5805,"href":"https:\/\/azuaalinstante.com\/index.php\/wp-json\/wp\/v2\/posts\/5803\/revisions\/5805"}],"wp:featuredmedia":[{"embeddable":true,"href":"https:\/\/azuaalinstante.com\/index.php\/wp-json\/wp\/v2\/media\/5804"}],"wp:attachment":[{"href":"https:\/\/azuaalinstante.com\/index.php\/wp-json\/wp\/v2\/media?parent=5803"}],"wp:term":[{"taxonomy":"category","embeddable":true,"href":"https:\/\/azuaalinstante.com\/index.php\/wp-json\/wp\/v2\/categories?post=5803"},{"taxonomy":"post_tag","embeddable":true,"href":"https:\/\/azuaalinstante.com\/index.php\/wp-json\/wp\/v2\/tags?post=5803"}],"curies":[{"name":"wp","href":"https:\/\/api.w.org\/{rel}","templated":true}]}}