{"id":6090,"date":"2026-03-31T13:26:43","date_gmt":"2026-03-31T13:26:43","guid":{"rendered":"https:\/\/azuaalinstante.com\/?p=6090"},"modified":"2026-03-31T13:26:44","modified_gmt":"2026-03-31T13:26:44","slug":"padre-de-roldany-calderon-en-rd-el-caso-no-va-a-llegar-a-una-conclusion-el-ministerio-publico-esta-ocultandonos-la-verdad","status":"publish","type":"post","link":"https:\/\/azuaalinstante.com\/index.php\/2026\/03\/31\/padre-de-roldany-calderon-en-rd-el-caso-no-va-a-llegar-a-una-conclusion-el-ministerio-publico-esta-ocultandonos-la-verdad\/","title":{"rendered":"Padre de Roldany Calder\u00f3n: \u201cEn RD el caso no va a llegar a una conclusi\u00f3n&#8230; el Ministerio P\u00fablico est\u00e1 ocult\u00e1ndonos la verdad\u201d"},"content":{"rendered":"\n<h2 class=\"wp-block-heading\">Los familiares del peque\u00f1o anunciaron que ya no tienen inter\u00e9s en reunirse con el Ministerio P\u00fablico, puesto que ahora est\u00e1n tramitando las diligencias legales con Estados Unidos.<\/h2>\n\n\n\n<ul class=\"wp-block-list\">\n<li><\/li>\n<\/ul>\n\n\n\n<figure class=\"wp-block-image\"><img decoding=\"async\" src=\"https:\/\/listindiario.com\/files\/vertical_main_image\/uploads\/2026\/03\/30\/69cab772cd039.png\" alt=\"Los padres del ni\u00f1o Roldany Calder\u00f3n, junto a su abogado Ram\u00f3n Cabral, ofrecieron la ma\u00f1ana de este lunes una rueda de prensa en las afueras del Distrito de Jarabacoa, donde reclamaron a las autoridades respuestas concretas sobre la desaparici\u00f3n del menor, caso que ya cumple hoy, un a\u00f1o sin esclarecimiento.\"\/><figcaption class=\"wp-element-caption\">Los padres del ni\u00f1o Roldany Calder\u00f3n, junto a su abogado Ram\u00f3n Cabral, ofrecieron la ma\u00f1ana de este lunes una rueda de prensa en las afueras del Distrito de Jarabacoa. Fuente externa<\/figcaption><\/figure>\n\n\n\n<p> erick dur\u00e1nSanto Domingo, Jarabacoa, RD<\/p>\n\n\n\n<p id=\"m32260-32259-32261\">Los padres del menor&nbsp;<strong>Roldany Calder\u00f3n&nbsp;<\/strong>se presentaron este lunes en las afueras del&nbsp;<strong>Poder Judicial de Jarabacoa<\/strong>&nbsp;para ofrecer una rueda de prensa tras cumplirse un a\u00f1o de la desaparici\u00f3n de su hijo en la comunidad Los Tablones, del distrito municipal de Manabao, Jarabacoa.<\/p>\n","protected":false},"excerpt":{"rendered":"<p>Los familiares del peque\u00f1o anunciaron que ya no tienen inter\u00e9s en reunirse con el Ministerio P\u00fablico, puesto que ahora est\u00e1n tramitando las diligencias legales con Estados Unidos. erick dur\u00e1nSanto Domingo, Jarabacoa, RD Los padres del menor&nbsp;Roldany Calder\u00f3n&nbsp;se presentaron este lunes en las afueras del&nbsp;Poder Judicial de Jarabacoa&nbsp;para ofrecer una rueda de prensa tras cumplirse un [&hellip;]<\/p>\n","protected":false},"author":2,"featured_media":6091,"comment_status":"open","ping_status":"open","sticky":false,"template":"","format":"standard","meta":{"_monsterinsights_skip_tracking":false,"_monsterinsights_sitenote_active":false,"_monsterinsights_sitenote_note":"","_monsterinsights_sitenote_category":0,"footnotes":""},"categories":[1],"tags":[],"class_list":["post-6090","post","type-post","status-publish","format-standard","has-post-thumbnail","hentry","category-uncategorized"],"aioseo_notices":[],"_links":{"self":[{"href":"https:\/\/azuaalinstante.com\/index.php\/wp-json\/wp\/v2\/posts\/6090","targetHints":{"allow":["GET"]}}],"collection":[{"href":"https:\/\/azuaalinstante.com\/index.php\/wp-json\/wp\/v2\/posts"}],"about":[{"href":"https:\/\/azuaalinstante.com\/index.php\/wp-json\/wp\/v2\/types\/post"}],"author":[{"embeddable":true,"href":"https:\/\/azuaalinstante.com\/index.php\/wp-json\/wp\/v2\/users\/2"}],"replies":[{"embeddable":true,"href":"https:\/\/azuaalinstante.com\/index.php\/wp-json\/wp\/v2\/comments?post=6090"}],"version-history":[{"count":1,"href":"https:\/\/azuaalinstante.com\/index.php\/wp-json\/wp\/v2\/posts\/6090\/revisions"}],"predecessor-version":[{"id":6092,"href":"https:\/\/azuaalinstante.com\/index.php\/wp-json\/wp\/v2\/posts\/6090\/revisions\/6092"}],"wp:featuredmedia":[{"embeddable":true,"href":"https:\/\/azuaalinstante.com\/index.php\/wp-json\/wp\/v2\/media\/6091"}],"wp:attachment":[{"href":"https:\/\/azuaalinstante.com\/index.php\/wp-json\/wp\/v2\/media?parent=6090"}],"wp:term":[{"taxonomy":"category","embeddable":true,"href":"https:\/\/azuaalinstante.com\/index.php\/wp-json\/wp\/v2\/categories?post=6090"},{"taxonomy":"post_tag","embeddable":true,"href":"https:\/\/azuaalinstante.com\/index.php\/wp-json\/wp\/v2\/tags?post=6090"}],"curies":[{"name":"wp","href":"https:\/\/api.w.org\/{rel}","templated":true}]}}