{"id":6096,"date":"2026-03-31T13:30:50","date_gmt":"2026-03-31T13:30:50","guid":{"rendered":"https:\/\/azuaalinstante.com\/?p=6096"},"modified":"2026-03-31T13:30:50","modified_gmt":"2026-03-31T13:30:50","slug":"el-foro-contra-el-crimen-y-la-violencia-reunira-a-reconocidos-expertos","status":"publish","type":"post","link":"https:\/\/azuaalinstante.com\/index.php\/2026\/03\/31\/el-foro-contra-el-crimen-y-la-violencia-reunira-a-reconocidos-expertos\/","title":{"rendered":"El Foro Contra el Crimen y la Violencia reunir\u00e1 a reconocidos expertos"},"content":{"rendered":"\n<h2 class=\"wp-block-heading\">Dentro de los expositores se encuentra el dem\u00f3grafo doctor Frank C\u00e1ceres, quien abrir\u00e1 el debate con la conferencia \u201cLa seguridad ciudadana en Rep\u00fablica Dominicana\u201d, aportando una lectura basada en datos y tendencias que permiten comprender la evoluci\u00f3n del fen\u00f3meno.<\/h2>\n\n\n\n<ul class=\"wp-block-list\">\n<li><\/li>\n<\/ul>\n\n\n\n<figure class=\"wp-block-image\"><img decoding=\"async\" src=\"https:\/\/listindiario.com\/files\/vertical_main_image\/uploads\/2026\/03\/30\/69cb1f2daca5f.jpeg\" alt=\"El foro es un espacio de discusi\u00f3n sobre la problem\u00e1tica.\"\/><figcaption class=\"wp-element-caption\">El foro es un espacio de discusi\u00f3n sobre la problem\u00e1tica. Archivo<\/figcaption><\/figure>\n\n\n\n<p>Santo Domingo, RD<\/p>\n\n\n\n<p id=\"m10818-10817-10819\"><strong>Al menos 10 panelistas<\/strong>&nbsp;han sido confirmados hasta el momento para participar como expositores en el&nbsp;<strong>Foro Contra el Crimen y la Violencia&nbsp;<\/strong>que se&nbsp;<strong>realizar\u00e1 este 14 de abril&nbsp;<\/strong>con el auspicio de<strong>&nbsp;List\u00edn Diario y la<\/strong>&nbsp;<strong>Universidad Aut\u00f3noma de Santo Domingo (UASD).<\/strong><\/p>\n","protected":false},"excerpt":{"rendered":"<p>Dentro de los expositores se encuentra el dem\u00f3grafo doctor Frank C\u00e1ceres, quien abrir\u00e1 el debate con la conferencia \u201cLa seguridad ciudadana en Rep\u00fablica Dominicana\u201d, aportando una lectura basada en datos y tendencias que permiten comprender la evoluci\u00f3n del fen\u00f3meno. Santo Domingo, RD Al menos 10 panelistas&nbsp;han sido confirmados hasta el momento para participar como expositores [&hellip;]<\/p>\n","protected":false},"author":2,"featured_media":6097,"comment_status":"open","ping_status":"open","sticky":false,"template":"","format":"standard","meta":{"_monsterinsights_skip_tracking":false,"_monsterinsights_sitenote_active":false,"_monsterinsights_sitenote_note":"","_monsterinsights_sitenote_category":0,"footnotes":""},"categories":[5],"tags":[],"class_list":["post-6096","post","type-post","status-publish","format-standard","has-post-thumbnail","hentry","category-republica"],"aioseo_notices":[],"_links":{"self":[{"href":"https:\/\/azuaalinstante.com\/index.php\/wp-json\/wp\/v2\/posts\/6096","targetHints":{"allow":["GET"]}}],"collection":[{"href":"https:\/\/azuaalinstante.com\/index.php\/wp-json\/wp\/v2\/posts"}],"about":[{"href":"https:\/\/azuaalinstante.com\/index.php\/wp-json\/wp\/v2\/types\/post"}],"author":[{"embeddable":true,"href":"https:\/\/azuaalinstante.com\/index.php\/wp-json\/wp\/v2\/users\/2"}],"replies":[{"embeddable":true,"href":"https:\/\/azuaalinstante.com\/index.php\/wp-json\/wp\/v2\/comments?post=6096"}],"version-history":[{"count":1,"href":"https:\/\/azuaalinstante.com\/index.php\/wp-json\/wp\/v2\/posts\/6096\/revisions"}],"predecessor-version":[{"id":6098,"href":"https:\/\/azuaalinstante.com\/index.php\/wp-json\/wp\/v2\/posts\/6096\/revisions\/6098"}],"wp:featuredmedia":[{"embeddable":true,"href":"https:\/\/azuaalinstante.com\/index.php\/wp-json\/wp\/v2\/media\/6097"}],"wp:attachment":[{"href":"https:\/\/azuaalinstante.com\/index.php\/wp-json\/wp\/v2\/media?parent=6096"}],"wp:term":[{"taxonomy":"category","embeddable":true,"href":"https:\/\/azuaalinstante.com\/index.php\/wp-json\/wp\/v2\/categories?post=6096"},{"taxonomy":"post_tag","embeddable":true,"href":"https:\/\/azuaalinstante.com\/index.php\/wp-json\/wp\/v2\/tags?post=6096"}],"curies":[{"name":"wp","href":"https:\/\/api.w.org\/{rel}","templated":true}]}}