{"id":6099,"date":"2026-03-31T13:36:11","date_gmt":"2026-03-31T13:36:11","guid":{"rendered":"https:\/\/azuaalinstante.com\/?p=6099"},"modified":"2026-03-31T13:36:11","modified_gmt":"2026-03-31T13:36:11","slug":"ministro-de-justicia-supervisa-carcel-de-salcedo-y-destaca-avances-en-reinsercion-y-dignidad-penitenciaria","status":"publish","type":"post","link":"https:\/\/azuaalinstante.com\/index.php\/2026\/03\/31\/ministro-de-justicia-supervisa-carcel-de-salcedo-y-destaca-avances-en-reinsercion-y-dignidad-penitenciaria\/","title":{"rendered":"Ministro de Justicia supervisa c\u00e1rcel de Salcedo y destaca avances en reinserci\u00f3n y dignidad penitenciaria"},"content":{"rendered":"\n<p>Salcedo, Hermanas Mirabal. RD.\u2013 El ministro de Justicia, Antoliano Peralta Romero, encabez\u00f3 una jornada de supervisi\u00f3n en el centro de privaci\u00f3n de libertad ubicado en la Fortaleza Juana N\u00fa\u00f1ez, en este municipio, con el objetivo de evaluar las condiciones del recinto y los avances en su proceso de expansi\u00f3n.<\/p>\n\n\n\n<p>La visita incluy\u00f3 la revisi\u00f3n de la construcci\u00f3n de un nuevo edificio adyacente, una obra orientada a optimizar la capacidad del centro y garantizar un entorno m\u00e1s adecuado para la rehabilitaci\u00f3n y reinserci\u00f3n social de las personas privadas de libertad.<\/p>\n\n\n\n<p>Durante el recorrido, el funcionario verific\u00f3 la calidad de la alimentaci\u00f3n, el estado de los pabellones, as\u00ed como las condiciones sanitarias y de seguridad. Esta inspecci\u00f3n forma parte de la agenda institucional del Ministerio de Justicia, enfocada en fortalecer el sistema penitenciario dominicano.<\/p>\n\n\n\n<p>La actividad cont\u00f3 con la presencia de autoridades penitenciarias y provinciales, as\u00ed como del destacado m\u00e9dico Jos\u00e9 An\u00edbal Garc\u00eda; el coordinador de la Oficina T\u00e9cnica Provincial, Luciano Bertorro; y el exvicepresidente de la Rep\u00fablica, Jaime David Fern\u00e1ndez Mirabal.<\/p>\n\n\n\n<p>El centro penitenciario de Salcedo se ha consolidado como un referente nacional por sus innovadores programas de capacitaci\u00f3n. Los privados de libertad participan en talleres de herrer\u00eda, panader\u00eda y reparaci\u00f3n de mobiliario escolar, adem\u00e1s de la fabricaci\u00f3n de ata\u00fades, adquiriendo habilidades productivas que facilitan su reintegraci\u00f3n social.<\/p>\n\n\n\n<p>En ese sentido, el ministro Peralta resalt\u00f3 que los propios internos contribuyen al mejoramiento de la infraestructura del centro, lo que evidencia el impacto positivo de la formaci\u00f3n t\u00e9cnica.<\/p>\n\n\n\n<p>De su lado, el doctor Fern\u00e1ndez Mirabal destac\u00f3 que este modelo tambi\u00e9n promueve el desarrollo acad\u00e9mico, gracias a convenios con instituciones como la Universidad Abierta para Adultos (UAPA), que han permitido a varios internos obtener t\u00edtulos universitarios mientras cumplen sus condenas.<\/p>\n\n\n\n<p>La jornada concluy\u00f3 con un recorrido por la panader\u00eda del recinto, s\u00edmbolo del enfoque integral que impulsa la actual gesti\u00f3n, basado en la formaci\u00f3n, el trabajo y la dignidad.<\/p>\n\n\n\n<p>Con esta visita, el ministro Antoliano Peralta Romero reafirma el compromiso del Gobierno dominicano de transformar el sistema penitenciario en un modelo centrado en la educaci\u00f3n, la rehabilitaci\u00f3n y el respeto a la dignidad humana.<\/p>\n","protected":false},"excerpt":{"rendered":"<p>Salcedo, Hermanas Mirabal. RD.\u2013 El ministro de Justicia, Antoliano Peralta Romero, encabez\u00f3 una jornada de supervisi\u00f3n en el centro de privaci\u00f3n de libertad ubicado en la Fortaleza Juana N\u00fa\u00f1ez, en este municipio, con el objetivo de evaluar las condiciones del recinto y los avances en su proceso de expansi\u00f3n. La visita incluy\u00f3 la revisi\u00f3n de [&hellip;]<\/p>\n","protected":false},"author":2,"featured_media":6100,"comment_status":"open","ping_status":"open","sticky":false,"template":"","format":"standard","meta":{"_monsterinsights_skip_tracking":false,"_monsterinsights_sitenote_active":false,"_monsterinsights_sitenote_note":"","_monsterinsights_sitenote_category":0,"footnotes":""},"categories":[5],"tags":[],"class_list":["post-6099","post","type-post","status-publish","format-standard","has-post-thumbnail","hentry","category-republica"],"aioseo_notices":[],"_links":{"self":[{"href":"https:\/\/azuaalinstante.com\/index.php\/wp-json\/wp\/v2\/posts\/6099","targetHints":{"allow":["GET"]}}],"collection":[{"href":"https:\/\/azuaalinstante.com\/index.php\/wp-json\/wp\/v2\/posts"}],"about":[{"href":"https:\/\/azuaalinstante.com\/index.php\/wp-json\/wp\/v2\/types\/post"}],"author":[{"embeddable":true,"href":"https:\/\/azuaalinstante.com\/index.php\/wp-json\/wp\/v2\/users\/2"}],"replies":[{"embeddable":true,"href":"https:\/\/azuaalinstante.com\/index.php\/wp-json\/wp\/v2\/comments?post=6099"}],"version-history":[{"count":1,"href":"https:\/\/azuaalinstante.com\/index.php\/wp-json\/wp\/v2\/posts\/6099\/revisions"}],"predecessor-version":[{"id":6101,"href":"https:\/\/azuaalinstante.com\/index.php\/wp-json\/wp\/v2\/posts\/6099\/revisions\/6101"}],"wp:featuredmedia":[{"embeddable":true,"href":"https:\/\/azuaalinstante.com\/index.php\/wp-json\/wp\/v2\/media\/6100"}],"wp:attachment":[{"href":"https:\/\/azuaalinstante.com\/index.php\/wp-json\/wp\/v2\/media?parent=6099"}],"wp:term":[{"taxonomy":"category","embeddable":true,"href":"https:\/\/azuaalinstante.com\/index.php\/wp-json\/wp\/v2\/categories?post=6099"},{"taxonomy":"post_tag","embeddable":true,"href":"https:\/\/azuaalinstante.com\/index.php\/wp-json\/wp\/v2\/tags?post=6099"}],"curies":[{"name":"wp","href":"https:\/\/api.w.org\/{rel}","templated":true}]}}