{"id":6102,"date":"2026-03-31T16:42:03","date_gmt":"2026-03-31T16:42:03","guid":{"rendered":"https:\/\/azuaalinstante.com\/?p=6102"},"modified":"2026-03-31T16:42:04","modified_gmt":"2026-03-31T16:42:04","slug":"presidente-abinader-encabeza-lanzamiento-del-operativo-proteger-y-servir-semana-santa-2026","status":"publish","type":"post","link":"https:\/\/azuaalinstante.com\/index.php\/2026\/03\/31\/presidente-abinader-encabeza-lanzamiento-del-operativo-proteger-y-servir-semana-santa-2026\/","title":{"rendered":"Presidente Abinader encabeza lanzamiento del operativo \u201cProteger y Servir Semana Santa 2026\u201d"},"content":{"rendered":"\n<p><em>El operativo contempla el despliegue de 25,000 agentes policiales y 10,000 miembros de las Fuerzas Armadas, lo que representa un refuerzo significativo de la presencia en playas, r\u00edos, balnearios, carreteras, autopistas y centros tur\u00edsticos, desde el martes 31 de marzo hasta el domingo 5 de abril.<\/em><\/p>\n\n\n\n<p><em>Santo Domingo.-<\/em> El presidente Luis Abinader, encabez\u00f3 este martes el acto de lanzamiento del operativo \u201cProteger y Servir Semana Santa 2026\u201d, una iniciativa de la Polic\u00eda Nacional orientada a fortalecer la seguridad y la prevenci\u00f3n en todo el territorio nacional durante el asueto de la Semana Mayor.<\/p>\n\n\n\n<p>La instituci\u00f3n pondr\u00e1 en marcha este dispositivo con un incremento del patrullaje preventivo, labores de inteligencia y un despliegue estrat\u00e9gico ante la alta movilizaci\u00f3n de ciudadanos.<\/p>\n\n\n\n<p>El operativo contempla el despliegue de 25,000 agentes policiales y 10,000 miembros de las Fuerzas Armadas, lo que representa un refuerzo significativo de la presencia en playas, r\u00edos, balnearios, carreteras, autopistas y centros tur\u00edsticos, desde el martes 31 de marzo hasta el domingo 5 de abril.<\/p>\n\n\n\n<p>El presidente Luis Abinader destac\u00f3 la importancia del trabajo conjunto entre las autoridades y la ciudadan\u00eda para preservar vidas y proteger bienes durante el asueto de la Semana Santa.<\/p>\n\n\n\n<p>El mandatario explic\u00f3 que esta comisi\u00f3n conjunta tiene como objetivo principal proteger la vida de los dominicanos que se desplazar\u00e1n a distintos puntos del pa\u00eds durante el per\u00edodo de vacaciones, como es tradici\u00f3n en la Semana Mayor.<\/p>\n\n\n\n<p>En ese sentido, expres\u00f3 que espera la colaboraci\u00f3n tanto de la Polic\u00eda Nacional como de toda la poblaci\u00f3n, a fin de que las familias puedan disfrutar con tranquilidad, junto a amigos y familiares, durante este per\u00edodo.<\/p>\n\n\n\n<p>La ministra de Interior y Polic\u00eda, Faride Raful, explic\u00f3 que el operativo fue dise\u00f1ado tomando en cuenta la experiencia de a\u00f1os anteriores, identificando los puntos y horarios de mayor riesgo, y destac\u00f3 que todas las instituciones de seguridad y socorro trabajan de manera articulada en una fuerza de tarea conjunta que cubrir\u00e1 carreteras, balnearios y comunidades en todo el pa\u00eds.<\/p>\n\n\n\n<p>La ministra tambi\u00e9n inform\u00f3 que dentro de las prioridades del operativo se incluye la atenci\u00f3n a la violencia intrafamiliar, a trav\u00e9s de la Direcci\u00f3n Especializada de Atenci\u00f3n a la Mujer y Violencia Intrafamiliar de la Polic\u00eda Nacional, debido a que durante los d\u00edas festivos suelen aumentar estos casos.<\/p>\n\n\n\n<p>Asimismo, hizo un llamado a la ciudadan\u00eda a actuar con prudencia y responsabilidad, se\u00f1alando que la seguridad durante la Semana Santa es una responsabilidad compartida entre autoridades y poblaci\u00f3n.<\/p>\n\n\n\n<p><em>Esfuerzo articulado del Estado dominicano orientado a preservar vidas<\/em><\/p>\n\n\n\n<p>El director de la Polic\u00eda Nacional, Andr\u00e9s Modesto Cruz Cruz, afirm\u00f3 que el operativo \u201cProteger y Servir Semana Santa 2026\u201d constituye un esfuerzo articulado del Estado dominicano orientado a preservar vidas, mantener el orden p\u00fablico y garantizar la seguridad en todo el territorio nacional durante el asueto.<\/p>\n\n\n\n<p>Durante su intervenci\u00f3n, el alto oficial resalt\u00f3 que la instituci\u00f3n del orden ha registrado avances significativos en su proceso de reforma, modernizaci\u00f3n y transformaci\u00f3n, destacando la formaci\u00f3n de nuevos agentes capacitados en derechos humanos, uso proporcional de la fuerza, inteligencia emocional y trato digno a la ciudadan\u00eda.<\/p>\n\n\n\n<p>Asimismo, destac\u00f3 que la Polic\u00eda Nacional cuenta hoy con un cuerpo m\u00e1s preparado, cercano a la gente y comprometido con valores \u00e9ticos, disciplina e integridad, enfocado en ofrecer un servicio eficiente y humano.<\/p>\n\n\n\n<p>Cruz Cruz enfatiz\u00f3 que los agentes, junto a las Fuerzas Armadas, estar\u00e1n desplegados a nivel nacional con la misi\u00f3n de servir, proteger y acompa\u00f1ar a la poblaci\u00f3n durante una de las fechas m\u00e1s importantes del a\u00f1o, garantizando la tranquilidad tanto de ciudadanos como de turistas.<\/p>\n\n\n\n<p>Miles de agentes policiales, con el respaldo de las Fuerzas Armadas, ser\u00e1n desplegados en puntos estrat\u00e9gicos del pa\u00eds para prevenir hechos delictivos, garantizar el orden p\u00fablico y ofrecer asistencia a la ciudadan\u00eda.<\/p>\n\n\n\n<p><em>Instituciones involucradas<\/em><\/p>\n\n\n\n<p>El dispositivo ser\u00e1 ejecutado en coordinaci\u00f3n con el Centro de Operaciones de Emergencias y otras instituciones del Estado, incluyendo los ministerios de Defensa, Interior y Polic\u00eda, Salud P\u00fablica y Obras P\u00fablicas, as\u00ed como la Procuradur\u00eda General de la Rep\u00fablica, la Defensa Civil, la Cruz Roja Dominicana, el Cuerpo de Bomberos y el Plan de Asistencia Social de la Presidencia.<\/p>\n\n\n\n<p>La Polic\u00eda Nacional integrar\u00e1 adem\u00e1s distintas dependencias operativas y administrativas, como la Direcci\u00f3n Central de Investigaci\u00f3n (DICRIM), POLITUR, Asuntos Internos, Sanidad Policial y la Direcci\u00f3n de Comunicaciones Estrat\u00e9gicas.<\/p>\n\n\n\n<p>Este plan tambi\u00e9n contempla la protecci\u00f3n de propiedades p\u00fablicas y privadas, as\u00ed como la respuesta oportuna ante emergencias, con el prop\u00f3sito de preservar la tranquilidad, la convivencia pac\u00edfica y la seguridad integral de la poblaci\u00f3n durante la Semana Santa 2026.<\/p>\n\n\n\n<p>Estuvieron presentes, el ministro de Defensa, Carlos Antonio Fern\u00e1ndez Onofre; la Procuradora General de la Rep\u00fablica, Yeni Berenice; el director general de Migraci\u00f3n, Luis Rafael Lee Ballester; el subdirector general de la Polic\u00eda Nacional, Esteban Figueroa Garc\u00eda; el presidente de la Direcci\u00f3n Nacional de Control de Drogas, vicealmirante Jos\u00e9 Manuel Cabrera Ulloa; los viceministros, de Defensa para Asuntos Militares, mayor general Miguel \u00c1ngel Rubio B\u00e1ez; para Asuntos Navales y Costeros, vicealmirante Agust\u00edn Alberto Morillo Rodr\u00edguez; para Asuntos A\u00e9reos y Espaciales, mayor general t\u00e9cnico de aviaci\u00f3n Carlos Ram\u00f3n Febrillet Rodr\u00edguez.<\/p>\n\n\n\n<p><em>Direcci\u00f3n de Prensa del Presidente<\/em><\/p>\n","protected":false},"excerpt":{"rendered":"<p>El operativo contempla el despliegue de 25,000 agentes policiales y 10,000 miembros de las Fuerzas Armadas, lo que representa un refuerzo significativo de la presencia en playas, r\u00edos, balnearios, carreteras, autopistas y centros tur\u00edsticos, desde el martes 31 de marzo hasta el domingo 5 de abril. Santo Domingo.- El presidente Luis Abinader, encabez\u00f3 este martes [&hellip;]<\/p>\n","protected":false},"author":2,"featured_media":6103,"comment_status":"open","ping_status":"open","sticky":false,"template":"","format":"standard","meta":{"_monsterinsights_skip_tracking":false,"_monsterinsights_sitenote_active":false,"_monsterinsights_sitenote_note":"","_monsterinsights_sitenote_category":0,"footnotes":""},"categories":[1],"tags":[],"class_list":["post-6102","post","type-post","status-publish","format-standard","has-post-thumbnail","hentry","category-uncategorized"],"aioseo_notices":[],"_links":{"self":[{"href":"https:\/\/azuaalinstante.com\/index.php\/wp-json\/wp\/v2\/posts\/6102","targetHints":{"allow":["GET"]}}],"collection":[{"href":"https:\/\/azuaalinstante.com\/index.php\/wp-json\/wp\/v2\/posts"}],"about":[{"href":"https:\/\/azuaalinstante.com\/index.php\/wp-json\/wp\/v2\/types\/post"}],"author":[{"embeddable":true,"href":"https:\/\/azuaalinstante.com\/index.php\/wp-json\/wp\/v2\/users\/2"}],"replies":[{"embeddable":true,"href":"https:\/\/azuaalinstante.com\/index.php\/wp-json\/wp\/v2\/comments?post=6102"}],"version-history":[{"count":1,"href":"https:\/\/azuaalinstante.com\/index.php\/wp-json\/wp\/v2\/posts\/6102\/revisions"}],"predecessor-version":[{"id":6104,"href":"https:\/\/azuaalinstante.com\/index.php\/wp-json\/wp\/v2\/posts\/6102\/revisions\/6104"}],"wp:featuredmedia":[{"embeddable":true,"href":"https:\/\/azuaalinstante.com\/index.php\/wp-json\/wp\/v2\/media\/6103"}],"wp:attachment":[{"href":"https:\/\/azuaalinstante.com\/index.php\/wp-json\/wp\/v2\/media?parent=6102"}],"wp:term":[{"taxonomy":"category","embeddable":true,"href":"https:\/\/azuaalinstante.com\/index.php\/wp-json\/wp\/v2\/categories?post=6102"},{"taxonomy":"post_tag","embeddable":true,"href":"https:\/\/azuaalinstante.com\/index.php\/wp-json\/wp\/v2\/tags?post=6102"}],"curies":[{"name":"wp","href":"https:\/\/api.w.org\/{rel}","templated":true}]}}