{"id":6159,"date":"2026-04-01T13:26:21","date_gmt":"2026-04-01T13:26:21","guid":{"rendered":"https:\/\/azuaalinstante.com\/?p=6159"},"modified":"2026-04-01T13:26:22","modified_gmt":"2026-04-01T13:26:22","slug":"refuerzan-seguridad-en-entorno-de-terminales-aereas-por-la-semana-santa","status":"publish","type":"post","link":"https:\/\/azuaalinstante.com\/index.php\/2026\/04\/01\/refuerzan-seguridad-en-entorno-de-terminales-aereas-por-la-semana-santa\/","title":{"rendered":"Refuerzan seguridad en entorno de terminales a\u00e9reas por la Semana Santa"},"content":{"rendered":"\n<h2 class=\"wp-block-heading\">El director del CESAC, general piloto de la Fuerza A\u00e9rea de Rep\u00fablica Dominicana (FARD), Emanuel Souffront Tamayo, anunci\u00f3 el inicio del despliegue de patrullas mixtas en el per\u00edmetro exterior de las terminales aeroportuarias, as\u00ed como en las principales v\u00edas de acceso, como parte de las medidas preventivas contempladas en el \u201cOperativo Semana Santa 2026\u201d.<\/h2>\n\n\n\n<ul class=\"wp-block-list\">\n<li><\/li>\n<\/ul>\n\n\n\n<figure class=\"wp-block-image\"><img decoding=\"async\" src=\"https:\/\/listindiario.com\/files\/vertical_main_image\/uploads\/2026\/03\/31\/69cc790000c26.jpeg\" alt=\"El objetivo es evitar que sean asaltados quienes entran y salen de los aeropuertos.\"\/><figcaption class=\"wp-element-caption\">El objetivo es evitar que sean asaltados quienes entran y salen de los aeropuertos. RAFAEL CASTRO<\/figcaption><\/figure>\n\n\n\n<p>SANTO DOMINGO, RD<\/p>\n\n\n\n<p id=\"m8006-8005-8007\">En respuesta al significativo incremento en la movilidad de pasajeros, veh\u00edculos y visitantes durante el asueto de la Semana Santa, el Cuerpo Especializado en Seguridad Aeroportuaria y de la Aviaci\u00f3n Civil (CESAC) puso en marcha un amplio operativo de vigilancia y control que abarca todos los aeropuertos internacionales del pa\u00eds.<\/p>\n","protected":false},"excerpt":{"rendered":"<p>El director del CESAC, general piloto de la Fuerza A\u00e9rea de Rep\u00fablica Dominicana (FARD), Emanuel Souffront Tamayo, anunci\u00f3 el inicio del despliegue de patrullas mixtas en el per\u00edmetro exterior de las terminales aeroportuarias, as\u00ed como en las principales v\u00edas de acceso, como parte de las medidas preventivas contempladas en el \u201cOperativo Semana Santa 2026\u201d. SANTO [&hellip;]<\/p>\n","protected":false},"author":2,"featured_media":6160,"comment_status":"open","ping_status":"open","sticky":false,"template":"","format":"standard","meta":{"_monsterinsights_skip_tracking":false,"_monsterinsights_sitenote_active":false,"_monsterinsights_sitenote_note":"","_monsterinsights_sitenote_category":0,"footnotes":""},"categories":[5],"tags":[],"class_list":["post-6159","post","type-post","status-publish","format-standard","has-post-thumbnail","hentry","category-republica"],"aioseo_notices":[],"_links":{"self":[{"href":"https:\/\/azuaalinstante.com\/index.php\/wp-json\/wp\/v2\/posts\/6159","targetHints":{"allow":["GET"]}}],"collection":[{"href":"https:\/\/azuaalinstante.com\/index.php\/wp-json\/wp\/v2\/posts"}],"about":[{"href":"https:\/\/azuaalinstante.com\/index.php\/wp-json\/wp\/v2\/types\/post"}],"author":[{"embeddable":true,"href":"https:\/\/azuaalinstante.com\/index.php\/wp-json\/wp\/v2\/users\/2"}],"replies":[{"embeddable":true,"href":"https:\/\/azuaalinstante.com\/index.php\/wp-json\/wp\/v2\/comments?post=6159"}],"version-history":[{"count":1,"href":"https:\/\/azuaalinstante.com\/index.php\/wp-json\/wp\/v2\/posts\/6159\/revisions"}],"predecessor-version":[{"id":6161,"href":"https:\/\/azuaalinstante.com\/index.php\/wp-json\/wp\/v2\/posts\/6159\/revisions\/6161"}],"wp:featuredmedia":[{"embeddable":true,"href":"https:\/\/azuaalinstante.com\/index.php\/wp-json\/wp\/v2\/media\/6160"}],"wp:attachment":[{"href":"https:\/\/azuaalinstante.com\/index.php\/wp-json\/wp\/v2\/media?parent=6159"}],"wp:term":[{"taxonomy":"category","embeddable":true,"href":"https:\/\/azuaalinstante.com\/index.php\/wp-json\/wp\/v2\/categories?post=6159"},{"taxonomy":"post_tag","embeddable":true,"href":"https:\/\/azuaalinstante.com\/index.php\/wp-json\/wp\/v2\/tags?post=6159"}],"curies":[{"name":"wp","href":"https:\/\/api.w.org\/{rel}","templated":true}]}}