{"id":6182,"date":"2026-04-01T13:54:35","date_gmt":"2026-04-01T13:54:35","guid":{"rendered":"https:\/\/azuaalinstante.com\/?p=6182"},"modified":"2026-04-01T13:54:36","modified_gmt":"2026-04-01T13:54:36","slug":"construir-carcel-en-isla-beata-es-inconstitucional-dice-equipo-tecnico-de-la-camara-de-diputados","status":"publish","type":"post","link":"https:\/\/azuaalinstante.com\/index.php\/2026\/04\/01\/construir-carcel-en-isla-beata-es-inconstitucional-dice-equipo-tecnico-de-la-camara-de-diputados\/","title":{"rendered":"Construir c\u00e1rcel en isla Beata es inconstitucional, dice equipo t\u00e9cnico de la C\u00e1mara de Diputados"},"content":{"rendered":"\n<h2 class=\"wp-block-heading\">El representante nacional del Partido Quisqueyano Dem\u00f3crata Cristiano (PQDC), El\u00edas Wessin, present\u00f3 en la C\u00e1mara de Diputados un proyecto de resoluci\u00f3n con el cual buscaba exhortarle al presidente Luis Abinader utilizar la isla Beata como sede de una nueva c\u00e1rcel para mitigar el hacinamiento.<\/h2>\n\n\n\n<ul class=\"wp-block-list\">\n<li><\/li>\n<\/ul>\n\n\n\n<figure class=\"wp-block-image\"><img decoding=\"async\" src=\"https:\/\/listindiario.com\/files\/main_image\/uploads\/2025\/11\/30\/692ce1db1e0db.png\" alt=\"Lie\"\/><figcaption class=\"wp-element-caption\">Foto de archivo<\/figcaption><\/figure>\n\n\n\n<p id=\"m128778-128777-128779\">El representante nacional del Partido Quisqueyano Dem\u00f3crata Cristiano (PQDC), El\u00edas Wessin, present\u00f3 en 2022 en la C\u00e1mara de Diputados un proyecto de resoluci\u00f3n con el cual buscaba exhortarle al presidente Luis Abinader utilizar la<strong>&nbsp;isla Beata<\/strong>&nbsp;como sede de<strong>&nbsp;una nueva c\u00e1rcel<\/strong>&nbsp;para mitigar el hacinamiento.<\/p>\n","protected":false},"excerpt":{"rendered":"<p>El representante nacional del Partido Quisqueyano Dem\u00f3crata Cristiano (PQDC), El\u00edas Wessin, present\u00f3 en la C\u00e1mara de Diputados un proyecto de resoluci\u00f3n con el cual buscaba exhortarle al presidente Luis Abinader utilizar la isla Beata como sede de una nueva c\u00e1rcel para mitigar el hacinamiento. El representante nacional del Partido Quisqueyano Dem\u00f3crata Cristiano (PQDC), El\u00edas Wessin, [&hellip;]<\/p>\n","protected":false},"author":2,"featured_media":6183,"comment_status":"open","ping_status":"open","sticky":false,"template":"","format":"standard","meta":{"_monsterinsights_skip_tracking":false,"_monsterinsights_sitenote_active":false,"_monsterinsights_sitenote_note":"","_monsterinsights_sitenote_category":0,"footnotes":""},"categories":[5],"tags":[],"class_list":["post-6182","post","type-post","status-publish","format-standard","has-post-thumbnail","hentry","category-republica"],"aioseo_notices":[],"_links":{"self":[{"href":"https:\/\/azuaalinstante.com\/index.php\/wp-json\/wp\/v2\/posts\/6182","targetHints":{"allow":["GET"]}}],"collection":[{"href":"https:\/\/azuaalinstante.com\/index.php\/wp-json\/wp\/v2\/posts"}],"about":[{"href":"https:\/\/azuaalinstante.com\/index.php\/wp-json\/wp\/v2\/types\/post"}],"author":[{"embeddable":true,"href":"https:\/\/azuaalinstante.com\/index.php\/wp-json\/wp\/v2\/users\/2"}],"replies":[{"embeddable":true,"href":"https:\/\/azuaalinstante.com\/index.php\/wp-json\/wp\/v2\/comments?post=6182"}],"version-history":[{"count":1,"href":"https:\/\/azuaalinstante.com\/index.php\/wp-json\/wp\/v2\/posts\/6182\/revisions"}],"predecessor-version":[{"id":6184,"href":"https:\/\/azuaalinstante.com\/index.php\/wp-json\/wp\/v2\/posts\/6182\/revisions\/6184"}],"wp:featuredmedia":[{"embeddable":true,"href":"https:\/\/azuaalinstante.com\/index.php\/wp-json\/wp\/v2\/media\/6183"}],"wp:attachment":[{"href":"https:\/\/azuaalinstante.com\/index.php\/wp-json\/wp\/v2\/media?parent=6182"}],"wp:term":[{"taxonomy":"category","embeddable":true,"href":"https:\/\/azuaalinstante.com\/index.php\/wp-json\/wp\/v2\/categories?post=6182"},{"taxonomy":"post_tag","embeddable":true,"href":"https:\/\/azuaalinstante.com\/index.php\/wp-json\/wp\/v2\/tags?post=6182"}],"curies":[{"name":"wp","href":"https:\/\/api.w.org\/{rel}","templated":true}]}}