{"id":6185,"date":"2026-04-01T13:57:18","date_gmt":"2026-04-01T13:57:18","guid":{"rendered":"https:\/\/azuaalinstante.com\/?p=6185"},"modified":"2026-04-01T13:57:18","modified_gmt":"2026-04-01T13:57:18","slug":"mp-y-familiares-de-victima-tienen-20-dias-para-apelar-no-ha-lugar-a-jean-andres-pumarol","status":"publish","type":"post","link":"https:\/\/azuaalinstante.com\/index.php\/2026\/04\/01\/mp-y-familiares-de-victima-tienen-20-dias-para-apelar-no-ha-lugar-a-jean-andres-pumarol\/","title":{"rendered":"MP y familiares de v\u00edctima tienen 20 d\u00edas para apelar \"no ha lugar\" a Jean Andr\u00e9s Pumarol"},"content":{"rendered":"\n<h2 class=\"wp-block-heading\">De acuerdo con lo establecido en el art\u00edculo 309 del C\u00f3digo Procesal Penal, las partes cuentan con este periodo para recurrir la decisi\u00f3n si consideran que existen fundamentos legales para ello.<\/h2>\n\n\n\n<ul class=\"wp-block-list\">\n<li><\/li>\n<\/ul>\n\n\n\n<figure class=\"wp-block-image\"><img decoding=\"async\" src=\"https:\/\/listindiario.com\/files\/vertical_main_image\/uploads\/2026\/03\/17\/69b9f8c34c530.jpeg\" alt=\"Jean Andr\u00e9s Pumarol Fern\u00e1ndez mat\u00f3 a una mujer y dej\u00f3 otras cinco personas heridas.\"\/><figcaption class=\"wp-element-caption\">Jean Andr\u00e9s Pumarol Fern\u00e1ndez mat\u00f3 a una mujer y dej\u00f3 otras cinco personas heridas.<\/figcaption><\/figure>\n\n\n\n<p id=\"m45766-45765-45767\">A partir de este 31 de marzo, el&nbsp;<strong>Ministerio P\u00fablico<\/strong>&nbsp;y la parte querellante disponen de un plazo de&nbsp;<strong>20 d\u00edas<\/strong>&nbsp;h\u00e1biles para interponer un recurso de apelaci\u00f3n contra la decisi\u00f3n que dict\u00f3 auto de \"no ha lugar\" en favor de&nbsp;<strong>Jean Andr\u00e9s Pumarol Fern\u00e1ndez<\/strong>, acusado de un violento ataque ocurrido en el<strong>&nbsp;ensanche Naco<\/strong>.<\/p>\n","protected":false},"excerpt":{"rendered":"<p>De acuerdo con lo establecido en el art\u00edculo 309 del C\u00f3digo Procesal Penal, las partes cuentan con este periodo para recurrir la decisi\u00f3n si consideran que existen fundamentos legales para ello. A partir de este 31 de marzo, el&nbsp;Ministerio P\u00fablico&nbsp;y la parte querellante disponen de un plazo de&nbsp;20 d\u00edas&nbsp;h\u00e1biles para interponer un recurso de apelaci\u00f3n [&hellip;]<\/p>\n","protected":false},"author":2,"featured_media":6186,"comment_status":"open","ping_status":"open","sticky":false,"template":"","format":"standard","meta":{"_monsterinsights_skip_tracking":false,"_monsterinsights_sitenote_active":false,"_monsterinsights_sitenote_note":"","_monsterinsights_sitenote_category":0,"footnotes":""},"categories":[5],"tags":[],"class_list":["post-6185","post","type-post","status-publish","format-standard","has-post-thumbnail","hentry","category-republica"],"aioseo_notices":[],"_links":{"self":[{"href":"https:\/\/azuaalinstante.com\/index.php\/wp-json\/wp\/v2\/posts\/6185","targetHints":{"allow":["GET"]}}],"collection":[{"href":"https:\/\/azuaalinstante.com\/index.php\/wp-json\/wp\/v2\/posts"}],"about":[{"href":"https:\/\/azuaalinstante.com\/index.php\/wp-json\/wp\/v2\/types\/post"}],"author":[{"embeddable":true,"href":"https:\/\/azuaalinstante.com\/index.php\/wp-json\/wp\/v2\/users\/2"}],"replies":[{"embeddable":true,"href":"https:\/\/azuaalinstante.com\/index.php\/wp-json\/wp\/v2\/comments?post=6185"}],"version-history":[{"count":1,"href":"https:\/\/azuaalinstante.com\/index.php\/wp-json\/wp\/v2\/posts\/6185\/revisions"}],"predecessor-version":[{"id":6187,"href":"https:\/\/azuaalinstante.com\/index.php\/wp-json\/wp\/v2\/posts\/6185\/revisions\/6187"}],"wp:featuredmedia":[{"embeddable":true,"href":"https:\/\/azuaalinstante.com\/index.php\/wp-json\/wp\/v2\/media\/6186"}],"wp:attachment":[{"href":"https:\/\/azuaalinstante.com\/index.php\/wp-json\/wp\/v2\/media?parent=6185"}],"wp:term":[{"taxonomy":"category","embeddable":true,"href":"https:\/\/azuaalinstante.com\/index.php\/wp-json\/wp\/v2\/categories?post=6185"},{"taxonomy":"post_tag","embeddable":true,"href":"https:\/\/azuaalinstante.com\/index.php\/wp-json\/wp\/v2\/tags?post=6185"}],"curies":[{"name":"wp","href":"https:\/\/api.w.org\/{rel}","templated":true}]}}