{"id":6224,"date":"2026-04-02T13:31:40","date_gmt":"2026-04-02T13:31:40","guid":{"rendered":"https:\/\/azuaalinstante.com\/?p=6224"},"modified":"2026-04-02T13:31:41","modified_gmt":"2026-04-02T13:31:41","slug":"rd-daria-facilidades-a-la-onu-para-apoyar-la-fuerza-de-supresion-de-bandas-en-haiti","status":"publish","type":"post","link":"https:\/\/azuaalinstante.com\/index.php\/2026\/04\/02\/rd-daria-facilidades-a-la-onu-para-apoyar-la-fuerza-de-supresion-de-bandas-en-haiti\/","title":{"rendered":"RD dar\u00eda facilidades a la ONU para apoyar la Fuerza de Supresi\u00f3n de Bandas en Hait\u00ed"},"content":{"rendered":"\n<h2 class=\"wp-block-heading\">El canciller Roberto \u00c1lvarez precis\u00f3 que esta cooperaci\u00f3n con la GSF se limita exclusivamente a respaldo desde Rep\u00fablica Dominicana<\/h2>\n\n\n\n<ul class=\"wp-block-list\">\n<li><\/li>\n<\/ul>\n\n\n\n<figure class=\"wp-block-image\"><img decoding=\"async\" src=\"https:\/\/listindiario.com\/files\/vertical_main_image\/files\/fp\/uploads\/2026\/04\/01\/69cd378889e36.r_d.495-246.png\" alt=\"El canciller Roberto \u00c1lvarez  junto a Atul Khare y a Julia Ram\u00edrez\"\/><figcaption class=\"wp-element-caption\">El canciller Roberto \u00c1lvarez junto a Atul Khare y a Julia Ram\u00edrez<\/figcaption><\/figure>\n\n\n\n<p>SANTO DOMINGO, RD<\/p>\n\n\n\n<p id=\"m17092-17091-17093\">El canciller&nbsp;<strong>Roberto \u00c1lvarez<\/strong>&nbsp;se reuni\u00f3 el pasado lunes con el subsecretario general del Departamento de Apoyo Operacional de las Naciones Unidas, Atul Khare, en el contexto del despliegue de la Fuerza de Supresi\u00f3n de Bandas (GSF) en&nbsp;<strong>Hait\u00ed<\/strong>.<\/p>\n","protected":false},"excerpt":{"rendered":"<p>El canciller Roberto \u00c1lvarez precis\u00f3 que esta cooperaci\u00f3n con la GSF se limita exclusivamente a respaldo desde Rep\u00fablica Dominicana SANTO DOMINGO, RD El canciller&nbsp;Roberto \u00c1lvarez&nbsp;se reuni\u00f3 el pasado lunes con el subsecretario general del Departamento de Apoyo Operacional de las Naciones Unidas, Atul Khare, en el contexto del despliegue de la Fuerza de Supresi\u00f3n de [&hellip;]<\/p>\n","protected":false},"author":2,"featured_media":6225,"comment_status":"open","ping_status":"open","sticky":false,"template":"","format":"standard","meta":{"_monsterinsights_skip_tracking":false,"_monsterinsights_sitenote_active":false,"_monsterinsights_sitenote_note":"","_monsterinsights_sitenote_category":0,"footnotes":""},"categories":[5],"tags":[],"class_list":["post-6224","post","type-post","status-publish","format-standard","has-post-thumbnail","hentry","category-republica"],"aioseo_notices":[],"_links":{"self":[{"href":"https:\/\/azuaalinstante.com\/index.php\/wp-json\/wp\/v2\/posts\/6224","targetHints":{"allow":["GET"]}}],"collection":[{"href":"https:\/\/azuaalinstante.com\/index.php\/wp-json\/wp\/v2\/posts"}],"about":[{"href":"https:\/\/azuaalinstante.com\/index.php\/wp-json\/wp\/v2\/types\/post"}],"author":[{"embeddable":true,"href":"https:\/\/azuaalinstante.com\/index.php\/wp-json\/wp\/v2\/users\/2"}],"replies":[{"embeddable":true,"href":"https:\/\/azuaalinstante.com\/index.php\/wp-json\/wp\/v2\/comments?post=6224"}],"version-history":[{"count":1,"href":"https:\/\/azuaalinstante.com\/index.php\/wp-json\/wp\/v2\/posts\/6224\/revisions"}],"predecessor-version":[{"id":6226,"href":"https:\/\/azuaalinstante.com\/index.php\/wp-json\/wp\/v2\/posts\/6224\/revisions\/6226"}],"wp:featuredmedia":[{"embeddable":true,"href":"https:\/\/azuaalinstante.com\/index.php\/wp-json\/wp\/v2\/media\/6225"}],"wp:attachment":[{"href":"https:\/\/azuaalinstante.com\/index.php\/wp-json\/wp\/v2\/media?parent=6224"}],"wp:term":[{"taxonomy":"category","embeddable":true,"href":"https:\/\/azuaalinstante.com\/index.php\/wp-json\/wp\/v2\/categories?post=6224"},{"taxonomy":"post_tag","embeddable":true,"href":"https:\/\/azuaalinstante.com\/index.php\/wp-json\/wp\/v2\/tags?post=6224"}],"curies":[{"name":"wp","href":"https:\/\/api.w.org\/{rel}","templated":true}]}}