{"id":6230,"date":"2026-04-02T13:38:54","date_gmt":"2026-04-02T13:38:54","guid":{"rendered":"https:\/\/azuaalinstante.com\/?p=6230"},"modified":"2026-04-02T13:38:55","modified_gmt":"2026-04-02T13:38:55","slug":"los-desafios-que-enfrenta-el-autismo-en-la-era-de-la-desinformacion","status":"publish","type":"post","link":"https:\/\/azuaalinstante.com\/index.php\/2026\/04\/02\/los-desafios-que-enfrenta-el-autismo-en-la-era-de-la-desinformacion\/","title":{"rendered":"Los desaf\u00edos que enfrenta el autismo en la era de la desinformaci\u00f3n"},"content":{"rendered":"\n<h2 class=\"wp-block-heading\">Desde el Caid, instituci\u00f3n dedicada a la atenci\u00f3n integral de ni\u00f1os con s\u00edndrome de Down, par\u00e1lisis cerebral y trastorno del espectro autista (Tea) hasta los 12 a\u00f1os, se observa con atenci\u00f3n la popularizaci\u00f3n que ha ganado lo que el doctor Rodr\u00edguez ha clasificado como \u201cturismo m\u00e9dico en autismo\u201d.<\/h2>\n\n\n\n<ul class=\"wp-block-list\">\n<li><\/li>\n<\/ul>\n\n\n\n<figure class=\"wp-block-image\"><img decoding=\"async\" src=\"https:\/\/listindiario.com\/files\/vertical_main_image\/uploads\/2026\/04\/01\/69cdb696349ac.jpeg\" alt=\"Sede de Santo Domingo Oeste del Centro de Atenci\u00f3n Integral para la Discapacidad (Caid).\"\/><figcaption class=\"wp-element-caption\">Sede de Santo Domingo Oeste del Centro de Atenci\u00f3n Integral para la Discapacidad (Caid). Archivo<\/figcaption><\/figure>\n\n\n\n<p>Santo Domingo, RD<\/p>\n\n\n\n<p id=\"m68642-68641-68643\">Al conmemorarse hoy el&nbsp;<strong>D\u00eda Mundial de Concienciaci\u00f3n sobre el Autismo<\/strong>, resurge un debate \u00e9tico sobre el tratamiento aplicado en las personas con Trastorno del Espectro Autista (Tea), que el&nbsp;<strong>doctor Edison Rodr\u00edguez D\u00edaz,<\/strong>&nbsp;psiquiatra infanto juvenil y&nbsp;<strong>director de la sede de Santo Domingo Oeste del Centro de Atenci\u00f3n Integral para la Discapacidad (Caid)<\/strong>, define como un \u201cfanatismo pseudocient\u00edfico\u201d alimentado por&nbsp; las redes sociales.<\/p>\n","protected":false},"excerpt":{"rendered":"<p>Desde el Caid, instituci\u00f3n dedicada a la atenci\u00f3n integral de ni\u00f1os con s\u00edndrome de Down, par\u00e1lisis cerebral y trastorno del espectro autista (Tea) hasta los 12 a\u00f1os, se observa con atenci\u00f3n la popularizaci\u00f3n que ha ganado lo que el doctor Rodr\u00edguez ha clasificado como \u201cturismo m\u00e9dico en autismo\u201d. Santo Domingo, RD Al conmemorarse hoy el&nbsp;D\u00eda [&hellip;]<\/p>\n","protected":false},"author":2,"featured_media":6231,"comment_status":"open","ping_status":"open","sticky":false,"template":"","format":"standard","meta":{"_monsterinsights_skip_tracking":false,"_monsterinsights_sitenote_active":false,"_monsterinsights_sitenote_note":"","_monsterinsights_sitenote_category":0,"footnotes":""},"categories":[5],"tags":[],"class_list":["post-6230","post","type-post","status-publish","format-standard","has-post-thumbnail","hentry","category-republica"],"aioseo_notices":[],"_links":{"self":[{"href":"https:\/\/azuaalinstante.com\/index.php\/wp-json\/wp\/v2\/posts\/6230","targetHints":{"allow":["GET"]}}],"collection":[{"href":"https:\/\/azuaalinstante.com\/index.php\/wp-json\/wp\/v2\/posts"}],"about":[{"href":"https:\/\/azuaalinstante.com\/index.php\/wp-json\/wp\/v2\/types\/post"}],"author":[{"embeddable":true,"href":"https:\/\/azuaalinstante.com\/index.php\/wp-json\/wp\/v2\/users\/2"}],"replies":[{"embeddable":true,"href":"https:\/\/azuaalinstante.com\/index.php\/wp-json\/wp\/v2\/comments?post=6230"}],"version-history":[{"count":1,"href":"https:\/\/azuaalinstante.com\/index.php\/wp-json\/wp\/v2\/posts\/6230\/revisions"}],"predecessor-version":[{"id":6232,"href":"https:\/\/azuaalinstante.com\/index.php\/wp-json\/wp\/v2\/posts\/6230\/revisions\/6232"}],"wp:featuredmedia":[{"embeddable":true,"href":"https:\/\/azuaalinstante.com\/index.php\/wp-json\/wp\/v2\/media\/6231"}],"wp:attachment":[{"href":"https:\/\/azuaalinstante.com\/index.php\/wp-json\/wp\/v2\/media?parent=6230"}],"wp:term":[{"taxonomy":"category","embeddable":true,"href":"https:\/\/azuaalinstante.com\/index.php\/wp-json\/wp\/v2\/categories?post=6230"},{"taxonomy":"post_tag","embeddable":true,"href":"https:\/\/azuaalinstante.com\/index.php\/wp-json\/wp\/v2\/tags?post=6230"}],"curies":[{"name":"wp","href":"https:\/\/api.w.org\/{rel}","templated":true}]}}