{"id":627,"date":"2026-01-27T12:15:48","date_gmt":"2026-01-27T12:15:48","guid":{"rendered":"https:\/\/azuaalinstante.com\/?p=627"},"modified":"2026-01-27T12:15:49","modified_gmt":"2026-01-27T12:15:49","slug":"fuerza-del-pueblo-denuncia-grave-deterioro-del-sector-agropecuario-durante-el-2025","status":"publish","type":"post","link":"https:\/\/azuaalinstante.com\/index.php\/2026\/01\/27\/fuerza-del-pueblo-denuncia-grave-deterioro-del-sector-agropecuario-durante-el-2025\/","title":{"rendered":"Fuerza del Pueblo denuncia \"grave deterioro\" del sector agropecuario durante el 2025"},"content":{"rendered":"\n<h2 class=\"wp-block-heading\">De acuerdo con las informaciones brindadas, productores peque\u00f1os y medianos incluyendo tambi\u00e9n a los beneficiarios, quebraron o se quedaron en unas condiciones econ\u00f3micas de inestabilidad y precariedad<\/h2>\n\n\n\n<ul class=\"wp-block-list\">\n<li><\/li>\n<\/ul>\n\n\n\n<figure class=\"wp-block-image\"><img decoding=\"async\" src=\"https:\/\/listindiario.com\/files\/vertical_main_image\/files\/fp\/uploads\/2026\/01\/26\/6977c105af018.r_d.593-406.jpeg\" alt=\"El titular de la secretar\u00eda de asuntos agropecuarios, H\u00e9ctor Acosta\"\/><figcaption class=\"wp-element-caption\">El titular de la secretar\u00eda de asuntos agropecuarios, H\u00e9ctor Acosta<\/figcaption><\/figure>\n\n\n\n<p id=\"m127444-127443-127445\">La&nbsp;<strong>Fuerza del Pueblo<\/strong>&nbsp;present\u00f3 un balance agropecuario correspondiente al a\u00f1o 2025, en el que se hizo denunci\u00f3 una \"fuerte crisis\" que afecta al sector agropecuario nacional, problema que seg\u00fan explic\u00f3 el titular de la secretar\u00eda de asuntos agropecuarios,<strong>&nbsp;H\u00e9ctor Acosta<\/strong>, \u201cha perjudicado tanto a los productores como a los consumidores dominicanos\u201d.<\/p>\n","protected":false},"excerpt":{"rendered":"<p>De acuerdo con las informaciones brindadas, productores peque\u00f1os y medianos incluyendo tambi\u00e9n a los beneficiarios, quebraron o se quedaron en unas condiciones econ\u00f3micas de inestabilidad y precariedad La&nbsp;Fuerza del Pueblo&nbsp;present\u00f3 un balance agropecuario correspondiente al a\u00f1o 2025, en el que se hizo denunci\u00f3 una \"fuerte crisis\" que afecta al sector agropecuario nacional, problema que seg\u00fan [&hellip;]<\/p>\n","protected":false},"author":2,"featured_media":628,"comment_status":"open","ping_status":"open","sticky":false,"template":"","format":"standard","meta":{"_monsterinsights_skip_tracking":false,"_monsterinsights_sitenote_active":false,"_monsterinsights_sitenote_note":"","_monsterinsights_sitenote_category":0,"footnotes":""},"categories":[30],"tags":[],"class_list":["post-627","post","type-post","status-publish","format-standard","has-post-thumbnail","hentry","category-nacional"],"aioseo_notices":[],"_links":{"self":[{"href":"https:\/\/azuaalinstante.com\/index.php\/wp-json\/wp\/v2\/posts\/627","targetHints":{"allow":["GET"]}}],"collection":[{"href":"https:\/\/azuaalinstante.com\/index.php\/wp-json\/wp\/v2\/posts"}],"about":[{"href":"https:\/\/azuaalinstante.com\/index.php\/wp-json\/wp\/v2\/types\/post"}],"author":[{"embeddable":true,"href":"https:\/\/azuaalinstante.com\/index.php\/wp-json\/wp\/v2\/users\/2"}],"replies":[{"embeddable":true,"href":"https:\/\/azuaalinstante.com\/index.php\/wp-json\/wp\/v2\/comments?post=627"}],"version-history":[{"count":1,"href":"https:\/\/azuaalinstante.com\/index.php\/wp-json\/wp\/v2\/posts\/627\/revisions"}],"predecessor-version":[{"id":629,"href":"https:\/\/azuaalinstante.com\/index.php\/wp-json\/wp\/v2\/posts\/627\/revisions\/629"}],"wp:featuredmedia":[{"embeddable":true,"href":"https:\/\/azuaalinstante.com\/index.php\/wp-json\/wp\/v2\/media\/628"}],"wp:attachment":[{"href":"https:\/\/azuaalinstante.com\/index.php\/wp-json\/wp\/v2\/media?parent=627"}],"wp:term":[{"taxonomy":"category","embeddable":true,"href":"https:\/\/azuaalinstante.com\/index.php\/wp-json\/wp\/v2\/categories?post=627"},{"taxonomy":"post_tag","embeddable":true,"href":"https:\/\/azuaalinstante.com\/index.php\/wp-json\/wp\/v2\/tags?post=627"}],"curies":[{"name":"wp","href":"https:\/\/api.w.org\/{rel}","templated":true}]}}