{"id":6373,"date":"2026-04-04T22:22:11","date_gmt":"2026-04-04T22:22:11","guid":{"rendered":"https:\/\/azuaalinstante.com\/?p=6373"},"modified":"2026-04-04T22:22:13","modified_gmt":"2026-04-04T22:22:13","slug":"nodal-llego-a-la-romana-junto-a-angela-aguilar-para-su-concierto-de-esta-noche-en-altos-de-chavon","status":"publish","type":"post","link":"https:\/\/azuaalinstante.com\/index.php\/2026\/04\/04\/nodal-llego-a-la-romana-junto-a-angela-aguilar-para-su-concierto-de-esta-noche-en-altos-de-chavon\/","title":{"rendered":"Nodal lleg\u00f3 a La Romana junto a \u00c1ngela Aguilar para su concierto de esta noche en Altos de Chav\u00f3n"},"content":{"rendered":"\n<h2 class=\"wp-block-heading\">El espect\u00e1culo, correspondiente a la gira \u201cPa\u2019l Cora Tour\u201d, ser\u00e1 presentado este S\u00e1bado Santo como parte de la tradicional programaci\u00f3n de Semana Santa del exclusivo complejo de villas Casa de Campo.&nbsp;<\/h2>\n\n\n\n<ul class=\"wp-block-list\">\n<li><\/li>\n<\/ul>\n\n\n\n<figure class=\"wp-block-image\"><img decoding=\"async\" src=\"https:\/\/listindiario.com\/files\/vertical_main_image\/files\/fp\/uploads\/2026\/04\/04\/69d147fe88e4c.r_d.976-487.jpeg\" alt=\"\u00c1ngela Aguilar y Christian Nodal.\"\/><figcaption class=\"wp-element-caption\">\u00c1ngela Aguilar y Christian Nodal. Foto: Instagram<\/figcaption><\/figure>\n\n\n\n<p id=\"m112850-112849-112851\"><strong>Christian Nodal&nbsp;<\/strong>comparti\u00f3 en sus historias de Instagram varias im\u00e1genes donde aparece disfrutando de la naturaleza en Casa de Campo, en La Romana, antes de su&nbsp;<strong>concierto&nbsp;<\/strong>en el Anfiteatro&nbsp;<strong>Altos de Chav\u00f3n<\/strong>.&nbsp;<\/p>\n","protected":false},"excerpt":{"rendered":"<p>El espect\u00e1culo, correspondiente a la gira \u201cPa\u2019l Cora Tour\u201d, ser\u00e1 presentado este S\u00e1bado Santo como parte de la tradicional programaci\u00f3n de Semana Santa del exclusivo complejo de villas Casa de Campo.&nbsp; Christian Nodal&nbsp;comparti\u00f3 en sus historias de Instagram varias im\u00e1genes donde aparece disfrutando de la naturaleza en Casa de Campo, en La Romana, antes de [&hellip;]<\/p>\n","protected":false},"author":2,"featured_media":6374,"comment_status":"open","ping_status":"open","sticky":false,"template":"","format":"standard","meta":{"_monsterinsights_skip_tracking":false,"_monsterinsights_sitenote_active":false,"_monsterinsights_sitenote_note":"","_monsterinsights_sitenote_category":0,"footnotes":""},"categories":[22],"tags":[],"class_list":["post-6373","post","type-post","status-publish","format-standard","has-post-thumbnail","hentry","category-entretenimiento"],"aioseo_notices":[],"_links":{"self":[{"href":"https:\/\/azuaalinstante.com\/index.php\/wp-json\/wp\/v2\/posts\/6373","targetHints":{"allow":["GET"]}}],"collection":[{"href":"https:\/\/azuaalinstante.com\/index.php\/wp-json\/wp\/v2\/posts"}],"about":[{"href":"https:\/\/azuaalinstante.com\/index.php\/wp-json\/wp\/v2\/types\/post"}],"author":[{"embeddable":true,"href":"https:\/\/azuaalinstante.com\/index.php\/wp-json\/wp\/v2\/users\/2"}],"replies":[{"embeddable":true,"href":"https:\/\/azuaalinstante.com\/index.php\/wp-json\/wp\/v2\/comments?post=6373"}],"version-history":[{"count":1,"href":"https:\/\/azuaalinstante.com\/index.php\/wp-json\/wp\/v2\/posts\/6373\/revisions"}],"predecessor-version":[{"id":6375,"href":"https:\/\/azuaalinstante.com\/index.php\/wp-json\/wp\/v2\/posts\/6373\/revisions\/6375"}],"wp:featuredmedia":[{"embeddable":true,"href":"https:\/\/azuaalinstante.com\/index.php\/wp-json\/wp\/v2\/media\/6374"}],"wp:attachment":[{"href":"https:\/\/azuaalinstante.com\/index.php\/wp-json\/wp\/v2\/media?parent=6373"}],"wp:term":[{"taxonomy":"category","embeddable":true,"href":"https:\/\/azuaalinstante.com\/index.php\/wp-json\/wp\/v2\/categories?post=6373"},{"taxonomy":"post_tag","embeddable":true,"href":"https:\/\/azuaalinstante.com\/index.php\/wp-json\/wp\/v2\/tags?post=6373"}],"curies":[{"name":"wp","href":"https:\/\/api.w.org\/{rel}","templated":true}]}}