{"id":6385,"date":"2026-04-04T22:32:15","date_gmt":"2026-04-04T22:32:15","guid":{"rendered":"https:\/\/azuaalinstante.com\/?p=6385"},"modified":"2026-04-04T22:32:15","modified_gmt":"2026-04-04T22:32:15","slug":"las-fuerzas-armadas-de-haiti-decretan-la-alerta-maxima-a-partir-del-lunes","status":"publish","type":"post","link":"https:\/\/azuaalinstante.com\/index.php\/2026\/04\/04\/las-fuerzas-armadas-de-haiti-decretan-la-alerta-maxima-a-partir-del-lunes\/","title":{"rendered":"Las Fuerzas Armadas de Hait\u00ed decretan la alerta m\u00e1xima a partir del lunes"},"content":{"rendered":"\n<h2 class=\"wp-block-heading\">La decisi\u00f3n se adopta tras la llegada este mi\u00e9rcoles de los primeros efectivos de la Fuerza de Supresi\u00f3n de Pandillas, creada por la ONU.<\/h2>\n\n\n\n<ul class=\"wp-block-list\">\n<li><\/li>\n<\/ul>\n\n\n\n<figure class=\"wp-block-image\"><img decoding=\"async\" src=\"https:\/\/listindiario.com\/files\/vertical_main_image\/uploads\/2025\/11\/13\/69167d3e18d83.png\" alt=\"Las Fuerzas Armadas de Hait\u00ed (FAH) fueron disueltas en diciembre de 1995, har\u00e1n 30 a\u00f1os este venidero diciembre, pro decreto del entonces presidente Jean-Bertrand Ar\u00edstide.\"\/><figcaption class=\"wp-element-caption\">Foto de archivo de las Fuerzas Armadas de<\/figcaption><\/figure>\n\n\n\n<p id=\"m62505-62504-62506\">El Alto Mando de las Fuerzas Armadas de Hait\u00ed (FAd&#8217;H) decret\u00f3 el paso a la \"Condici\u00f3n D\", el nivel m\u00e1ximo de alerta de la instituci\u00f3n, a partir del lunes 6 de abril, una decisi\u00f3n que se produce en medio del recrudecimiento de la violencia, inform\u00f3 el Ministerio de Defensa del pa\u00eds la madrugada de este viernes.<\/p>\n","protected":false},"excerpt":{"rendered":"<p>La decisi\u00f3n se adopta tras la llegada este mi\u00e9rcoles de los primeros efectivos de la Fuerza de Supresi\u00f3n de Pandillas, creada por la ONU. El Alto Mando de las Fuerzas Armadas de Hait\u00ed (FAd&#8217;H) decret\u00f3 el paso a la \"Condici\u00f3n D\", el nivel m\u00e1ximo de alerta de la instituci\u00f3n, a partir del lunes 6 de [&hellip;]<\/p>\n","protected":false},"author":2,"featured_media":6386,"comment_status":"open","ping_status":"open","sticky":false,"template":"","format":"standard","meta":{"_monsterinsights_skip_tracking":false,"_monsterinsights_sitenote_active":false,"_monsterinsights_sitenote_note":"","_monsterinsights_sitenote_category":0,"footnotes":""},"categories":[13],"tags":[],"class_list":["post-6385","post","type-post","status-publish","format-standard","has-post-thumbnail","hentry","category-internacional"],"aioseo_notices":[],"_links":{"self":[{"href":"https:\/\/azuaalinstante.com\/index.php\/wp-json\/wp\/v2\/posts\/6385","targetHints":{"allow":["GET"]}}],"collection":[{"href":"https:\/\/azuaalinstante.com\/index.php\/wp-json\/wp\/v2\/posts"}],"about":[{"href":"https:\/\/azuaalinstante.com\/index.php\/wp-json\/wp\/v2\/types\/post"}],"author":[{"embeddable":true,"href":"https:\/\/azuaalinstante.com\/index.php\/wp-json\/wp\/v2\/users\/2"}],"replies":[{"embeddable":true,"href":"https:\/\/azuaalinstante.com\/index.php\/wp-json\/wp\/v2\/comments?post=6385"}],"version-history":[{"count":1,"href":"https:\/\/azuaalinstante.com\/index.php\/wp-json\/wp\/v2\/posts\/6385\/revisions"}],"predecessor-version":[{"id":6387,"href":"https:\/\/azuaalinstante.com\/index.php\/wp-json\/wp\/v2\/posts\/6385\/revisions\/6387"}],"wp:featuredmedia":[{"embeddable":true,"href":"https:\/\/azuaalinstante.com\/index.php\/wp-json\/wp\/v2\/media\/6386"}],"wp:attachment":[{"href":"https:\/\/azuaalinstante.com\/index.php\/wp-json\/wp\/v2\/media?parent=6385"}],"wp:term":[{"taxonomy":"category","embeddable":true,"href":"https:\/\/azuaalinstante.com\/index.php\/wp-json\/wp\/v2\/categories?post=6385"},{"taxonomy":"post_tag","embeddable":true,"href":"https:\/\/azuaalinstante.com\/index.php\/wp-json\/wp\/v2\/tags?post=6385"}],"curies":[{"name":"wp","href":"https:\/\/api.w.org\/{rel}","templated":true}]}}