{"id":6406,"date":"2026-04-04T22:47:28","date_gmt":"2026-04-04T22:47:28","guid":{"rendered":"https:\/\/azuaalinstante.com\/?p=6406"},"modified":"2026-04-04T22:47:28","modified_gmt":"2026-04-04T22:47:28","slug":"sacerdote-lamenta-las-grandes-desigualdades-de-rd-y-critica-la-falta-de-prioridad-de-los-gobiernos","status":"publish","type":"post","link":"https:\/\/azuaalinstante.com\/index.php\/2026\/04\/04\/sacerdote-lamenta-las-grandes-desigualdades-de-rd-y-critica-la-falta-de-prioridad-de-los-gobiernos\/","title":{"rendered":"Sacerdote lamenta las \"grandes desigualdades\" de RD y critica la falta de prioridad de los gobiernos"},"content":{"rendered":"\n<h2 class=\"wp-block-heading\">La segunda palabra fue meditada por el reverendo padre Mario De la Cruz Campusano, p\u00e1rroco de la parroquia Nuestra Se\u00f1ora de la Divina Providencia, de Santo Domingo, quien pronunci\u00f3&nbsp;: \u201cHoy estar\u00e1s conmigo en el para\u00edso\u201d.<\/h2>\n\n\n\n<ul class=\"wp-block-list\">\n<li>Alz\u00f3 su voz en contra de las \u201cgrandes desigualdades sociales\u201d;\u00a0lujosos sueldos que devengan los funcionarios;\u00a0no hay dinero para la educaci\u00f3n, para las viviendas y la salud colapsada en nuestro pa\u00eds.<\/li>\n<\/ul>\n\n\n\n<figure class=\"wp-block-image\"><img decoding=\"async\" src=\"https:\/\/listindiario.com\/files\/vertical_main_image\/files\/fp\/uploads\/2026\/04\/03\/69d005be06d11.r_d.1181-700.jpeg\" alt=\"Reverendo padre Mario De la Cruz Campusano, p\u00e1rroco de la parroquia Nuestra Se\u00f1ora de la Divina Providencia\"\/><figcaption class=\"wp-element-caption\">Reverendo padre Mario De la Cruz Campusano, p\u00e1rroco de la parroquia Nuestra Se\u00f1ora de la Divina Providencia V\u00edctor Ram\u00edrez<\/figcaption><\/figure>\n\n\n\n<p id=\"m85970-85969-85971\">Con motivo de la&nbsp;<strong>Semana Santa&nbsp;<\/strong>y como parte del itinerario de la Iglesia cat\u00f3lica, se celebr\u00f3 la tradici\u00f3n del&nbsp;<strong>Serm\u00f3n de las Siete Palabras<\/strong>, como simbolog\u00eda a las siete frases que Jesucristo pronunci\u00f3 mientras estaba en la cruz del Calvario.<\/p>\n","protected":false},"excerpt":{"rendered":"<p>La segunda palabra fue meditada por el reverendo padre Mario De la Cruz Campusano, p\u00e1rroco de la parroquia Nuestra Se\u00f1ora de la Divina Providencia, de Santo Domingo, quien pronunci\u00f3&nbsp;: \u201cHoy estar\u00e1s conmigo en el para\u00edso\u201d. Con motivo de la&nbsp;Semana Santa&nbsp;y como parte del itinerario de la Iglesia cat\u00f3lica, se celebr\u00f3 la tradici\u00f3n del&nbsp;Serm\u00f3n de las [&hellip;]<\/p>\n","protected":false},"author":2,"featured_media":6407,"comment_status":"open","ping_status":"open","sticky":false,"template":"","format":"standard","meta":{"_monsterinsights_skip_tracking":false,"_monsterinsights_sitenote_active":false,"_monsterinsights_sitenote_note":"","_monsterinsights_sitenote_category":0,"footnotes":""},"categories":[1],"tags":[],"class_list":["post-6406","post","type-post","status-publish","format-standard","has-post-thumbnail","hentry","category-uncategorized"],"aioseo_notices":[],"_links":{"self":[{"href":"https:\/\/azuaalinstante.com\/index.php\/wp-json\/wp\/v2\/posts\/6406","targetHints":{"allow":["GET"]}}],"collection":[{"href":"https:\/\/azuaalinstante.com\/index.php\/wp-json\/wp\/v2\/posts"}],"about":[{"href":"https:\/\/azuaalinstante.com\/index.php\/wp-json\/wp\/v2\/types\/post"}],"author":[{"embeddable":true,"href":"https:\/\/azuaalinstante.com\/index.php\/wp-json\/wp\/v2\/users\/2"}],"replies":[{"embeddable":true,"href":"https:\/\/azuaalinstante.com\/index.php\/wp-json\/wp\/v2\/comments?post=6406"}],"version-history":[{"count":1,"href":"https:\/\/azuaalinstante.com\/index.php\/wp-json\/wp\/v2\/posts\/6406\/revisions"}],"predecessor-version":[{"id":6408,"href":"https:\/\/azuaalinstante.com\/index.php\/wp-json\/wp\/v2\/posts\/6406\/revisions\/6408"}],"wp:featuredmedia":[{"embeddable":true,"href":"https:\/\/azuaalinstante.com\/index.php\/wp-json\/wp\/v2\/media\/6407"}],"wp:attachment":[{"href":"https:\/\/azuaalinstante.com\/index.php\/wp-json\/wp\/v2\/media?parent=6406"}],"wp:term":[{"taxonomy":"category","embeddable":true,"href":"https:\/\/azuaalinstante.com\/index.php\/wp-json\/wp\/v2\/categories?post=6406"},{"taxonomy":"post_tag","embeddable":true,"href":"https:\/\/azuaalinstante.com\/index.php\/wp-json\/wp\/v2\/tags?post=6406"}],"curies":[{"name":"wp","href":"https:\/\/api.w.org\/{rel}","templated":true}]}}