{"id":6451,"date":"2026-04-06T13:17:40","date_gmt":"2026-04-06T13:17:40","guid":{"rendered":"https:\/\/azuaalinstante.com\/?p=6451"},"modified":"2026-04-06T13:17:40","modified_gmt":"2026-04-06T13:17:40","slug":"el-sermon-de-las-siete-palabras-se-eleva-con-fuerte-giro-espiritual-en-2026","status":"publish","type":"post","link":"https:\/\/azuaalinstante.com\/index.php\/2026\/04\/06\/el-sermon-de-las-siete-palabras-se-eleva-con-fuerte-giro-espiritual-en-2026\/","title":{"rendered":"El Serm\u00f3n de las Siete Palabras se eleva con fuerte giro espiritual en 2026"},"content":{"rendered":"\n<h2 class=\"wp-block-heading\">Este Viernes Santo, la Iglesia Cat\u00f3lica mostr\u00f3, desde la Catedral Primada de Am\u00e9rica, una postura de autocr\u00edtica y profundidad espiritual, sin dejar de lado las denuncias sociales.<\/h2>\n\n\n\n<ul class=\"wp-block-list\">\n<li><\/li>\n<\/ul>\n\n\n\n<figure class=\"wp-block-image\"><img decoding=\"async\" src=\"https:\/\/listindiario.com\/files\/vertical_main_image\/uploads\/2026\/04\/03\/69d00ee50fcd6.jpeg\" alt=\"Presentes en el Serm\u00f3n de las Siete Palabras en la Primada Catedr\u00e1 de Am\u00e9rica, el 3 de marzo de 2026.\"\/><figcaption class=\"wp-element-caption\">Presentes en el Serm\u00f3n de las Siete Palabras en la Primada Catedr\u00e1 de Am\u00e9rica, el 3 de marzo de 2026.Victor Ram\u00edrez<\/figcaption><\/figure>\n\n\n\n<p>Santo Domingo, RD<\/p>\n\n\n\n<p id=\"m85167-85166-85168\">Como cada a\u00f1o, la&nbsp;<strong>Iglesia Cat\u00f3lica<\/strong>&nbsp;utiliza el&nbsp;<strong>Serm\u00f3n de las Siete Palabras<\/strong>&nbsp;para invitar a la reflexi\u00f3n sobre el sacrificio, el perd\u00f3n y el amor de Cristo.<\/p>\n","protected":false},"excerpt":{"rendered":"<p>Este Viernes Santo, la Iglesia Cat\u00f3lica mostr\u00f3, desde la Catedral Primada de Am\u00e9rica, una postura de autocr\u00edtica y profundidad espiritual, sin dejar de lado las denuncias sociales. Santo Domingo, RD Como cada a\u00f1o, la&nbsp;Iglesia Cat\u00f3lica&nbsp;utiliza el&nbsp;Serm\u00f3n de las Siete Palabras&nbsp;para invitar a la reflexi\u00f3n sobre el sacrificio, el perd\u00f3n y el amor de Cristo.<\/p>\n","protected":false},"author":2,"featured_media":6452,"comment_status":"open","ping_status":"open","sticky":false,"template":"","format":"standard","meta":{"_monsterinsights_skip_tracking":false,"_monsterinsights_sitenote_active":false,"_monsterinsights_sitenote_note":"","_monsterinsights_sitenote_category":0,"footnotes":""},"categories":[5],"tags":[],"class_list":["post-6451","post","type-post","status-publish","format-standard","has-post-thumbnail","hentry","category-republica"],"aioseo_notices":[],"_links":{"self":[{"href":"https:\/\/azuaalinstante.com\/index.php\/wp-json\/wp\/v2\/posts\/6451","targetHints":{"allow":["GET"]}}],"collection":[{"href":"https:\/\/azuaalinstante.com\/index.php\/wp-json\/wp\/v2\/posts"}],"about":[{"href":"https:\/\/azuaalinstante.com\/index.php\/wp-json\/wp\/v2\/types\/post"}],"author":[{"embeddable":true,"href":"https:\/\/azuaalinstante.com\/index.php\/wp-json\/wp\/v2\/users\/2"}],"replies":[{"embeddable":true,"href":"https:\/\/azuaalinstante.com\/index.php\/wp-json\/wp\/v2\/comments?post=6451"}],"version-history":[{"count":1,"href":"https:\/\/azuaalinstante.com\/index.php\/wp-json\/wp\/v2\/posts\/6451\/revisions"}],"predecessor-version":[{"id":6453,"href":"https:\/\/azuaalinstante.com\/index.php\/wp-json\/wp\/v2\/posts\/6451\/revisions\/6453"}],"wp:featuredmedia":[{"embeddable":true,"href":"https:\/\/azuaalinstante.com\/index.php\/wp-json\/wp\/v2\/media\/6452"}],"wp:attachment":[{"href":"https:\/\/azuaalinstante.com\/index.php\/wp-json\/wp\/v2\/media?parent=6451"}],"wp:term":[{"taxonomy":"category","embeddable":true,"href":"https:\/\/azuaalinstante.com\/index.php\/wp-json\/wp\/v2\/categories?post=6451"},{"taxonomy":"post_tag","embeddable":true,"href":"https:\/\/azuaalinstante.com\/index.php\/wp-json\/wp\/v2\/tags?post=6451"}],"curies":[{"name":"wp","href":"https:\/\/api.w.org\/{rel}","templated":true}]}}