{"id":6466,"date":"2026-04-06T13:31:37","date_gmt":"2026-04-06T13:31:37","guid":{"rendered":"https:\/\/azuaalinstante.com\/?p=6466"},"modified":"2026-04-06T13:31:37","modified_gmt":"2026-04-06T13:31:37","slug":"cae-mandrake-presunto-cabecilla-de-banda-vinculado-a-muerte-de-mayor-policial-en-villa-juana","status":"publish","type":"post","link":"https:\/\/azuaalinstante.com\/index.php\/2026\/04\/06\/cae-mandrake-presunto-cabecilla-de-banda-vinculado-a-muerte-de-mayor-policial-en-villa-juana\/","title":{"rendered":"Cae \u201cMandrake\u201d, presunto cabecilla de banda vinculado a muerte de mayor policial en Villa Juana"},"content":{"rendered":"\n<h2 class=\"wp-block-heading\">Otro miembro del grupo delictivo resulta detenido, mientras que otros tres fueron debidamente identificados<\/h2>\n\n\n\n<ul class=\"wp-block-list\">\n<li><\/li>\n<\/ul>\n\n\n\n<figure class=\"wp-block-image\"><img decoding=\"async\" src=\"https:\/\/listindiario.com\/files\/vertical_main_image\/files\/fp\/uploads\/2026\/04\/05\/69d2e9ce2897a.r_d.164-420.jpeg\" alt=\"&quot;Mandrake&quot; el fallecido en la operaci\u00f3n policial\"\/><figcaption class=\"wp-element-caption\">\"Mandrake\" el fallecido en la operaci\u00f3n policialPolic\u00eda Nacional<\/figcaption><\/figure>\n\n\n\n<p>Santo Domingo, RD<\/p>\n\n\n\n<p id=\"m4222-4221-4223\">La&nbsp;<strong>Polic\u00eda Nacional<\/strong>&nbsp;inform\u00f3 este domingo que un presunto delincuente, se\u00f1alado como cabecilla de la&nbsp;<strong>banda de atracadores<\/strong>&nbsp;\u201c<strong>El Circuito del Bloque\u201d,<\/strong>&nbsp;muri\u00f3 al enfrentar a una patrulla, mientras otro fue detenido durante operativos vinculados a la investigaci\u00f3n de la muerte del mayor Silo Miguel Popoters Polanco, ocurrida la madrugada de este domingo en el sector Villa Juana, del Distrito Nacional.<\/p>\n","protected":false},"excerpt":{"rendered":"<p>Otro miembro del grupo delictivo resulta detenido, mientras que otros tres fueron debidamente identificados Santo Domingo, RD La&nbsp;Polic\u00eda Nacional&nbsp;inform\u00f3 este domingo que un presunto delincuente, se\u00f1alado como cabecilla de la&nbsp;banda de atracadores&nbsp;\u201cEl Circuito del Bloque\u201d,&nbsp;muri\u00f3 al enfrentar a una patrulla, mientras otro fue detenido durante operativos vinculados a la investigaci\u00f3n de la muerte del mayor [&hellip;]<\/p>\n","protected":false},"author":2,"featured_media":6467,"comment_status":"open","ping_status":"open","sticky":false,"template":"","format":"standard","meta":{"_monsterinsights_skip_tracking":false,"_monsterinsights_sitenote_active":false,"_monsterinsights_sitenote_note":"","_monsterinsights_sitenote_category":0,"footnotes":""},"categories":[1],"tags":[],"class_list":["post-6466","post","type-post","status-publish","format-standard","has-post-thumbnail","hentry","category-uncategorized"],"aioseo_notices":[],"_links":{"self":[{"href":"https:\/\/azuaalinstante.com\/index.php\/wp-json\/wp\/v2\/posts\/6466","targetHints":{"allow":["GET"]}}],"collection":[{"href":"https:\/\/azuaalinstante.com\/index.php\/wp-json\/wp\/v2\/posts"}],"about":[{"href":"https:\/\/azuaalinstante.com\/index.php\/wp-json\/wp\/v2\/types\/post"}],"author":[{"embeddable":true,"href":"https:\/\/azuaalinstante.com\/index.php\/wp-json\/wp\/v2\/users\/2"}],"replies":[{"embeddable":true,"href":"https:\/\/azuaalinstante.com\/index.php\/wp-json\/wp\/v2\/comments?post=6466"}],"version-history":[{"count":1,"href":"https:\/\/azuaalinstante.com\/index.php\/wp-json\/wp\/v2\/posts\/6466\/revisions"}],"predecessor-version":[{"id":6468,"href":"https:\/\/azuaalinstante.com\/index.php\/wp-json\/wp\/v2\/posts\/6466\/revisions\/6468"}],"wp:featuredmedia":[{"embeddable":true,"href":"https:\/\/azuaalinstante.com\/index.php\/wp-json\/wp\/v2\/media\/6467"}],"wp:attachment":[{"href":"https:\/\/azuaalinstante.com\/index.php\/wp-json\/wp\/v2\/media?parent=6466"}],"wp:term":[{"taxonomy":"category","embeddable":true,"href":"https:\/\/azuaalinstante.com\/index.php\/wp-json\/wp\/v2\/categories?post=6466"},{"taxonomy":"post_tag","embeddable":true,"href":"https:\/\/azuaalinstante.com\/index.php\/wp-json\/wp\/v2\/tags?post=6466"}],"curies":[{"name":"wp","href":"https:\/\/api.w.org\/{rel}","templated":true}]}}