{"id":6517,"date":"2026-04-07T18:19:39","date_gmt":"2026-04-07T18:19:39","guid":{"rendered":"https:\/\/azuaalinstante.com\/?p=6517"},"modified":"2026-04-07T18:19:40","modified_gmt":"2026-04-07T18:19:40","slug":"juez-impone-prision-preventiva-a-coronel-de-la-policia-acusado-de-agredir-a-joven-en-los-mina","status":"publish","type":"post","link":"https:\/\/azuaalinstante.com\/index.php\/2026\/04\/07\/juez-impone-prision-preventiva-a-coronel-de-la-policia-acusado-de-agredir-a-joven-en-los-mina\/","title":{"rendered":"Juez impone prisi\u00f3n preventiva a coronel de la Polic\u00eda acusado de agredir a joven en Los Mina"},"content":{"rendered":"\n<h2 class=\"wp-block-heading\">Seg\u00fan la denuncia, la v\u00edctima se encontraba dentro de un veh\u00edculo junto a una hermana menor de edad y el propietario del autom\u00f3vil, cuando fueron abordados de manera insistente por una patrulla dirigida por el coronel Mad\u00e9 Ram\u00edrez.<\/h2>\n\n\n\n<ul class=\"wp-block-list\">\n<li><\/li>\n<\/ul>\n\n\n\n<figure class=\"wp-block-image\"><img decoding=\"async\" src=\"https:\/\/listindiario.com\/files\/vertical_main_image\/uploads\/2026\/04\/07\/69d53c7b05249.jpeg\" alt=\"Trasladan al coronel Fausto Mad\u00e9 Ram\u00edrez al el Centro de Operaciones Especiales de Manoguayabo de Santo Domingo Oeste.\"\/><figcaption class=\"wp-element-caption\">Trasladan al coronel Fausto Mad\u00e9 Ram\u00edrez al el Centro de Operaciones Especiales de Manoguayabo de Santo Domingo Oeste.<\/figcaption><\/figure>\n\n\n\n<p id=\"m52379-52378-52380\">El juez del juzgado de atenci\u00f3n permanente de&nbsp;<strong>Santo Domingo&nbsp;<\/strong>este impuso&nbsp;<strong>tres meses de prisi\u00f3n preventiva&nbsp;<\/strong>en contra del coronel de la Polic\u00eda Nacional,&nbsp;<strong>Fausto Mad\u00e9 Ram\u00edrez<\/strong>, imputado de agredir f\u00edsicamente a una adolescente durante un incidente captado en video y viralizado en las redes sociales.<\/p>\n","protected":false},"excerpt":{"rendered":"<p>Seg\u00fan la denuncia, la v\u00edctima se encontraba dentro de un veh\u00edculo junto a una hermana menor de edad y el propietario del autom\u00f3vil, cuando fueron abordados de manera insistente por una patrulla dirigida por el coronel Mad\u00e9 Ram\u00edrez. El juez del juzgado de atenci\u00f3n permanente de&nbsp;Santo Domingo&nbsp;este impuso&nbsp;tres meses de prisi\u00f3n preventiva&nbsp;en contra del coronel [&hellip;]<\/p>\n","protected":false},"author":2,"featured_media":6518,"comment_status":"open","ping_status":"open","sticky":false,"template":"","format":"standard","meta":{"_monsterinsights_skip_tracking":false,"_monsterinsights_sitenote_active":false,"_monsterinsights_sitenote_note":"","_monsterinsights_sitenote_category":0,"footnotes":""},"categories":[5],"tags":[],"class_list":["post-6517","post","type-post","status-publish","format-standard","has-post-thumbnail","hentry","category-republica"],"aioseo_notices":[],"_links":{"self":[{"href":"https:\/\/azuaalinstante.com\/index.php\/wp-json\/wp\/v2\/posts\/6517","targetHints":{"allow":["GET"]}}],"collection":[{"href":"https:\/\/azuaalinstante.com\/index.php\/wp-json\/wp\/v2\/posts"}],"about":[{"href":"https:\/\/azuaalinstante.com\/index.php\/wp-json\/wp\/v2\/types\/post"}],"author":[{"embeddable":true,"href":"https:\/\/azuaalinstante.com\/index.php\/wp-json\/wp\/v2\/users\/2"}],"replies":[{"embeddable":true,"href":"https:\/\/azuaalinstante.com\/index.php\/wp-json\/wp\/v2\/comments?post=6517"}],"version-history":[{"count":1,"href":"https:\/\/azuaalinstante.com\/index.php\/wp-json\/wp\/v2\/posts\/6517\/revisions"}],"predecessor-version":[{"id":6519,"href":"https:\/\/azuaalinstante.com\/index.php\/wp-json\/wp\/v2\/posts\/6517\/revisions\/6519"}],"wp:featuredmedia":[{"embeddable":true,"href":"https:\/\/azuaalinstante.com\/index.php\/wp-json\/wp\/v2\/media\/6518"}],"wp:attachment":[{"href":"https:\/\/azuaalinstante.com\/index.php\/wp-json\/wp\/v2\/media?parent=6517"}],"wp:term":[{"taxonomy":"category","embeddable":true,"href":"https:\/\/azuaalinstante.com\/index.php\/wp-json\/wp\/v2\/categories?post=6517"},{"taxonomy":"post_tag","embeddable":true,"href":"https:\/\/azuaalinstante.com\/index.php\/wp-json\/wp\/v2\/tags?post=6517"}],"curies":[{"name":"wp","href":"https:\/\/api.w.org\/{rel}","templated":true}]}}