{"id":6526,"date":"2026-04-07T18:30:47","date_gmt":"2026-04-07T18:30:47","guid":{"rendered":"https:\/\/azuaalinstante.com\/?p=6526"},"modified":"2026-04-07T18:30:47","modified_gmt":"2026-04-07T18:30:47","slug":"un-estudio-ha-demostrado-que-no-recordar-los-suenos-podria-ser-una-senal-de-alzheimer","status":"publish","type":"post","link":"https:\/\/azuaalinstante.com\/index.php\/2026\/04\/07\/un-estudio-ha-demostrado-que-no-recordar-los-suenos-podria-ser-una-senal-de-alzheimer\/","title":{"rendered":"Un estudio ha demostrado que no recordar los sue\u00f1os podr\u00eda ser una se\u00f1al de Alzheimer"},"content":{"rendered":"\n<h2 class=\"wp-block-heading\">El estudio ha demostrado que las personas que no recuerdan los sue\u00f1os presentan con mayor frecuencia El biomarcadores asociados al Alzheimer<\/h2>\n\n\n\n<ul class=\"wp-block-list\">\n<li><\/li>\n<\/ul>\n\n\n\n<figure class=\"wp-block-image\"><img decoding=\"async\" src=\"https:\/\/listindiario.com\/files\/vertical_main_image\/uploads\/2026\/01\/08\/695fbb29307dc.jpeg\" alt=\"Cient\u00edficos apuestan por pruebas m\u00e9dicas a  personas con riesgo de Alzheimer.\"\/><figcaption class=\"wp-element-caption\">Cient\u00edficos apuestan por pruebas m\u00e9dicas a personas con riesgo de Alzheimer. Fuente Externa<\/figcaption><\/figure>\n\n\n\n<p id=\"m19453-19452-19454\">No recordar los sue\u00f1os puede ser uno de los primeros cambios cerebrales asociados a la enfermedad de&nbsp;<strong>Alzheimer<\/strong>, seg\u00fan un estudio liderado por el&nbsp;<strong>Centro de Investigaci\u00f3n de Enfermedades Neurol\u00f3gicas<\/strong>&nbsp;(CIEN), que ha utilizado datos de 1.049 personas mayores \"cognitivamente sanas\" procedentes del 'Proyecto Vallecas'.<\/p>\n","protected":false},"excerpt":{"rendered":"<p>El estudio ha demostrado que las personas que no recuerdan los sue\u00f1os presentan con mayor frecuencia El biomarcadores asociados al Alzheimer No recordar los sue\u00f1os puede ser uno de los primeros cambios cerebrales asociados a la enfermedad de&nbsp;Alzheimer, seg\u00fan un estudio liderado por el&nbsp;Centro de Investigaci\u00f3n de Enfermedades Neurol\u00f3gicas&nbsp;(CIEN), que ha utilizado datos de 1.049 [&hellip;]<\/p>\n","protected":false},"author":2,"featured_media":6527,"comment_status":"open","ping_status":"open","sticky":false,"template":"","format":"standard","meta":{"_monsterinsights_skip_tracking":false,"_monsterinsights_sitenote_active":false,"_monsterinsights_sitenote_note":"","_monsterinsights_sitenote_category":0,"footnotes":""},"categories":[5],"tags":[],"class_list":["post-6526","post","type-post","status-publish","format-standard","has-post-thumbnail","hentry","category-republica"],"aioseo_notices":[],"_links":{"self":[{"href":"https:\/\/azuaalinstante.com\/index.php\/wp-json\/wp\/v2\/posts\/6526","targetHints":{"allow":["GET"]}}],"collection":[{"href":"https:\/\/azuaalinstante.com\/index.php\/wp-json\/wp\/v2\/posts"}],"about":[{"href":"https:\/\/azuaalinstante.com\/index.php\/wp-json\/wp\/v2\/types\/post"}],"author":[{"embeddable":true,"href":"https:\/\/azuaalinstante.com\/index.php\/wp-json\/wp\/v2\/users\/2"}],"replies":[{"embeddable":true,"href":"https:\/\/azuaalinstante.com\/index.php\/wp-json\/wp\/v2\/comments?post=6526"}],"version-history":[{"count":1,"href":"https:\/\/azuaalinstante.com\/index.php\/wp-json\/wp\/v2\/posts\/6526\/revisions"}],"predecessor-version":[{"id":6528,"href":"https:\/\/azuaalinstante.com\/index.php\/wp-json\/wp\/v2\/posts\/6526\/revisions\/6528"}],"wp:featuredmedia":[{"embeddable":true,"href":"https:\/\/azuaalinstante.com\/index.php\/wp-json\/wp\/v2\/media\/6527"}],"wp:attachment":[{"href":"https:\/\/azuaalinstante.com\/index.php\/wp-json\/wp\/v2\/media?parent=6526"}],"wp:term":[{"taxonomy":"category","embeddable":true,"href":"https:\/\/azuaalinstante.com\/index.php\/wp-json\/wp\/v2\/categories?post=6526"},{"taxonomy":"post_tag","embeddable":true,"href":"https:\/\/azuaalinstante.com\/index.php\/wp-json\/wp\/v2\/tags?post=6526"}],"curies":[{"name":"wp","href":"https:\/\/api.w.org\/{rel}","templated":true}]}}