{"id":6529,"date":"2026-04-07T18:33:32","date_gmt":"2026-04-07T18:33:32","guid":{"rendered":"https:\/\/azuaalinstante.com\/?p=6529"},"modified":"2026-04-07T18:33:33","modified_gmt":"2026-04-07T18:33:33","slug":"celinee-santos-y-jennifer-colon-se-enfrentan-en-la-casa-de-los-famosos-tras-polemica-en-miss-universo","status":"publish","type":"post","link":"https:\/\/azuaalinstante.com\/index.php\/2026\/04\/07\/celinee-santos-y-jennifer-colon-se-enfrentan-en-la-casa-de-los-famosos-tras-polemica-en-miss-universo\/","title":{"rendered":"Celinee Santos y Jennifer Col\u00f3n se enfrentan en \u201cLa casa de los famosos\u201d tras pol\u00e9mica en Miss Universo"},"content":{"rendered":"\n<h2 class=\"wp-block-heading\">Col\u00f3n llev\u00f3 su disgusto con Santos hasta la sexta temporada del reality de Telemundo por el desfile que la exMiss Rep\u00fablica Dominicana realiz\u00f3 frente a ella cuando posaba para una foto hace casi dos a\u00f1os.<\/h2>\n\n\n\n<ul class=\"wp-block-list\">\n<li><\/li>\n<\/ul>\n\n\n\n<figure class=\"wp-block-image\"><img decoding=\"async\" src=\"https:\/\/listindiario.com\/files\/vertical_main_image\/files\/fp\/uploads\/2026\/04\/07\/69d518463932e.r_d.231-378.jpeg\" alt=\"Celinee Santos y Jennifer Col\u00f3n.\"\/><figcaption class=\"wp-element-caption\">Celinee Santos y Jennifer Col\u00f3n.<\/figcaption><\/figure>\n\n\n\n<p id=\"m108021-108020-108022\">La dominicana&nbsp;<strong>Celinee Santos<\/strong>&nbsp;y la puertorrique\u00f1a&nbsp;<strong>Jennifer Col\u00f3n<\/strong>, quienes participaron en el certamen de&nbsp;<strong>Miss Universo<\/strong>&nbsp;en el a\u00f1o 2024, se enfrentaron este lunes en&nbsp;<strong>\u201cLa casa de los famosos 6\u201d<\/strong>,por primera vez desde la pol\u00e9mica que protagonizaron durante la competencia.<\/p>\n","protected":false},"excerpt":{"rendered":"<p>Col\u00f3n llev\u00f3 su disgusto con Santos hasta la sexta temporada del reality de Telemundo por el desfile que la exMiss Rep\u00fablica Dominicana realiz\u00f3 frente a ella cuando posaba para una foto hace casi dos a\u00f1os. La dominicana&nbsp;Celinee Santos&nbsp;y la puertorrique\u00f1a&nbsp;Jennifer Col\u00f3n, quienes participaron en el certamen de&nbsp;Miss Universo&nbsp;en el a\u00f1o 2024, se enfrentaron este lunes [&hellip;]<\/p>\n","protected":false},"author":2,"featured_media":6530,"comment_status":"open","ping_status":"open","sticky":false,"template":"","format":"standard","meta":{"_monsterinsights_skip_tracking":false,"_monsterinsights_sitenote_active":false,"_monsterinsights_sitenote_note":"","_monsterinsights_sitenote_category":0,"footnotes":""},"categories":[22],"tags":[],"class_list":["post-6529","post","type-post","status-publish","format-standard","has-post-thumbnail","hentry","category-entretenimiento"],"aioseo_notices":[],"_links":{"self":[{"href":"https:\/\/azuaalinstante.com\/index.php\/wp-json\/wp\/v2\/posts\/6529","targetHints":{"allow":["GET"]}}],"collection":[{"href":"https:\/\/azuaalinstante.com\/index.php\/wp-json\/wp\/v2\/posts"}],"about":[{"href":"https:\/\/azuaalinstante.com\/index.php\/wp-json\/wp\/v2\/types\/post"}],"author":[{"embeddable":true,"href":"https:\/\/azuaalinstante.com\/index.php\/wp-json\/wp\/v2\/users\/2"}],"replies":[{"embeddable":true,"href":"https:\/\/azuaalinstante.com\/index.php\/wp-json\/wp\/v2\/comments?post=6529"}],"version-history":[{"count":1,"href":"https:\/\/azuaalinstante.com\/index.php\/wp-json\/wp\/v2\/posts\/6529\/revisions"}],"predecessor-version":[{"id":6531,"href":"https:\/\/azuaalinstante.com\/index.php\/wp-json\/wp\/v2\/posts\/6529\/revisions\/6531"}],"wp:featuredmedia":[{"embeddable":true,"href":"https:\/\/azuaalinstante.com\/index.php\/wp-json\/wp\/v2\/media\/6530"}],"wp:attachment":[{"href":"https:\/\/azuaalinstante.com\/index.php\/wp-json\/wp\/v2\/media?parent=6529"}],"wp:term":[{"taxonomy":"category","embeddable":true,"href":"https:\/\/azuaalinstante.com\/index.php\/wp-json\/wp\/v2\/categories?post=6529"},{"taxonomy":"post_tag","embeddable":true,"href":"https:\/\/azuaalinstante.com\/index.php\/wp-json\/wp\/v2\/tags?post=6529"}],"curies":[{"name":"wp","href":"https:\/\/api.w.org\/{rel}","templated":true}]}}