{"id":6575,"date":"2026-04-07T19:17:46","date_gmt":"2026-04-07T19:17:46","guid":{"rendered":"https:\/\/azuaalinstante.com\/?p=6575"},"modified":"2026-04-07T19:17:47","modified_gmt":"2026-04-07T19:17:47","slug":"anibal-de-castro-es-seleccionado-premio-nacional-de-periodismo-2026","status":"publish","type":"post","link":"https:\/\/azuaalinstante.com\/index.php\/2026\/04\/07\/anibal-de-castro-es-seleccionado-premio-nacional-de-periodismo-2026\/","title":{"rendered":"Anibal De Castro es seleccionado Premio Nacional de Periodismo 2026"},"content":{"rendered":"\n<h2 class=\"wp-block-heading\">Al comunicarle la elecci\u00f3n, De Camps felicit\u00f3 a De Castro y expres\u00f3 que este reconocimiento busca la justicia, y fomentar el inter\u00e9s de nuevas generaciones del periodismo en emular la trayectoria que ha labrado a trav\u00e9s de su trabajo profesional.<\/h2>\n\n\n\n<ul class=\"wp-block-list\">\n<li><\/li>\n<\/ul>\n\n\n\n<figure class=\"wp-block-image\"><img decoding=\"async\" src=\"https:\/\/listindiario.com\/files\/vertical_main_image\/uploads\/2025\/07\/03\/686699243b00e.jpeg\" alt=\"An\u00edbal de Castro, director del peri\u00f3dico Diario Libre.\"\/><figcaption class=\"wp-element-caption\">An\u00edbal de Castro, presidente del Grupo Diario Libre. Fuente externa<\/figcaption><\/figure>\n\n\n\n<p>Santo Domingo, RD<\/p>\n\n\n\n<p id=\"m47701-47700-47702\">El Ministerio de Educaci\u00f3n de la Rep\u00fablica Dominicana y el Colegio Dominicano de Periodistas (CDP) anunciaron este lunes que el periodista&nbsp;<strong>Anibal de Castro&nbsp;<\/strong>fue seleccionado como el ganador del Premio Nacional de Periodismo 2026, un reconocimiento por su entrega, profesionalismo y apego a la \u00e9tica period\u00edstica.<\/p>\n","protected":false},"excerpt":{"rendered":"<p>Al comunicarle la elecci\u00f3n, De Camps felicit\u00f3 a De Castro y expres\u00f3 que este reconocimiento busca la justicia, y fomentar el inter\u00e9s de nuevas generaciones del periodismo en emular la trayectoria que ha labrado a trav\u00e9s de su trabajo profesional. Santo Domingo, RD El Ministerio de Educaci\u00f3n de la Rep\u00fablica Dominicana y el Colegio Dominicano [&hellip;]<\/p>\n","protected":false},"author":2,"featured_media":6576,"comment_status":"open","ping_status":"open","sticky":false,"template":"","format":"standard","meta":{"_monsterinsights_skip_tracking":false,"_monsterinsights_sitenote_active":false,"_monsterinsights_sitenote_note":"","_monsterinsights_sitenote_category":0,"footnotes":""},"categories":[5],"tags":[],"class_list":["post-6575","post","type-post","status-publish","format-standard","has-post-thumbnail","hentry","category-republica"],"aioseo_notices":[],"_links":{"self":[{"href":"https:\/\/azuaalinstante.com\/index.php\/wp-json\/wp\/v2\/posts\/6575","targetHints":{"allow":["GET"]}}],"collection":[{"href":"https:\/\/azuaalinstante.com\/index.php\/wp-json\/wp\/v2\/posts"}],"about":[{"href":"https:\/\/azuaalinstante.com\/index.php\/wp-json\/wp\/v2\/types\/post"}],"author":[{"embeddable":true,"href":"https:\/\/azuaalinstante.com\/index.php\/wp-json\/wp\/v2\/users\/2"}],"replies":[{"embeddable":true,"href":"https:\/\/azuaalinstante.com\/index.php\/wp-json\/wp\/v2\/comments?post=6575"}],"version-history":[{"count":1,"href":"https:\/\/azuaalinstante.com\/index.php\/wp-json\/wp\/v2\/posts\/6575\/revisions"}],"predecessor-version":[{"id":6577,"href":"https:\/\/azuaalinstante.com\/index.php\/wp-json\/wp\/v2\/posts\/6575\/revisions\/6577"}],"wp:featuredmedia":[{"embeddable":true,"href":"https:\/\/azuaalinstante.com\/index.php\/wp-json\/wp\/v2\/media\/6576"}],"wp:attachment":[{"href":"https:\/\/azuaalinstante.com\/index.php\/wp-json\/wp\/v2\/media?parent=6575"}],"wp:term":[{"taxonomy":"category","embeddable":true,"href":"https:\/\/azuaalinstante.com\/index.php\/wp-json\/wp\/v2\/categories?post=6575"},{"taxonomy":"post_tag","embeddable":true,"href":"https:\/\/azuaalinstante.com\/index.php\/wp-json\/wp\/v2\/tags?post=6575"}],"curies":[{"name":"wp","href":"https:\/\/api.w.org\/{rel}","templated":true}]}}