{"id":6644,"date":"2026-04-09T11:05:31","date_gmt":"2026-04-09T11:05:31","guid":{"rendered":"https:\/\/azuaalinstante.com\/?p=6644"},"modified":"2026-04-09T11:05:32","modified_gmt":"2026-04-09T11:05:32","slug":"explosion-de-cilindro-de-gas-deja-a-madre-e-hija-en-estado-critico-en-san-jose-de-las-matas","status":"publish","type":"post","link":"https:\/\/azuaalinstante.com\/index.php\/2026\/04\/09\/explosion-de-cilindro-de-gas-deja-a-madre-e-hija-en-estado-critico-en-san-jose-de-las-matas\/","title":{"rendered":"Explosi\u00f3n de cilindro de gas deja a madre e hija en estado cr\u00edtico en San Jos\u00e9 de las Matas"},"content":{"rendered":"\n<h2 class=\"wp-block-heading\">Ambas v\u00edctimas se encuentran en estado delicado y reciben atenciones m\u00e9dicas en distintos centros de salud.<\/h2>\n\n\n\n<ul class=\"wp-block-list\">\n<li><\/li>\n<\/ul>\n\n\n\n<figure class=\"wp-block-image\"><img decoding=\"async\" src=\"https:\/\/listindiario.com\/files\/vertical_main_image\/uploads\/2026\/04\/08\/69d6c7bfce9f1.jpeg\" alt=\"Ambulancia que traslad\u00f3 a las v\u00edctimas tras la explosi\u00f3n de un cilindro de gas en San Jos\u00e9 de las Matas, en Santiago.\"\/><figcaption class=\"wp-element-caption\">Ambulancia que traslad\u00f3 a las v\u00edctimas tras la explosi\u00f3n de un cilindro de gas en San Jos\u00e9 de las Matas, en Santiago.<\/figcaption><\/figure>\n\n\n\n<p id=\"m119876-119875-119877\">Una madre y su hija menor de edad resultaron con quemaduras de gravedad tras la explosi\u00f3n de un cilindro de gas en un apartamento, en un hecho ocurrido en el municipio de<strong>&nbsp;San Jos\u00e9 de las Matas<\/strong>, provincia&nbsp;<strong>Santiago<\/strong>.<\/p>\n","protected":false},"excerpt":{"rendered":"<p>Ambas v\u00edctimas se encuentran en estado delicado y reciben atenciones m\u00e9dicas en distintos centros de salud. Una madre y su hija menor de edad resultaron con quemaduras de gravedad tras la explosi\u00f3n de un cilindro de gas en un apartamento, en un hecho ocurrido en el municipio de&nbsp;San Jos\u00e9 de las Matas, provincia&nbsp;Santiago.<\/p>\n","protected":false},"author":2,"featured_media":6645,"comment_status":"open","ping_status":"open","sticky":false,"template":"","format":"standard","meta":{"_monsterinsights_skip_tracking":false,"_monsterinsights_sitenote_active":false,"_monsterinsights_sitenote_note":"","_monsterinsights_sitenote_category":0,"footnotes":""},"categories":[5],"tags":[],"class_list":["post-6644","post","type-post","status-publish","format-standard","has-post-thumbnail","hentry","category-republica"],"aioseo_notices":[],"_links":{"self":[{"href":"https:\/\/azuaalinstante.com\/index.php\/wp-json\/wp\/v2\/posts\/6644","targetHints":{"allow":["GET"]}}],"collection":[{"href":"https:\/\/azuaalinstante.com\/index.php\/wp-json\/wp\/v2\/posts"}],"about":[{"href":"https:\/\/azuaalinstante.com\/index.php\/wp-json\/wp\/v2\/types\/post"}],"author":[{"embeddable":true,"href":"https:\/\/azuaalinstante.com\/index.php\/wp-json\/wp\/v2\/users\/2"}],"replies":[{"embeddable":true,"href":"https:\/\/azuaalinstante.com\/index.php\/wp-json\/wp\/v2\/comments?post=6644"}],"version-history":[{"count":1,"href":"https:\/\/azuaalinstante.com\/index.php\/wp-json\/wp\/v2\/posts\/6644\/revisions"}],"predecessor-version":[{"id":6646,"href":"https:\/\/azuaalinstante.com\/index.php\/wp-json\/wp\/v2\/posts\/6644\/revisions\/6646"}],"wp:featuredmedia":[{"embeddable":true,"href":"https:\/\/azuaalinstante.com\/index.php\/wp-json\/wp\/v2\/media\/6645"}],"wp:attachment":[{"href":"https:\/\/azuaalinstante.com\/index.php\/wp-json\/wp\/v2\/media?parent=6644"}],"wp:term":[{"taxonomy":"category","embeddable":true,"href":"https:\/\/azuaalinstante.com\/index.php\/wp-json\/wp\/v2\/categories?post=6644"},{"taxonomy":"post_tag","embeddable":true,"href":"https:\/\/azuaalinstante.com\/index.php\/wp-json\/wp\/v2\/tags?post=6644"}],"curies":[{"name":"wp","href":"https:\/\/api.w.org\/{rel}","templated":true}]}}