{"id":6672,"date":"2026-04-10T00:54:12","date_gmt":"2026-04-10T00:54:12","guid":{"rendered":"https:\/\/azuaalinstante.com\/?p=6672"},"modified":"2026-04-10T00:54:14","modified_gmt":"2026-04-10T00:54:14","slug":"presidente-abinader-conversa-con-estudiantes-universitarios-sobre-educacion-liderazgo-y-servicio-publico-como-pilares-del-desarrollo","status":"publish","type":"post","link":"https:\/\/azuaalinstante.com\/index.php\/2026\/04\/10\/presidente-abinader-conversa-con-estudiantes-universitarios-sobre-educacion-liderazgo-y-servicio-publico-como-pilares-del-desarrollo\/","title":{"rendered":"Presidente Abinader conversa con estudiantes universitarios sobre educaci\u00f3n, liderazgo y servicio p\u00fablico como pilares del desarrollo"},"content":{"rendered":"\n<p><em>Destaca que en seis a\u00f1os de gobierno ha trabajado para fortalecer la institucionalidad y la independencia del Ministerio P\u00fablico, mejorar indicadores sociales y calidad de vida<\/em><\/p>\n\n\n\n<p><em>Santo Domingo. \u2013<\/em> El presidente Luis Abinader particip\u00f3 en un conversatorio pol\u00edtico con estudiantes universitarios, afianzando la cercan\u00eda y motivaci\u00f3n hacia la poblaci\u00f3n joven para que contin\u00faen desarroll\u00e1ndose con ah\u00ednco a nivel profesional y econ\u00f3mico, recordando que la educaci\u00f3n es una base fundamental para crear un futuro s\u00f3lido y contribuir con el desarrollo del pa\u00eds.<\/p>\n\n\n\n<p>En el encuentro denominado \u201cCaf\u00e9 Pol\u00edtico\u201dparticiparon miembros de El Club de Ideas Pol\u00edticas (CIP) de la Pontificia Universidad Cat\u00f3lica Madre y Maestra (PUCMM), cuyo prop\u00f3sito es fomentar el an\u00e1lisis y debate sobre temas pol\u00edticos y sociales actuales.<\/p>\n\n\n\n<p>El mandatario fue abordado sobre temas de liderazgo, democracia y su trabajo pol\u00edtico, desde sus inicios, experiencia y trayectoria, hasta los principios que han guiado su gobierno.<\/p>\n\n\n\n<p>A lo que respondi\u00f3 que, siendo la labor pol\u00edtica un espacio de servicio p\u00fablico, en sus seis a\u00f1os de gobierno ha trabajado para fortalecer la institucionalidad y la independencia del Ministerio P\u00fablico, disminuir la pobreza, mejorar la salud, el transporte, la educaci\u00f3n, las infraestructuras, la apertura digital y la calidad de vida, entre muchos otros sectores.<\/p>\n\n\n\n<p>Con su participaci\u00f3n, Abinader se convierte en el primer presidente en funciones en asistir al Caf\u00e9 Pol\u00edtico, espacio que invita semanalmente a pol\u00edticos, funcionarios y figuras p\u00fablicas de alto perfil para compartir sus experiencias, visiones y motivaciones.<\/p>\n\n\n\n<p>Celebrado en el Patio Espa\u00f1ol del Decanato de Estudiantes de la referida universidad, el conversatorio fue guiado por el presidente del CIP, Luis E. Freundt.<\/p>\n\n\n\n<p>A su llegada, el jefe de Estado fue recibido por el rector de la PUCMM, reverendo padre doctor Secilio Espinal, junto al profesor y vicerrector acad\u00e9mico Julio Ferreira, y la profesora Carolina Caba, decana de Estudiantes. Tambi\u00e9n estuvo presente el ministro de la Juventud, Carlos Valdez y la diputada por el Distrito Nacional, Liz Mieses.<\/p>\n\n\n\n<p><em>Direcci\u00f3n de Prensa del Presidente<\/em><\/p>\n","protected":false},"excerpt":{"rendered":"<p>Destaca que en seis a\u00f1os de gobierno ha trabajado para fortalecer la institucionalidad y la independencia del Ministerio P\u00fablico, mejorar indicadores sociales y calidad de vida Santo Domingo. \u2013 El presidente Luis Abinader particip\u00f3 en un conversatorio pol\u00edtico con estudiantes universitarios, afianzando la cercan\u00eda y motivaci\u00f3n hacia la poblaci\u00f3n joven para que contin\u00faen desarroll\u00e1ndose con [&hellip;]<\/p>\n","protected":false},"author":2,"featured_media":6673,"comment_status":"open","ping_status":"open","sticky":false,"template":"","format":"standard","meta":{"_monsterinsights_skip_tracking":false,"_monsterinsights_sitenote_active":false,"_monsterinsights_sitenote_note":"","_monsterinsights_sitenote_category":0,"footnotes":""},"categories":[5],"tags":[],"class_list":["post-6672","post","type-post","status-publish","format-standard","has-post-thumbnail","hentry","category-republica"],"aioseo_notices":[],"_links":{"self":[{"href":"https:\/\/azuaalinstante.com\/index.php\/wp-json\/wp\/v2\/posts\/6672","targetHints":{"allow":["GET"]}}],"collection":[{"href":"https:\/\/azuaalinstante.com\/index.php\/wp-json\/wp\/v2\/posts"}],"about":[{"href":"https:\/\/azuaalinstante.com\/index.php\/wp-json\/wp\/v2\/types\/post"}],"author":[{"embeddable":true,"href":"https:\/\/azuaalinstante.com\/index.php\/wp-json\/wp\/v2\/users\/2"}],"replies":[{"embeddable":true,"href":"https:\/\/azuaalinstante.com\/index.php\/wp-json\/wp\/v2\/comments?post=6672"}],"version-history":[{"count":1,"href":"https:\/\/azuaalinstante.com\/index.php\/wp-json\/wp\/v2\/posts\/6672\/revisions"}],"predecessor-version":[{"id":6674,"href":"https:\/\/azuaalinstante.com\/index.php\/wp-json\/wp\/v2\/posts\/6672\/revisions\/6674"}],"wp:featuredmedia":[{"embeddable":true,"href":"https:\/\/azuaalinstante.com\/index.php\/wp-json\/wp\/v2\/media\/6673"}],"wp:attachment":[{"href":"https:\/\/azuaalinstante.com\/index.php\/wp-json\/wp\/v2\/media?parent=6672"}],"wp:term":[{"taxonomy":"category","embeddable":true,"href":"https:\/\/azuaalinstante.com\/index.php\/wp-json\/wp\/v2\/categories?post=6672"},{"taxonomy":"post_tag","embeddable":true,"href":"https:\/\/azuaalinstante.com\/index.php\/wp-json\/wp\/v2\/tags?post=6672"}],"curies":[{"name":"wp","href":"https:\/\/api.w.org\/{rel}","templated":true}]}}