{"id":6676,"date":"2026-04-10T13:18:53","date_gmt":"2026-04-10T13:18:53","guid":{"rendered":"https:\/\/azuaalinstante.com\/?p=6676"},"modified":"2026-04-10T13:19:05","modified_gmt":"2026-04-10T13:19:05","slug":"para-que-haya-sanacion-debe-imperar-la-justicia-dijo-monsenor-morel-diplan-en-eucaristia-por-las-victimas-del-jet-set","status":"publish","type":"post","link":"https:\/\/azuaalinstante.com\/index.php\/2026\/04\/10\/para-que-haya-sanacion-debe-imperar-la-justicia-dijo-monsenor-morel-diplan-en-eucaristia-por-las-victimas-del-jet-set\/","title":{"rendered":"Para que haya sanaci\u00f3n debe imperar la justicia\u201d, dijo monse\u00f1or Morel Dipl\u00e1n en eucarist\u00eda por las v\u00edctimas del Jet Set"},"content":{"rendered":"\n<h2 class=\"wp-block-heading\">Dando continuidad a los actos conmemorativos en honor a los fallecidos y lesionados en el centro de diversi\u00f3n ayer en horas de la tarde, fue oficiada una segunda eucarist\u00eda, presidida por el arzobispo coadjutor de Santo Domingo.<\/h2>\n\n\n\n<ul class=\"wp-block-list\">\n<li><\/li>\n<\/ul>\n\n\n\n<figure class=\"wp-block-image\"><img decoding=\"async\" src=\"https:\/\/listindiario.com\/files\/vertical_main_image\/uploads\/2026\/04\/09\/69d85c6133cb4.jpeg\" alt=\"Durante los actos conmemorativos fueron oficiadas dos eucarist\u00edas.\"\/><figcaption class=\"wp-element-caption\">Durante los actos conmemorativos fueron oficiadas dos eucarist\u00edas. JOS\u00c9 A. MALDONADO<\/figcaption><\/figure>\n\n\n\n<p>SANTO DOMINGO, RD<\/p>\n\n\n\n<p id=\"m61663-61662-61664\">El arzobispo coadjutor de Santo Domingo, monse\u00f1or Carlos Tom\u00e1s Morel Dipl\u00e1n, manifest\u00f3 ayer la necesidad de que impere la justicia para alcanzar el proceso de sanaci\u00f3n de los sobrevivientes y familiares de las v\u00edctimas que resultaron afectadas en la tragedia del Jet Set, haciendo referencia a que los responsables respondan por la negligencia de sus actos.<\/p>\n","protected":false},"excerpt":{"rendered":"<p>Dando continuidad a los actos conmemorativos en honor a los fallecidos y lesionados en el centro de diversi\u00f3n ayer en horas de la tarde, fue oficiada una segunda eucarist\u00eda, presidida por el arzobispo coadjutor de Santo Domingo. SANTO DOMINGO, RD El arzobispo coadjutor de Santo Domingo, monse\u00f1or Carlos Tom\u00e1s Morel Dipl\u00e1n, manifest\u00f3 ayer la necesidad [&hellip;]<\/p>\n","protected":false},"author":2,"featured_media":6677,"comment_status":"open","ping_status":"open","sticky":false,"template":"","format":"standard","meta":{"_monsterinsights_skip_tracking":false,"_monsterinsights_sitenote_active":false,"_monsterinsights_sitenote_note":"","_monsterinsights_sitenote_category":0,"footnotes":""},"categories":[5],"tags":[],"class_list":["post-6676","post","type-post","status-publish","format-standard","has-post-thumbnail","hentry","category-republica"],"aioseo_notices":[],"_links":{"self":[{"href":"https:\/\/azuaalinstante.com\/index.php\/wp-json\/wp\/v2\/posts\/6676","targetHints":{"allow":["GET"]}}],"collection":[{"href":"https:\/\/azuaalinstante.com\/index.php\/wp-json\/wp\/v2\/posts"}],"about":[{"href":"https:\/\/azuaalinstante.com\/index.php\/wp-json\/wp\/v2\/types\/post"}],"author":[{"embeddable":true,"href":"https:\/\/azuaalinstante.com\/index.php\/wp-json\/wp\/v2\/users\/2"}],"replies":[{"embeddable":true,"href":"https:\/\/azuaalinstante.com\/index.php\/wp-json\/wp\/v2\/comments?post=6676"}],"version-history":[{"count":1,"href":"https:\/\/azuaalinstante.com\/index.php\/wp-json\/wp\/v2\/posts\/6676\/revisions"}],"predecessor-version":[{"id":6678,"href":"https:\/\/azuaalinstante.com\/index.php\/wp-json\/wp\/v2\/posts\/6676\/revisions\/6678"}],"wp:featuredmedia":[{"embeddable":true,"href":"https:\/\/azuaalinstante.com\/index.php\/wp-json\/wp\/v2\/media\/6677"}],"wp:attachment":[{"href":"https:\/\/azuaalinstante.com\/index.php\/wp-json\/wp\/v2\/media?parent=6676"}],"wp:term":[{"taxonomy":"category","embeddable":true,"href":"https:\/\/azuaalinstante.com\/index.php\/wp-json\/wp\/v2\/categories?post=6676"},{"taxonomy":"post_tag","embeddable":true,"href":"https:\/\/azuaalinstante.com\/index.php\/wp-json\/wp\/v2\/tags?post=6676"}],"curies":[{"name":"wp","href":"https:\/\/api.w.org\/{rel}","templated":true}]}}