{"id":6743,"date":"2026-04-11T23:25:05","date_gmt":"2026-04-11T23:25:05","guid":{"rendered":"https:\/\/azuaalinstante.com\/?p=6743"},"modified":"2026-04-11T23:25:06","modified_gmt":"2026-04-11T23:25:06","slug":"detenganse-sientense-en-mesas-de-mediacion-el-clamor-del-papa-a-los-gobernantes","status":"publish","type":"post","link":"https:\/\/azuaalinstante.com\/index.php\/2026\/04\/11\/detenganse-sientense-en-mesas-de-mediacion-el-clamor-del-papa-a-los-gobernantes\/","title":{"rendered":"Det\u00e9nganse! \u00a1Si\u00e9ntense en mesas de mediaci\u00f3n! el clamor del papa a los gobernantes"},"content":{"rendered":"\n<h2 class=\"wp-block-heading\">El papa abog\u00f3 por \"romper la cadena demon\u00edaca del mal\" para crear un mundo \"en el que no hay espada, ni drones, ni venganza, ni banalizaci\u00f3n del mal, ni lucro injusto\", sino comprensi\u00f3n y perd\u00f3n.<\/h2>\n\n\n\n<ul class=\"wp-block-list\">\n<li><\/li>\n<\/ul>\n\n\n\n<figure class=\"wp-block-image\"><img decoding=\"async\" src=\"https:\/\/listindiario.com\/files\/main_image\/uploads\/2026\/04\/11\/69da8afe4c293.jpeg\" alt=\"El Papa Le\u00f3n XIV pronuncia un discurso durante una vigilia y un rosario por la paz en la Bas\u00edlica de San Pedro en el Vaticano el 11 de abril de 2026. (Foto de Filippo MONTEFORTE\"\/><figcaption class=\"wp-element-caption\">El Papa Le\u00f3n XIV pronuncia un discurso durante una vigilia y un rosario por la paz en la Bas\u00edlica de San Pedro en el Vaticano el 11 de abril de 2026. (Foto de Filippo MONTEFORTEAFP<\/figcaption><\/figure>\n\n\n\n<p id=\"m17402-17401-17403\">El papa Le\u00f3n XIV ha exhortado este s\u00e1bado a los gobernantes del mundo a contener toda \"exhibici\u00f3n de fuerza\" y a \"sentarse en mesas de di\u00e1logo y mediaci\u00f3n\", durante un acto por la paz en el Vaticano ante el aumento de los conflictos.<\/p>\n","protected":false},"excerpt":{"rendered":"<p>El papa abog\u00f3 por \"romper la cadena demon\u00edaca del mal\" para crear un mundo \"en el que no hay espada, ni drones, ni venganza, ni banalizaci\u00f3n del mal, ni lucro injusto\", sino comprensi\u00f3n y perd\u00f3n. El papa Le\u00f3n XIV ha exhortado este s\u00e1bado a los gobernantes del mundo a contener toda \"exhibici\u00f3n de fuerza\" y [&hellip;]<\/p>\n","protected":false},"author":2,"featured_media":6744,"comment_status":"open","ping_status":"open","sticky":false,"template":"","format":"standard","meta":{"_monsterinsights_skip_tracking":false,"_monsterinsights_sitenote_active":false,"_monsterinsights_sitenote_note":"","_monsterinsights_sitenote_category":0,"footnotes":""},"categories":[1],"tags":[],"class_list":["post-6743","post","type-post","status-publish","format-standard","has-post-thumbnail","hentry","category-uncategorized"],"aioseo_notices":[],"_links":{"self":[{"href":"https:\/\/azuaalinstante.com\/index.php\/wp-json\/wp\/v2\/posts\/6743","targetHints":{"allow":["GET"]}}],"collection":[{"href":"https:\/\/azuaalinstante.com\/index.php\/wp-json\/wp\/v2\/posts"}],"about":[{"href":"https:\/\/azuaalinstante.com\/index.php\/wp-json\/wp\/v2\/types\/post"}],"author":[{"embeddable":true,"href":"https:\/\/azuaalinstante.com\/index.php\/wp-json\/wp\/v2\/users\/2"}],"replies":[{"embeddable":true,"href":"https:\/\/azuaalinstante.com\/index.php\/wp-json\/wp\/v2\/comments?post=6743"}],"version-history":[{"count":1,"href":"https:\/\/azuaalinstante.com\/index.php\/wp-json\/wp\/v2\/posts\/6743\/revisions"}],"predecessor-version":[{"id":6745,"href":"https:\/\/azuaalinstante.com\/index.php\/wp-json\/wp\/v2\/posts\/6743\/revisions\/6745"}],"wp:featuredmedia":[{"embeddable":true,"href":"https:\/\/azuaalinstante.com\/index.php\/wp-json\/wp\/v2\/media\/6744"}],"wp:attachment":[{"href":"https:\/\/azuaalinstante.com\/index.php\/wp-json\/wp\/v2\/media?parent=6743"}],"wp:term":[{"taxonomy":"category","embeddable":true,"href":"https:\/\/azuaalinstante.com\/index.php\/wp-json\/wp\/v2\/categories?post=6743"},{"taxonomy":"post_tag","embeddable":true,"href":"https:\/\/azuaalinstante.com\/index.php\/wp-json\/wp\/v2\/tags?post=6743"}],"curies":[{"name":"wp","href":"https:\/\/api.w.org\/{rel}","templated":true}]}}