{"id":6826,"date":"2026-04-12T19:42:52","date_gmt":"2026-04-12T19:42:52","guid":{"rendered":"https:\/\/azuaalinstante.com\/?p=6826"},"modified":"2026-04-12T19:42:53","modified_gmt":"2026-04-12T19:42:53","slug":"lo-perdi-todo-afectados-lloran-por-danos-del-rio-camu-y-denuncian-extraccion-de-materiales","status":"publish","type":"post","link":"https:\/\/azuaalinstante.com\/index.php\/2026\/04\/12\/lo-perdi-todo-afectados-lloran-por-danos-del-rio-camu-y-denuncian-extraccion-de-materiales\/","title":{"rendered":"Lo perd\u00ed todo\u201d: afectados lloran por da\u00f1os del r\u00edo Cam\u00fa y denuncian extracci\u00f3n de materiales"},"content":{"rendered":"\n<h2 class=\"wp-block-heading\">Perla Maciel, madre soltera residente en el kil\u00f3metro 14 de Cam\u00fa, relat\u00f3 con la voz entrecortada c\u00f3mo estuvo a punto de morir junto a sus dos hijas cuando las aguas irrumpieron violentamente en su vivienda durante la madrugada.<\/h2>\n\n\n\n<ul class=\"wp-block-list\">\n<li><\/li>\n<\/ul>\n\n\n\n<figure class=\"wp-block-image\"><img decoding=\"async\" src=\"https:\/\/listindiario.com\/files\/vertical_main_image\/files\/fp\/uploads\/2026\/04\/12\/69dbf1d8a9dca.r_d.222-214.jpeg\" alt=\"Perla Maciel, quien perdi\u00f3 todo tras las inundaciones provocadas por vaguada en Puerto Plata.\"\/><figcaption class=\"wp-element-caption\">Perla Maciel, quien perdi\u00f3 todo tras las inundaciones provocadas por vaguada en Puerto Plata. Onelio Dom\u00ednguez<\/figcaption><\/figure>\n\n\n\n<p id=\"m13177-13176-13178\">Entre l\u00e1grimas, gritos de impotencia y viviendas reducidas a escombros, residentes de la comunidad de Cam\u00fa, en el distrito municipal de Y\u00e1sica, en la provincia de&nbsp;<strong>Puerto Plata,<\/strong>&nbsp;narran el drama vivido tras el desbordamiento del&nbsp;<strong>r\u00edo Cam\u00fa<\/strong>, que dej\u00f3 a decenas de familias sin hogar y con p\u00e9rdidas totales de sus pertenencias.<\/p>\n","protected":false},"excerpt":{"rendered":"<p>Perla Maciel, madre soltera residente en el kil\u00f3metro 14 de Cam\u00fa, relat\u00f3 con la voz entrecortada c\u00f3mo estuvo a punto de morir junto a sus dos hijas cuando las aguas irrumpieron violentamente en su vivienda durante la madrugada. Entre l\u00e1grimas, gritos de impotencia y viviendas reducidas a escombros, residentes de la comunidad de Cam\u00fa, en [&hellip;]<\/p>\n","protected":false},"author":2,"featured_media":6827,"comment_status":"open","ping_status":"open","sticky":false,"template":"","format":"standard","meta":{"_monsterinsights_skip_tracking":false,"_monsterinsights_sitenote_active":false,"_monsterinsights_sitenote_note":"","_monsterinsights_sitenote_category":0,"footnotes":""},"categories":[1],"tags":[],"class_list":["post-6826","post","type-post","status-publish","format-standard","has-post-thumbnail","hentry","category-uncategorized"],"aioseo_notices":[],"_links":{"self":[{"href":"https:\/\/azuaalinstante.com\/index.php\/wp-json\/wp\/v2\/posts\/6826","targetHints":{"allow":["GET"]}}],"collection":[{"href":"https:\/\/azuaalinstante.com\/index.php\/wp-json\/wp\/v2\/posts"}],"about":[{"href":"https:\/\/azuaalinstante.com\/index.php\/wp-json\/wp\/v2\/types\/post"}],"author":[{"embeddable":true,"href":"https:\/\/azuaalinstante.com\/index.php\/wp-json\/wp\/v2\/users\/2"}],"replies":[{"embeddable":true,"href":"https:\/\/azuaalinstante.com\/index.php\/wp-json\/wp\/v2\/comments?post=6826"}],"version-history":[{"count":1,"href":"https:\/\/azuaalinstante.com\/index.php\/wp-json\/wp\/v2\/posts\/6826\/revisions"}],"predecessor-version":[{"id":6828,"href":"https:\/\/azuaalinstante.com\/index.php\/wp-json\/wp\/v2\/posts\/6826\/revisions\/6828"}],"wp:featuredmedia":[{"embeddable":true,"href":"https:\/\/azuaalinstante.com\/index.php\/wp-json\/wp\/v2\/media\/6827"}],"wp:attachment":[{"href":"https:\/\/azuaalinstante.com\/index.php\/wp-json\/wp\/v2\/media?parent=6826"}],"wp:term":[{"taxonomy":"category","embeddable":true,"href":"https:\/\/azuaalinstante.com\/index.php\/wp-json\/wp\/v2\/categories?post=6826"},{"taxonomy":"post_tag","embeddable":true,"href":"https:\/\/azuaalinstante.com\/index.php\/wp-json\/wp\/v2\/tags?post=6826"}],"curies":[{"name":"wp","href":"https:\/\/api.w.org\/{rel}","templated":true}]}}