{"id":6846,"date":"2026-04-12T20:05:47","date_gmt":"2026-04-12T20:05:47","guid":{"rendered":"https:\/\/azuaalinstante.com\/?p=6846"},"modified":"2026-04-12T20:05:48","modified_gmt":"2026-04-12T20:05:48","slug":"el-dialogo-con-la-oposicion-un-mecanismo-de-pocos-resultados-utilizado-por-abinader-ante-crisis","status":"publish","type":"post","link":"https:\/\/azuaalinstante.com\/index.php\/2026\/04\/12\/el-dialogo-con-la-oposicion-un-mecanismo-de-pocos-resultados-utilizado-por-abinader-ante-crisis\/","title":{"rendered":"El di\u00e1logo con la oposici\u00f3n: Un mecanismo, de pocos resultados, utilizado por Abinader ante crisis"},"content":{"rendered":"\n<h2 class=\"wp-block-heading\">Bajo la premisa de que \u201cel Gobierno no puede solo\u201d, Abinader y su gesti\u00f3n administrativa ha promovido reuniones, consensos y acuerdos nacionales para enfrentar crisis migratorias, econ\u00f3micas y sociales que han surtido efecto en el pa\u00eds en los \u00faltimos seis a\u00f1os.<\/h2>\n\n\n\n<ul class=\"wp-block-list\">\n<li><\/li>\n<\/ul>\n\n\n\n<figure class=\"wp-block-image\"><img decoding=\"async\" src=\"https:\/\/listindiario.com\/files\/vertical_main_image\/files\/fp\/uploads\/2025\/06\/05\/68423754addee.r_d.180-622.jpeg\" alt=\"Las cuatro personas encargadas de dirigir el pa\u00eds los \u00faltimos 29 a\u00f1os estuvieron presentes en la sesi\u00f3n inicial del CES\"\/><figcaption class=\"wp-element-caption\">Las cuatro personas encargadas de dirigir el pa\u00eds los \u00faltimos 29 a\u00f1os estuvieron presentes en la sesi\u00f3n inicial del CES Jorge Mart\u00ednez <\/figcaption><\/figure>\n\n\n\n<p id=\"m67334-67333-67335\">Con una reuni\u00f3n el pr\u00f3ximo mi\u00e9rcoles con el expresidente<strong>&nbsp;Leonel Fern\u00e1ndez<\/strong>, finalizar\u00e1 este ciclo de encuentros dispuestos por<strong>&nbsp;Luis Abinader<\/strong>, en b\u00fasqueda de lograr un acuerdo nacional para enfrentar la crisis global y reducir su impacto en las familias dominicanas ante el conflicto b\u00e9lico en Medio Oriente.<\/p>\n","protected":false},"excerpt":{"rendered":"<p>Bajo la premisa de que \u201cel Gobierno no puede solo\u201d, Abinader y su gesti\u00f3n administrativa ha promovido reuniones, consensos y acuerdos nacionales para enfrentar crisis migratorias, econ\u00f3micas y sociales que han surtido efecto en el pa\u00eds en los \u00faltimos seis a\u00f1os. Con una reuni\u00f3n el pr\u00f3ximo mi\u00e9rcoles con el expresidente&nbsp;Leonel Fern\u00e1ndez, finalizar\u00e1 este ciclo de [&hellip;]<\/p>\n","protected":false},"author":2,"featured_media":6847,"comment_status":"open","ping_status":"open","sticky":false,"template":"","format":"standard","meta":{"_monsterinsights_skip_tracking":false,"_monsterinsights_sitenote_active":false,"_monsterinsights_sitenote_note":"","_monsterinsights_sitenote_category":0,"footnotes":""},"categories":[1],"tags":[],"class_list":["post-6846","post","type-post","status-publish","format-standard","has-post-thumbnail","hentry","category-uncategorized"],"aioseo_notices":[],"_links":{"self":[{"href":"https:\/\/azuaalinstante.com\/index.php\/wp-json\/wp\/v2\/posts\/6846","targetHints":{"allow":["GET"]}}],"collection":[{"href":"https:\/\/azuaalinstante.com\/index.php\/wp-json\/wp\/v2\/posts"}],"about":[{"href":"https:\/\/azuaalinstante.com\/index.php\/wp-json\/wp\/v2\/types\/post"}],"author":[{"embeddable":true,"href":"https:\/\/azuaalinstante.com\/index.php\/wp-json\/wp\/v2\/users\/2"}],"replies":[{"embeddable":true,"href":"https:\/\/azuaalinstante.com\/index.php\/wp-json\/wp\/v2\/comments?post=6846"}],"version-history":[{"count":1,"href":"https:\/\/azuaalinstante.com\/index.php\/wp-json\/wp\/v2\/posts\/6846\/revisions"}],"predecessor-version":[{"id":6848,"href":"https:\/\/azuaalinstante.com\/index.php\/wp-json\/wp\/v2\/posts\/6846\/revisions\/6848"}],"wp:featuredmedia":[{"embeddable":true,"href":"https:\/\/azuaalinstante.com\/index.php\/wp-json\/wp\/v2\/media\/6847"}],"wp:attachment":[{"href":"https:\/\/azuaalinstante.com\/index.php\/wp-json\/wp\/v2\/media?parent=6846"}],"wp:term":[{"taxonomy":"category","embeddable":true,"href":"https:\/\/azuaalinstante.com\/index.php\/wp-json\/wp\/v2\/categories?post=6846"},{"taxonomy":"post_tag","embeddable":true,"href":"https:\/\/azuaalinstante.com\/index.php\/wp-json\/wp\/v2\/tags?post=6846"}],"curies":[{"name":"wp","href":"https:\/\/api.w.org\/{rel}","templated":true}]}}