{"id":6899,"date":"2026-04-13T12:24:46","date_gmt":"2026-04-13T12:24:46","guid":{"rendered":"https:\/\/azuaalinstante.com\/?p=6899"},"modified":"2026-04-13T12:24:47","modified_gmt":"2026-04-13T12:24:47","slug":"eduardo-estrella-visita-zonas-afectadas-en-puerto-plata-y-evita-ofrecer-declaraciones-sobre-danos","status":"publish","type":"post","link":"https:\/\/azuaalinstante.com\/index.php\/2026\/04\/13\/eduardo-estrella-visita-zonas-afectadas-en-puerto-plata-y-evita-ofrecer-declaraciones-sobre-danos\/","title":{"rendered":"Eduardo Estrella visita zonas afectadas en Puerto Plata y evita ofrecer declaraciones sobre da\u00f1os"},"content":{"rendered":"\n<h2 class=\"wp-block-heading\">A pesar de la magnitud de los da\u00f1os, Estrella evit\u00f3 ofrecer declaraciones a la prensa sobre la situaci\u00f3n de las infraestructuras afectadas, incluyendo caminos vecinales y otras v\u00edas que resultaron destruidas por las inundaciones.<\/h2>\n\n\n\n<ul class=\"wp-block-list\">\n<li><\/li>\n<\/ul>\n\n\n\n<figure class=\"wp-block-image\"><img decoding=\"async\" src=\"https:\/\/listindiario.com\/files\/vertical_main_image\/uploads\/2026\/04\/12\/69dbfcbd24a6a.jpeg\" alt=\"Ministro de Obras P\u00fablicas, Eduardo Estrella, y equipo t\u00e9cnico realizan evaluaci\u00f3n de da\u00f1os causados por lluvias en Puerto Plata.\"\/><figcaption class=\"wp-element-caption\">Ministro de Obras P\u00fablicas, Eduardo Estrella, y equipo t\u00e9cnico realizan evaluaci\u00f3n de da\u00f1os causados por lluvias en Puerto Plata. Onelio Dom\u00ednguez<\/figcaption><\/figure>\n\n\n\n<p id=\"m80633-80632-80634\">El<strong>&nbsp;ministro de Obras P\u00fablicas y Comunicaciones (MOPC),&nbsp;<\/strong>Eduardo Estrella, realiz\u00f3 un recorrido por varias comunidades afectadas por las recientes lluvias en la provincia&nbsp;<strong>Puerto Plata,<\/strong>&nbsp;donde constat\u00f3 los da\u00f1os ocasionados por la crecida del<strong>&nbsp;r\u00edo Cam\u00fa,<\/strong>&nbsp;especialmente en los distritos de Cam\u00fa, Y\u00e1sica y el municipio de Villa Montellano.<\/p>\n","protected":false},"excerpt":{"rendered":"<p>A pesar de la magnitud de los da\u00f1os, Estrella evit\u00f3 ofrecer declaraciones a la prensa sobre la situaci\u00f3n de las infraestructuras afectadas, incluyendo caminos vecinales y otras v\u00edas que resultaron destruidas por las inundaciones. El&nbsp;ministro de Obras P\u00fablicas y Comunicaciones (MOPC),&nbsp;Eduardo Estrella, realiz\u00f3 un recorrido por varias comunidades afectadas por las recientes lluvias en la [&hellip;]<\/p>\n","protected":false},"author":2,"featured_media":6900,"comment_status":"open","ping_status":"open","sticky":false,"template":"","format":"standard","meta":{"_monsterinsights_skip_tracking":false,"_monsterinsights_sitenote_active":false,"_monsterinsights_sitenote_note":"","_monsterinsights_sitenote_category":0,"footnotes":""},"categories":[1],"tags":[],"class_list":["post-6899","post","type-post","status-publish","format-standard","has-post-thumbnail","hentry","category-uncategorized"],"aioseo_notices":[],"_links":{"self":[{"href":"https:\/\/azuaalinstante.com\/index.php\/wp-json\/wp\/v2\/posts\/6899","targetHints":{"allow":["GET"]}}],"collection":[{"href":"https:\/\/azuaalinstante.com\/index.php\/wp-json\/wp\/v2\/posts"}],"about":[{"href":"https:\/\/azuaalinstante.com\/index.php\/wp-json\/wp\/v2\/types\/post"}],"author":[{"embeddable":true,"href":"https:\/\/azuaalinstante.com\/index.php\/wp-json\/wp\/v2\/users\/2"}],"replies":[{"embeddable":true,"href":"https:\/\/azuaalinstante.com\/index.php\/wp-json\/wp\/v2\/comments?post=6899"}],"version-history":[{"count":1,"href":"https:\/\/azuaalinstante.com\/index.php\/wp-json\/wp\/v2\/posts\/6899\/revisions"}],"predecessor-version":[{"id":6901,"href":"https:\/\/azuaalinstante.com\/index.php\/wp-json\/wp\/v2\/posts\/6899\/revisions\/6901"}],"wp:featuredmedia":[{"embeddable":true,"href":"https:\/\/azuaalinstante.com\/index.php\/wp-json\/wp\/v2\/media\/6900"}],"wp:attachment":[{"href":"https:\/\/azuaalinstante.com\/index.php\/wp-json\/wp\/v2\/media?parent=6899"}],"wp:term":[{"taxonomy":"category","embeddable":true,"href":"https:\/\/azuaalinstante.com\/index.php\/wp-json\/wp\/v2\/categories?post=6899"},{"taxonomy":"post_tag","embeddable":true,"href":"https:\/\/azuaalinstante.com\/index.php\/wp-json\/wp\/v2\/tags?post=6899"}],"curies":[{"name":"wp","href":"https:\/\/api.w.org\/{rel}","templated":true}]}}